{"data":[{"id":"9782234071056","title":"Quartier charogne","description":"\u00ab Est-ce que notre enfance est importante pour quelqu'un d'autre que nous-m\u00eame ? C'est la question que je me suis pos\u00e9e avant d'\u00e9crire les premi\u00e8res lignes de Quartier charogne. Pourtant, une fois la premi\u00e8re phrase jet\u00e9e, le reste a suivi. Je ne voulais surtout pas faire un livre sur toute ma vie d'un coup, c'est pour \u00e7a que j'ai choisi la tranche de six \u00e0 quinze ans, de notre arriv\u00e9e rue des Mara\u00eechers dans le XXe, le quartier Charonne, jusqu'\u00e0 notre expulsion un matin de juin, quand ils nous ont jet\u00e9s sur le trottoir, ma m\u00e8re et nous, les cinq gosses, sans nulle part o\u00f9 aller. J'ai essay\u00e9 d'\u00eatre le plus franc possible, \u00e7a n'a pas \u00e9t\u00e9 toujours facile, il y a des choses qu'on pr\u00e9f\u00e9rerait garder secr\u00e8tes, d'autres qu'on aurait tendance \u00e0 romancer, on est tent\u00e9 de faire des petits arrangements avec sa m\u00e9moire. J'ai vraiment tout fait pour \u00eatre au plus pr\u00e8s de ce qui s'est pass\u00e9 pendant ces neuf ann\u00e9es. \u00bb N. A.Et c'est bien comme \u00e7a qu'il l'a \u00e9crit, ce livre, Aurousseau. Le parler brut et sans fioritures de l'ancien taulard fait revivre le gamin en culottes courtes dans le Paris populaire des ann\u00e9es 1950. Tout y est, les couleurs, les senteurs, les marchands de quatre saisons, les petits bals et l'accord\u00e9on, les f\u00eates foraines, les bars et les poivrots, les voyous et les bastons. Quartier charogne est le r\u00e9cit d'une enfance marqu\u00e9e par l'amour d'une m\u00e8re courage, l'alcool et la violence d'un p\u00e8re rat\u00e9 mais pardonn\u00e9, le basculement progressif dans la d\u00e9linquance. Quand on referme le livre, on est un peu triste, on aurait voulu que \u00e7a dure encore. On a ri (le braquage de la libraire de la place de la R\u00e9union est un morceau d'anthologie), on a pleur\u00e9, et, surtout, on s'est attach\u00e9. C'est qu'on n'est pas pr\u00e8s de les oublier, le grand Serge, la grosse Jos\u00e9e, le copain Jo, Jacky le Bordelais, Marco, Schtoro, Jojo Lezard et les autres...","authors":["Nan Aurousseau"],"category_codes":["1000000","1010000"],"visuals":{"large":"https:\/\/images.epagine.fr\/056\/9782234071056_1_75.jpg","medium":"https:\/\/images.epagine.fr\/056\/9782234071056_1_m.jpg","thumbnail":"https:\/\/images.epagine.fr\/056\/9782234071056_1_v.jpg"},"orderable":true,"show_badge":true,"formatted_price":"19,00&nbsp;\u20ac","formatted_published_date":"31 octobre 2012","publisher_availability_label":"Sur commande","short_details":"Nan Aurousseau \u2014 Stock","translator":null,"weight":260,"page_count":176,"readership":null,"editor":"Stock","price":1900,"published_date":"2012-10-30T23:00:00.000000Z","support":"Grand format","publisher_availability":1,"stock":0,"editions":[],"url":"https:\/\/quaidesbrumes.com\/ouvrage\/9782234071056\/quartier-charogne"},{"id":"9782070134885","title":"Par le feu","description":"Le 17 d\u00e9cembre 2010, Mohamed Bouazizi s'immolait par le feu.\r\nCe geste radical fut le signal d\u00e9clencheur de la R\u00e9volution de Jasmin en Tunisie. Tahar Ben Jelloun, dans une fiction br\u00e8ve, r\u00e9aliste et po\u00e9tique, reconstitue les jours qui ont pr\u00e9c\u00e9d\u00e9 ce sacrifice. Un superbe hommage aux r\u00e9volutions arabes et ces millions d'hommes et de femmes anonymes descendus dans les rues pour r\u00e9clamer libert\u00e9 et dignit\u00e9 dans leur pays.","authors":["Tahar Ben Jelloun"],"category_codes":["1000000","1010000"],"visuals":{"large":"https:\/\/images.epagine.fr\/885\/9782070134885_1_75.jpg","medium":"https:\/\/images.epagine.fr\/885\/9782070134885_1_m.jpg","thumbnail":"https:\/\/images.epagine.fr\/885\/9782070134885_1_v.jpg"},"orderable":true,"show_badge":true,"formatted_price":"8,50&nbsp;\u20ac","formatted_published_date":"6 juin 2011","publisher_availability_label":"Sur commande","short_details":"Tahar Ben Jelloun \u2014 Gallimard","translator":null,"weight":68,"page_count":49,"readership":null,"editor":"Gallimard","price":850,"published_date":"2011-06-05T22:00:00.000000Z","support":"Grand format","publisher_availability":1,"stock":0,"editions":[],"url":"https:\/\/quaidesbrumes.com\/ouvrage\/9782070134885\/par-le-feu"},{"id":"9791091633048","title":"La chute de Toulon","description":null,"authors":["Alain Leroux"],"category_codes":["1000000","1010000"],"visuals":{"large":"https:\/\/quaidesbrumes.com\/img\/book-placeholder.png","medium":"https:\/\/quaidesbrumes.com\/img\/book-placeholder.png","thumbnail":"https:\/\/quaidesbrumes.com\/img\/book-placeholder.png"},"orderable":true,"show_badge":true,"formatted_price":"12,00&nbsp;\u20ac","formatted_published_date":"1er novembre 2014","publisher_availability_label":"Sur commande","short_details":"Alain Leroux \u2014 Les Editions Du Delirium","translator":null,"weight":140,"page_count":192,"readership":null,"editor":"Les Editions Du Delirium","price":1200,"published_date":"2014-10-31T23:00:00.000000Z","support":"Grand format","publisher_availability":1,"stock":0,"editions":[],"url":"https:\/\/quaidesbrumes.com\/ouvrage\/9791091633048\/la-chute-de-toulon"},{"id":"9782352081951","title":"Les bessons de combescure","description":null,"authors":["Henry-no\u00ebl Ferraton"],"category_codes":["1000000","1010000"],"visuals":{"large":"https:\/\/images.epagine.fr\/951\/9782352081951_1_75.jpg","medium":"https:\/\/images.epagine.fr\/951\/9782352081951_1_m.jpg","thumbnail":"https:\/\/images.epagine.fr\/951\/9782352081951_1_v.jpg"},"orderable":true,"show_badge":true,"formatted_price":"17,00&nbsp;\u20ac","formatted_published_date":"23 janvier 2015","publisher_availability_label":"Sur commande","short_details":"Henry-no\u00ebl Ferraton \u2014 Bord Du Lot","translator":null,"weight":280,"page_count":null,"readership":null,"editor":"Bord Du Lot","price":1700,"published_date":"2015-01-22T23:00:00.000000Z","support":"Grand format","publisher_availability":1,"stock":0,"editions":["9782352083696"],"url":"https:\/\/quaidesbrumes.com\/ouvrage\/9782352081951\/les-bessons-de-combescure"},{"id":"9782913388734","title":"Les madones du trottoir","description":"Avoir dix-huit ans en 68, loin du Quartier latin, \u00e0 la fronti\u00e8re pascalienne de l'en-de\u00e7\u00e0 et de l'au-del\u00e0, dans une petite ville des Pyr\u00e9n\u00e9es.\r\nL'Histoire n'est pas pass\u00e9e par-l\u00e0. Dans les huit textes courts qui composent Les Madones du trottoir, l'auteur trace le portrait d'une \u00e9poque, celle de jeunes gens qui d\u00e9couvrent le plaisir interdit des premi\u00e8res Stuyvesant, carburent \u00e0 la bi\u00e8re jusqu'\u00e0 tourner de l'oeil, pr\u00e9f\u00e8rent les arri\u00e8re-salles des bars aux apr\u00e8s-midi dansantes fr\u00e9quent\u00e9es par les fils de notaires, et trouvent de la joie \u00e0 s'affronter aux gens de l'ordre","authors":["Sylvain Fourcassi\u00e9"],"category_codes":["1000000","1010000"],"visuals":{"large":"https:\/\/images.epagine.fr\/734\/9782913388734_1_75.jpg","medium":"https:\/\/images.epagine.fr\/734\/9782913388734_1_m.jpg","thumbnail":"https:\/\/images.epagine.fr\/734\/9782913388734_1_v.jpg"},"orderable":true,"show_badge":true,"formatted_price":"12,00&nbsp;\u20ac","formatted_published_date":"18 octobre 2010","publisher_availability_label":"Sur commande","short_details":"Sylvain Fourcassi\u00e9 \u2014 Cadex","translator":null,"weight":201,"page_count":null,"readership":null,"editor":"Cadex","price":1200,"published_date":"2010-10-17T22:00:00.000000Z","support":"Grand format","publisher_availability":1,"stock":0,"editions":[],"url":"https:\/\/quaidesbrumes.com\/ouvrage\/9782913388734\/les-madones-du-trottoir"},{"id":"9782931080320","title":"Mille m\u00e8res","description":"Le d\u00e9partement maternit\u00e9 d'une clinique, c'est un p\u00eale-m\u00eale de r\u00e9cits de vie. On y rencontre mille m\u00e8res, des fi\u00e8res-comme-des-paons, des presque-m\u00e8res, des d\u00e9sirantes, des abim\u00e9es, des-je-fais-de-mon-mieux, des impatientes, des courageuses, des b\u00e9b\u00e9s-m\u00e8res, des perdues, des \u00e9perdues.\r\n Dans une maternit\u00e9, la gravit\u00e9 et la l\u00e9g\u00e8ret\u00e9 se c\u00f4toient et nous font mesurer le prix de l'existence.","authors":["V\u00e9ronique Bitouz\u00e9"],"category_codes":["1000000","1010000","1010100"],"visuals":{"large":"https:\/\/images.epagine.fr\/320\/9782931080320_1_75.jpg","medium":"https:\/\/images.epagine.fr\/320\/9782931080320_1_m.jpg","thumbnail":"https:\/\/images.epagine.fr\/320\/9782931080320_1_v.jpg"},"orderable":true,"show_badge":true,"formatted_price":"18,00&nbsp;\u20ac","formatted_published_date":"4 avril 2023","publisher_availability_label":"Sur commande","short_details":"V\u00e9ronique Bitouz\u00e9 \u2014 Quadrature","translator":null,"weight":160,"page_count":134,"readership":null,"editor":"Quadrature","price":1800,"published_date":"2023-04-03T22:00:00.000000Z","support":"Grand format","publisher_availability":1,"stock":0,"editions":[],"url":"https:\/\/quaidesbrumes.com\/ouvrage\/9782931080320\/mille-meres"},{"id":"9782842682071","title":"Les pagodes d'or","description":null,"authors":["Pierre Loti"],"category_codes":["1000000","1010000"],"visuals":{"large":"https:\/\/images.epagine.fr\/071\/9782842682071_1_75.jpg","medium":"https:\/\/images.epagine.fr\/071\/9782842682071_1_m.jpg","thumbnail":"https:\/\/images.epagine.fr\/071\/9782842682071_1_v.jpg"},"orderable":true,"show_badge":true,"formatted_price":"10,00&nbsp;\u20ac","formatted_published_date":"15 d\u00e9cembre 2011","publisher_availability_label":"Sur commande","short_details":"Pierre Loti \u2014 Kailash","translator":null,"weight":84,"page_count":null,"readership":null,"editor":"Kailash","price":1000,"published_date":"2011-12-14T23:00:00.000000Z","support":"Grand format","publisher_availability":1,"stock":0,"editions":[],"url":"https:\/\/quaidesbrumes.com\/ouvrage\/9782842682071\/les-pagodes-dor"},{"id":"9782912667526","title":"Sous le crible","description":"\u00ab Une note par jour, disons. Jusqu'\u00e0 la fin de l'ann\u00e9e, par exemple. Ce n'est pas beaucoup, pas tout \u00e0 fait rien non plus. Une petite main courante, disons. Un brouillard journalier, mais o\u00f9 ne serait consign\u00e9e qu'une infime partie des \u00ab op\u00e9rations \u00e0 mesure qu'elles se font \u00bb, comme dit le dictionnaire ; ou qui ne se font pas. Crible, claie, bat\u00e9e, tr\u00e9mie, tamis - quel que soit le nom donn\u00e9 \u00e0 l'instrument, il ne pourra emp\u00eacher que p\u00e9pites et poussier, minerai et rebuts, ne soient, au bout du compte, intimement m\u00eal\u00e9s, confondus. \u00bb Sous le crible est le journal d'une ann\u00e9e dans lequel Gilles Ortlieb a consign\u00e9 tous ces petits riens que l'homme press\u00e9 ne voit pas.","authors":["Gilles Ortlieb"],"category_codes":["1000000","1010000"],"visuals":{"large":"https:\/\/images.epagine.fr\/526\/9782912667526_1_75.jpg","medium":"https:\/\/images.epagine.fr\/526\/9782912667526_1_m.jpg","thumbnail":"https:\/\/images.epagine.fr\/526\/9782912667526_1_v.jpg"},"orderable":true,"show_badge":true,"formatted_price":"12,00&nbsp;\u20ac","formatted_published_date":"4 avril 2008","publisher_availability_label":"Sur commande","short_details":"Gilles Ortlieb \u2014 \u00c9ditions Finitude","translator":null,"weight":112,"page_count":73,"readership":null,"editor":"\u00c9ditions Finitude","price":1200,"published_date":"2008-04-03T22:00:00.000000Z","support":"Grand format","publisher_availability":1,"stock":0,"editions":[],"url":"https:\/\/quaidesbrumes.com\/ouvrage\/9782912667526\/sous-le-crible"},{"id":"9782809709490","title":"Le dessin au sable","description":"Dans un Japon vieux de deux si\u00e8cles, sur la c\u00e9l\u00e8bre route du T\u00f4kaid\u00f4, l'ancienne courtisane Koto part \u00e0 la recherche d'un amant oublieux, en compagnie de sa fille Tomi. Terrass\u00e9e en chemin par la maladie, elle lui confie le dessin, saupoudr\u00e9 de sables de diverses couleurs, de son intimit\u00e9 la plus secr\u00e8te. Ce talisman devrait permettre \u00e0 la jeune fille de retrouver celui qui est son p\u00e8re.\r\nAu rythme des saisons et des cloches des petits temples de quartier, c'est toute une \u00e9poque qui nous est donn\u00e9e \u00e0 voir\u00a0: marchands enrichis qui tiennent le haut du pav\u00e9, geishas et prostitu\u00e9es, maisons qui sont de plaisir pour certains et de douleur pour d'autres, et les quartiers populaires avec leur petit peuple d\u00e9brouillard et mis\u00e9rable. Tous ces personnages se trouvent inextricablement li\u00e9s par ce dessin au sable, dans un r\u00e9cit o\u00f9 le lecteur retrouvera l'obsession du sexe et de la mort propre \u00e0 Nosaka, magnifiquement mise en sc\u00e8ne dans un genre o\u00f9 elle peut s'\u00e9panouir avec fr\u00e9n\u00e9sie\u00a0: le fantastique.","authors":["Akiyuki Nosaka"],"category_codes":["1000000","1010000"],"visuals":{"large":"https:\/\/images.epagine.fr\/490\/9782809709490_1_75.jpg","medium":"https:\/\/images.epagine.fr\/490\/9782809709490_1_m.jpg","thumbnail":"https:\/\/images.epagine.fr\/490\/9782809709490_1_v.jpg"},"orderable":true,"show_badge":true,"formatted_price":"6,00&nbsp;\u20ac","formatted_published_date":"3 octobre 2013","publisher_availability_label":"Sur commande","short_details":"Akiyuki Nosaka \u2014 \u00c9ditions Picquier","translator":"JACQUES LALLOZ","weight":118,"page_count":144,"readership":null,"editor":"\u00c9ditions Picquier","price":600,"published_date":"2013-10-02T22:00:00.000000Z","support":"Poche","publisher_availability":1,"stock":0,"editions":[],"url":"https:\/\/quaidesbrumes.com\/ouvrage\/9782809709490\/le-dessin-au-sable"},{"id":"9782911438905","title":"Remonter les rivi\u00e8res","description":"L'homme est parti et la femme, seule avec ses deux gar\u00e7ons, perd pied. C'est elle qui raconte, h\u00e9ro\u00efne borderline et narratrice jamais nomm\u00e9e avan\u00e7ant entre angoisse et rage.\r\nQuel est cet absent qui occupe plus de place que les pr\u00e9sents ? Comment contenir cette violence qui d\u00e9borde ?\r\n\u00ab Tout va si vite. Le pas est si t\u00e9nu. \u00bb.\r\n\u00ab Il est trop tard pour tout, m\u00eame pour mourir. \u00bb.\r\nElle va l\u00e2cher, tenir, d\u00e9truire, s'accrocher, se mettre en vrac, devenir insaisissable, passer les saisons et les \u00e9preuves du quotidien, se construire, comprendre...\r\nLiza Kerivel, par une \u00e9criture tendue et nerveuse, nous entra\u00eene dans le r\u00e9cit d'un vertige qui se transforme en chemin de reconqu\u00eate du vide, comme une lente remont\u00e9e du courant de la vie.","authors":["Liza Kerivel"],"category_codes":["1000000","1010000"],"visuals":{"large":"https:\/\/images.epagine.fr\/905\/9782911438905_1_75.jpg","medium":"https:\/\/images.epagine.fr\/905\/9782911438905_1_m.jpg","thumbnail":"https:\/\/images.epagine.fr\/905\/9782911438905_1_v.jpg"},"orderable":true,"show_badge":true,"formatted_price":"13,00&nbsp;\u20ac","formatted_published_date":"31 octobre 2013","publisher_availability_label":"Sur commande","short_details":"Liza Kerivel \u2014 Diabase","translator":null,"weight":144,"page_count":160,"readership":null,"editor":"Diabase","price":1300,"published_date":"2013-10-30T23:00:00.000000Z","support":"Grand format","publisher_availability":1,"stock":0,"editions":[],"url":"https:\/\/quaidesbrumes.com\/ouvrage\/9782911438905\/remonter-les-rivieres"},{"id":"9782812606298","title":"L'orange aux girofles","description":"Elles sont trois femmes, trois \u00e2ges de la vie : Pauquette, Louise et S\u00e9verine. En ce soir de No\u00ebl 1913, dans leur petit village du Sud, alors que la nuit s'annon\u00e7ait paisible, les vieilles haines se r\u00e9veillent brutalement. Rancoeurs, jalousies et chantages vont alors rythmer la vie de cette communaut\u00e9 repli\u00e9e sur elle-m\u00eame, avant que la guerre et ses d\u00e9sordres viennent remettre en cause l'ordre ancien, celui de la soumission des femmes \u00e0 la loi des hommes. Roger B\u00e9teille met en sc\u00e8ne trois destins de femmes, aussi diff\u00e9rentes que li\u00e9es par une complicit\u00e9 ind\u00e9fectible. Un beau roman d'\u00e9mancipation.","authors":["Roger B\u00e9teille"],"category_codes":["1000000","1010000"],"visuals":{"large":"https:\/\/images.epagine.fr\/298\/9782812606298_1_75.jpg","medium":"https:\/\/images.epagine.fr\/298\/9782812606298_1_m.jpg","thumbnail":"https:\/\/images.epagine.fr\/298\/9782812606298_1_v.jpg"},"orderable":true,"show_badge":true,"formatted_price":"8,00&nbsp;\u20ac","formatted_published_date":"12 mars 2014","publisher_availability_label":"Sur commande","short_details":"Roger B\u00e9teille \u2014 Rouergue","translator":null,"weight":217,"page_count":416,"readership":null,"editor":"Rouergue","price":800,"published_date":"2014-03-11T23:00:00.000000Z","support":"Poche","publisher_availability":1,"stock":0,"editions":[],"url":"https:\/\/quaidesbrumes.com\/ouvrage\/9782812606298\/lorange-aux-girofles"},{"id":"9782930538204","title":"J'ai fait mieux depuis","description":"Les personnages d'Agn\u00e8\u008fs Dumont souffrent de l'indiff\u00e9rence de leur entourage. Capables d'humour, d'autod\u00e9rision et de cynisme, certains seront aussi pr\u00eats \u00e0 tout pour un peu de reconnaissance.\r\nLi\u00e8\u008fge et sa banlieue servent de toile de fond aux quinze nouvelles de ce recueil, ancr\u00e9es dans un quotidien qui tant\u00f4t rassure et tant\u00f4t d\u00e9rape. C'est dans cette ville qu'Agn\u00e8\u008fs Dumont vit et enseigne la litt\u00e9rature. J'ai fait mieux depuis est son deuxi\u00e8\u008fme recueil.","authors":["Agn\u00e8s Dumont"],"category_codes":["1000000","1010000"],"visuals":{"large":"https:\/\/images.epagine.fr\/204\/9782930538204_1_75.jpg","medium":"https:\/\/images.epagine.fr\/204\/9782930538204_1_m.jpg","thumbnail":"https:\/\/images.epagine.fr\/204\/9782930538204_1_v.jpg"},"orderable":true,"show_badge":true,"formatted_price":"15,00&nbsp;\u20ac","formatted_published_date":"14 novembre 2011","publisher_availability_label":"Sur commande","short_details":"Agn\u00e8s Dumont \u2014 Quadrature","translator":null,"weight":400,"page_count":121,"readership":null,"editor":"Quadrature","price":1500,"published_date":"2011-11-13T23:00:00.000000Z","support":"Grand format","publisher_availability":1,"stock":0,"editions":[],"url":"https:\/\/quaidesbrumes.com\/ouvrage\/9782930538204\/jai-fait-mieux-depuis"},{"id":"9782373730227","title":"Folles journ\u00e9es","description":"Les Romanciers Nantais sont de retour ! Apr\u00e8s s'\u00eatre en 2015 associ\u00e9s au Voyage \u00e0 Nantes, la c\u00e9l\u00e8bre manifestation estivale de la m\u00e9tropole de l'Ouest, pour publier leur recueil Nantes voyage, ils s'associent aujourd'hui \u00e0 La Folle Journ\u00e9e, l'autre grand \u00e9v\u00e8nement annuel rythmant la vie nantaise, pour publier sous le titre Folles journ\u00e9es un nouveau recueil collectif de nouvelles.\r\nFolle journ\u00e9e, journ\u00e9e folle : les vingt auteurs s'\u00e9tant lanc\u00e9s dans l'aventure d\u00e9clinent le th\u00e8me chacun \u00e0 sa mani\u00e8re - po\u00e9tique, r\u00e9aliste, fantastique, humoristique ou romantique -, produisant une oeuvre litt\u00e9raire polyphonique o\u00f9 tous, amateurs de musique classique ou pas, trouveront amplement mati\u00e8re \u00e0 vibrer, rire et s'\u00e9mouvoir, successivement ou simultan\u00e9ment.\r\nUn livre qui refl\u00e8te la richesse de la vie litt\u00e9raire nantaise et o\u00f9 lectrices et lecteurs sont invit\u00e9s \u00e0 entrer, comme spectatrices et spectateurs entrent dans le grand hall de la Cit\u00e9 des Congr\u00e8s de Nantes lors de la Folle Journ\u00e9e : l'esprit ouvert, pr\u00eats \u00e0 la d\u00e9couverte de talents vari\u00e9s r\u00e9unis autour d'un th\u00e8me et mus par une m\u00eame passion. Qui a dit que les \u00e9crivains \u00e9taient d\u00e9nu\u00e9s d'esprit collectif ?\r\n \r\nNouvelles de (par ordre alphab\u00e9tique des pr\u00e9noms) :\r\nAlain-Pierre Daguin, Antoine George, B\u00e9n\u00e9dicte Le Gu\u00e9rinel, Daniel Braud, Didier San Martin, Fabienne Thomas, G\u00e9rard Guillet, Herv\u00e9 Huguen, Jacky Blandeau, Jean Duby, Jean P\u00e9zennec, Josy Malet-Praud, Pascal Pratz, Philippe Ayraud, Pierre Bussi\u00e8re, Sophie Vuillemin, St\u00e9phane Pajot, Sylvie Beauget, Th\u00e9r\u00e8se Andr\u00e9-Abdelaziz, Yannick Guilbaud.","authors":["Les Romanciers Nantais"],"category_codes":["1000000","1010000","1010100"],"visuals":{"large":"https:\/\/images.epagine.fr\/227\/9782373730227_1_75.jpg","medium":"https:\/\/images.epagine.fr\/227\/9782373730227_1_m.jpg","thumbnail":"https:\/\/images.epagine.fr\/227\/9782373730227_1_v.jpg"},"orderable":true,"show_badge":true,"formatted_price":"15,00&nbsp;\u20ac","formatted_published_date":"2 janvier 2017","publisher_availability_label":"Sur commande","short_details":"Les Romanciers Nantais \u2014 P'Tit Louis","translator":null,"weight":300,"page_count":224,"readership":null,"editor":"P'Tit Louis","price":1500,"published_date":"2017-01-01T23:00:00.000000Z","support":"Grand format","publisher_availability":1,"stock":0,"editions":[],"url":"https:\/\/quaidesbrumes.com\/ouvrage\/9782373730227\/folles-journees"},{"id":"9782844858900","title":"Dans les avions, l'horizon n'existe pas","description":"112 chapitres qui se lisent comme des nouvelles ind\u00e9pendantes ou li\u00e9es avec des personnages fictifs ou r\u00e9els.","authors":["Agust\u00edn Fern\u00e1ndez mallo","Gabrielle L\u00e9crivain"],"category_codes":["1000000","1010000"],"visuals":{"large":"https:\/\/images.epagine.fr\/900\/9782844858900_1_75.jpg","medium":"https:\/\/images.epagine.fr\/900\/9782844858900_1_m.jpg","thumbnail":"https:\/\/images.epagine.fr\/900\/9782844858900_1_v.jpg"},"orderable":true,"show_badge":true,"formatted_price":"12,00&nbsp;\u20ac","formatted_published_date":"21 ao\u00fbt 2014","publisher_availability_label":"Sur commande","short_details":"Agust\u00edn Fern\u00e1ndez mallo, Gabrielle L\u00e9crivain \u2014 \u00c9ditions Allia","translator":"GABRIELLE LECRIVAIN","weight":240,"page_count":224,"readership":null,"editor":"\u00c9ditions Allia","price":1200,"published_date":"2014-08-20T22:00:00.000000Z","support":"Grand format","publisher_availability":1,"stock":0,"editions":[],"url":"https:\/\/quaidesbrumes.com\/ouvrage\/9782844858900\/dans-les-avions-lhorizon-nexiste-pas"},{"id":"9782874497322","title":"Mandelbaum ou le r\u00eave d'Auschwitz","description":"La vie de St\u00e9phane Mandelbaum est un myst\u00e8re que tente de percer Gilles Sebhan dans ce nouveau roman. Mandelbaum, apr\u00e8s de fulgurants d\u00e9buts sur la sc\u00e8ne artistique belge, fut retrouv\u00e9, \u00e0 25 ans, assassin\u00e9 par balle et d\u00e9figur\u00e9 par l'acide, apr\u00e8s le vol d'un Modigliani.\r\nDans ce r\u00e9cit se m\u00ealent la v\u00e9rit\u00e9 des faits (Gilles Sebhan a rencontr\u00e9 les ma\u00eetresses, les amis, la famille du peintre) et une grande po\u00e9sie. Et l'auteur fait rentrer ce peintre \u00e0 la vie trop br\u00e8ve dans le panth\u00e9on d'artistes tels que Bacon, Basquiat, Pasolini ou Rimbaud.","authors":["Gilles Sebhan"],"category_codes":["1000000","1010000"],"visuals":{"large":"https:\/\/images.epagine.fr\/322\/9782874497322_1_75.jpg","medium":"https:\/\/images.epagine.fr\/322\/9782874497322_1_m.jpg","thumbnail":"https:\/\/images.epagine.fr\/322\/9782874497322_1_v.jpg"},"orderable":true,"show_badge":true,"formatted_price":"15,00&nbsp;\u20ac","formatted_published_date":"12 juin 2019","publisher_availability_label":"Sur commande","short_details":"Gilles Sebhan \u2014 IMPRESSIONS NOUVELLES","translator":null,"weight":246,"page_count":184,"readership":null,"editor":"IMPRESSIONS NOUVELLES","price":1500,"published_date":"2019-06-11T22:00:00.000000Z","support":"Grand format","publisher_availability":1,"stock":0,"editions":[],"url":"https:\/\/quaidesbrumes.com\/ouvrage\/9782874497322\/mandelbaum-ou-le-reve-dauschwitz"},{"id":"9782864326861","title":"Federico ! Federico !","description":"D\u00e9couvrez Federico ! Federico !, le livre de Fran\u00e7ois Garcia. Octobre 56. Tandis qu'on f\u00eate le mariage d'Alfred et Marinette, les deux commis de l'alimentation g\u00e9n\u00e9rale Lorca - \u00e9picerie fine, l\u00e9gumes secs, produits d'Espagne, d\u00e9tail et demi-gros - dans la grande salle des Combattants \u00e0 Bordeaux, Karim, jeune Alg\u00e9rien nouvellement exil\u00e9, attend le Kabyle - son unique contact qu'il ne conna\u00eet pas. Plus tard, son destin croisera bri\u00e8vement celui de Maxime, l'\u00e9tudiant anticolonialiste appel\u00e9 sur le th\u00e9\u00e2tre des op\u00e9rations \u00e0 combattre le FLN et les ind\u00e9pendantistes. Dans une alternance de sc\u00e8nes burlesques et dramatiques, le jeune Federico, l'enfant r\u00e9citant de la famille Lorca, fait son apprentissage : il est le t\u00e9moin de cette France qui aspire \u00e0 la modernit\u00e9 en m\u00eame temps qu'elle se trouve confront\u00e9e \u00e0 la trag\u00e9die de la guerre. Le romancier, qui nous donne \u00e0 voir un reflet \u00e9clat\u00e9 et tr\u00e8s diversifi\u00e9 de cette p\u00e9riode troubl\u00e9e, \u00e9voque avec finesse le d\u00e9chirement des consciences autant que la vitalit\u00e9 et l'all\u00e9gresse qui r\u00e8gnent dans la petite soci\u00e9t\u00e9 des commer\u00e7ants de la Halle. Le style, construit sur une oralit\u00e9 subtilement travaill\u00e9e, donne \u00e0 ce roman un ton vivant et un caract\u00e8re tr\u00e8s singulier.","authors":["Fran\u00e7ois Garcia"],"category_codes":["1000000","1010000"],"visuals":{"large":"https:\/\/images.epagine.fr\/861\/9782864326861_1_75.jpg","medium":"https:\/\/images.epagine.fr\/861\/9782864326861_1_m.jpg","thumbnail":"https:\/\/images.epagine.fr\/861\/9782864326861_1_v.jpg"},"orderable":true,"show_badge":true,"formatted_price":"16,00&nbsp;\u20ac","formatted_published_date":"7 mai 2012","publisher_availability_label":"Sur commande","short_details":"Fran\u00e7ois Garcia \u2014 \u00c9ditions Verdier","translator":null,"weight":358,"page_count":288,"readership":null,"editor":"\u00c9ditions Verdier","price":1600,"published_date":"2012-05-06T22:00:00.000000Z","support":"Grand format","publisher_availability":1,"stock":0,"editions":[],"url":"https:\/\/quaidesbrumes.com\/ouvrage\/9782864326861\/federico-federico"},{"id":"9791094719015","title":"Gordeak - l oeil de tartaro","description":null,"authors":["Martine Bouchet"],"category_codes":["1000000","1010000"],"visuals":{"large":"https:\/\/images.epagine.fr\/015\/9791094719015_1_75.jpg","medium":"https:\/\/images.epagine.fr\/015\/9791094719015_1_m.jpg","thumbnail":"https:\/\/images.epagine.fr\/015\/9791094719015_1_v.jpg"},"orderable":true,"show_badge":true,"formatted_price":"16,00&nbsp;\u20ac","formatted_published_date":"2 mai 2016","publisher_availability_label":"Sur commande","short_details":"Martine Bouchet \u2014 Elkar","translator":null,"weight":400,"page_count":null,"readership":null,"editor":"Elkar","price":1600,"published_date":"2016-05-01T22:00:00.000000Z","support":"Grand format","publisher_availability":1,"stock":0,"editions":[],"url":"https:\/\/quaidesbrumes.com\/ouvrage\/9791094719015\/gordeak-l-oeil-de-tartaro"},{"id":"9782959968037","title":"Tant mieux si je tombe","description":"\" Les fleurs blanches et r\u00e9vuls\u00e9es de l'art fleurissent en puisant dans la raison\".\r\n\r\nLucille a d\u00e9cid\u00e9 de tout quitter : Marseille, sa famille et son enfance. Elle \u00e9choue \u00e0 Nancy ; elle s'y r\u00eave sauv\u00e9e. Malgr\u00e9 une vie bien rang\u00e9e, Lucille veut tout bousculer.\r\nM\u00e8re, \u00e9pouse, elle souhaiterait se lib\u00e9rer du sacerdoce de la femme sans avoir \u00e0 en souffrir. Elle se jette alors \u00e0 corps perdu dans la sculpture de ses obsessions chaotiques. Cette jouissance cr\u00e9atrice lui redonne un semblant d'\u00e9quilibre. Peu \u00e0 peu, elle abandonne tout, au risque de chavirer. \r\n\r\n\" Cette nuit, je dis adieu \u00e0 une moiti\u00e9 de moi-m\u00eame. Qui d\u00e9riva au large, en silence \".\r\n\r\nTANT MIEUX SI JE TOMBE se lit comme un puzzle en phase d'assemblage, dont la finition n'apaise pas le lecteur. \r\nUne \u00e9criture hallucinante, foisonnante d'images et de jeux de couleurs.","authors":["Anne Calife"],"category_codes":["1000000","1010000"],"visuals":{"large":"https:\/\/images.epagine.fr\/037\/9782959968037_1_75.jpg","medium":"https:\/\/images.epagine.fr\/037\/9782959968037_1_m.jpg","thumbnail":"https:\/\/images.epagine.fr\/037\/9782959968037_1_v.jpg"},"orderable":true,"show_badge":true,"formatted_price":"19,00&nbsp;\u20ac","formatted_published_date":"1er novembre 2012","publisher_availability_label":"Sur commande","short_details":"Anne Calife \u2014 The Menthol House","translator":null,"weight":276,"page_count":196,"readership":null,"editor":"The Menthol House","price":1900,"published_date":"2012-10-31T23:00:00.000000Z","support":"Grand format","publisher_availability":1,"stock":0,"editions":[],"url":"https:\/\/quaidesbrumes.com\/ouvrage\/9782959968037\/tant-mieux-si-je-tombe"},{"id":"9782930538129","title":"Un d\u00e9 en acajou a disparu","description":"L'auteur est \u00e9conomiste. Il abandonne quelques instants les comptes \u00e9conomiques  pour nous raconter d'autres contes ou, plus exactement, de courtes nouvelles.  A la base, une id\u00e9e : une th\u00e9orie, une loi ou un principe qu'il fait passer par le prisme de son imagination afin de cr\u00e9er des histoires sur des trames polici\u00e8res, romanesques, dramatiques ou comiques. En tentant de divertir son lecteur, l'auteur veut montrer que l'\u00e9conomie se prend parfois trop au s\u00e9rieux et se d\u00e9tache de ce qui fait le propre de l'homme et de la vie.","authors":["Christian Ost"],"category_codes":["1000000","1010000"],"visuals":{"large":"https:\/\/images.epagine.fr\/129\/9782930538129_1_75.jpg","medium":"https:\/\/images.epagine.fr\/129\/9782930538129_1_m.jpg","thumbnail":"https:\/\/images.epagine.fr\/129\/9782930538129_1_v.jpg"},"orderable":true,"show_badge":true,"formatted_price":"15,00&nbsp;\u20ac","formatted_published_date":"28 janvier 2011","publisher_availability_label":"Sur commande","short_details":"Christian Ost \u2014 Quadrature","translator":null,"weight":175,"page_count":119,"readership":null,"editor":"Quadrature","price":1500,"published_date":"2011-01-27T23:00:00.000000Z","support":"Grand format","publisher_availability":1,"stock":0,"editions":[],"url":"https:\/\/quaidesbrumes.com\/ouvrage\/9782930538129\/un-de-en-acajou-a-disparu"},{"id":"9782812919947","title":"La cabane du berger","description":"Leur premi\u00e8re rencontre s'est sold\u00e9e par une monumentale dispute. Antonia parcourt la r\u00e9gion \u00e0 cheval pour convaincre les paysans d'accepter la construction d'un canal qui assainira les mar\u00e9cages. Jentout, lui, est un jeune berger \u00e9chassier, fier et reniant tout modernisme. Fid\u00e8les \u00e0 l'h\u00e9ritage familial et aux convictions qui leur ont \u00e9t\u00e9 inculqu\u00e9es, tout les oppose... mais ils vont finir par s'appr\u00e9cier, jusqu'\u00e0 s'aimer.","authors":["Bernard Duporge"],"category_codes":["1000000","1010000"],"visuals":{"large":"https:\/\/images.epagine.fr\/947\/9782812919947_1_75.jpg","medium":"https:\/\/images.epagine.fr\/947\/9782812919947_1_m.jpg","thumbnail":"https:\/\/images.epagine.fr\/947\/9782812919947_1_v.jpg"},"orderable":true,"show_badge":true,"formatted_price":"7,50&nbsp;\u20ac","formatted_published_date":"25 ao\u00fbt 2016","publisher_availability_label":"Sur commande","short_details":"Bernard Duporge \u2014 De Bor\u00e9e","translator":null,"weight":222,"page_count":432,"readership":null,"editor":"De Bor\u00e9e","price":750,"published_date":"2016-08-24T22:00:00.000000Z","support":"Poche","publisher_availability":1,"stock":0,"editions":[],"url":"https:\/\/quaidesbrumes.com\/ouvrage\/9782812919947\/la-cabane-du-berger"},{"id":"9782226218513","title":"La nuit de Lampedusa","description":"En juin 1799 \u00e0 Paris, Jeanne, 18 ans, assiste \u00e0 l'enterrement du Chevalier de Saint-George dont elle vient de se d\u00e9couvrir enceinte. Un appel au secours du G\u00e9n\u00e9ral Dumas, emprisonn\u00e9 en Sicile, aurait du parvenir au chevalier, apport\u00e9 par un cavalier qui n'a pu s'acquitter de sa mission. Jeanne et les deux fr\u00e8res d'armes du Chevalier, acquitteront cette dette d'honneur au prix d'aventures rocambolesques et en d\u00e9pit du mal\u00e9fique Mac, invraisemblable Ubu noir. Au m\u00eame moment, Bonaparte p\u00e9n\u00e8tre au Caire \u00e0 la t\u00eate d'une arm\u00e9e d\u00e9faite. Malgr\u00e9 sa folle passion pour Pauline Four\u00e8s, il ne r\u00eave que de rentrer \u00e0 Paris renverser le Directoire. Pour cela, il lui faudrait une victoire, mais ce sera Aboukir... Dans la nuit du 21 au 22 septembre, au large de l'\u00eele de Lampedusa, Bonaparte et Jeanne se croiseront. Et le jeune g\u00e9n\u00e9ral en deviendra obs\u00e9d\u00e9 au point de mettre en p\u00e9ril son coup d'Etat du 18 brumaire.","authors":["Daniel Picouly"],"category_codes":["1000000","1010000"],"visuals":{"large":"https:\/\/images.epagine.fr\/513\/9782226218513_1_75.jpg","medium":"https:\/\/images.epagine.fr\/513\/9782226218513_1_m.jpg","thumbnail":"https:\/\/images.epagine.fr\/513\/9782226218513_1_v.jpg"},"orderable":true,"show_badge":true,"formatted_price":"22,80&nbsp;\u20ac","formatted_published_date":"2 mars 2011","publisher_availability_label":"Sur commande","short_details":"Daniel Picouly \u2014 Albin Michel","translator":null,"weight":610,"page_count":496,"readership":null,"editor":"Albin Michel","price":2280,"published_date":"2011-03-01T23:00:00.000000Z","support":"Grand format","publisher_availability":1,"stock":0,"editions":[],"url":"https:\/\/quaidesbrumes.com\/ouvrage\/9782226218513\/la-nuit-de-lampedusa"},{"id":"9782364180123","title":"Le pays que je te ferai voir","description":"\u00c0 l'\u00e2ge des bilans, Louise entreprend de faire la v\u00e9rit\u00e9 sur la mort de son p\u00e8re qu'elle n'a jamais connu. Adjudant incorpor\u00e9 dans un Goum marocain, il est officiellement mort au cours d'une op\u00e9ration en Indochine. Louise n'y a jamais vraiment cru. Ayant trouv\u00e9 la piste d'un ancien goumier, elle part au Maroc en qu\u00eate d'une explication d\u00e9finitive. Mais les histoires se brouillent. Celui dont on lui parle est-il son p\u00e8re ? Et qui est cette femme marocaine avec qui il aurait eu une liaison ? Louise parcourt le Maroc - un Maroc p\u00e9tri de couleurs, d'odeurs et de saveurs, o\u00f9 la chaleur le dispute \u00e0 la pluie, le sable \u00e0 la boue - sur les traces d'un fant\u00f4me. Car pour ce qui est de la r\u00e9alit\u00e9 pr\u00e9sente, c'est celle des immigrants clandestins qu'il lui faut affronter. Celle des disparus en mer. Les fils m\u00eame des anciens goumiers qui laissent derri\u00e8re eux des orphelins. Le voyage de Louise est jalonn\u00e9 de d\u00e9couvertes, de surprises et d'\u00e9motions. Quel est donc ce pays que le destin s'obstine \u00e0 essayer de lui faire voir ?","authors":["Michel S\u00e9onnet"],"category_codes":["1000000","1010000"],"visuals":{"large":"https:\/\/images.epagine.fr\/123\/9782364180123_1_75.jpg","medium":"https:\/\/images.epagine.fr\/123\/9782364180123_1_m.jpg","thumbnail":"https:\/\/images.epagine.fr\/123\/9782364180123_1_v.jpg"},"orderable":true,"show_badge":true,"formatted_price":"15,00&nbsp;\u20ac","formatted_published_date":"6 octobre 2014","publisher_availability_label":"Sur commande","short_details":"Michel S\u00e9onnet \u2014 L'Amourier","translator":null,"weight":195,"page_count":150,"readership":null,"editor":"L'Amourier","price":1500,"published_date":"2014-10-05T22:00:00.000000Z","support":"Grand format","publisher_availability":1,"stock":0,"editions":[],"url":"https:\/\/quaidesbrumes.com\/ouvrage\/9782364180123\/le-pays-que-je-te-ferai-voir"},{"id":"9782930538389","title":"La vie en crue","description":"Elle est parfois bien curieuse la premi\u008fre exp\u00e9rience de l'amour. Un paysage, un bruit, une odeur, une couleur, une chaleur, un tableau, une musique, un mot, une silhouette, un regard, un sourire, un visage... Le bruit parfait d'une vague par vent d'est, le chant des oiseaux - l'aube, le souffle accord\u00e9 de deux amis qui marchent sur un sentier escarp\u00e9, l'horizon - nouveau derri\u008fre un col... Et l'on cesse comme par miracle d'\u00ea\u0090tre pr\u00e9occup\u00e9 par soi. Tout \u00e0 coup, c'est la possibilit\u00e9 d'un commencement, d'une esp\u00e9rance. Que savons-nous de ce qui \"meut le Soleil et les autres \u00e9toiles\", comme l'\u00e9crivait Dante ? \r\nPourquoi elle, pourquoi lui ? Nul ne peut r\u00e9pondre \u00e0 cela. Que sommes-nous face \u00e0 la mar\u00e9e des sentiments ? Pas grand-chose. Une brindille, un f\u00e9tu... c'est la vie en crue.","authors":["Jean-claude Garrigues"],"category_codes":["1000000","1010000"],"visuals":{"large":"https:\/\/images.epagine.fr\/389\/9782930538389_1_75.jpg","medium":"https:\/\/images.epagine.fr\/389\/9782930538389_1_m.jpg","thumbnail":"https:\/\/images.epagine.fr\/389\/9782930538389_1_v.jpg"},"orderable":true,"show_badge":true,"formatted_price":"15,00&nbsp;\u20ac","formatted_published_date":"7 novembre 2013","publisher_availability_label":"Sur commande","short_details":"Jean-claude Garrigues \u2014 Quadrature","translator":null,"weight":400,"page_count":106,"readership":null,"editor":"Quadrature","price":1500,"published_date":"2013-11-06T23:00:00.000000Z","support":"Grand format","publisher_availability":1,"stock":0,"editions":[],"url":"https:\/\/quaidesbrumes.com\/ouvrage\/9782930538389\/la-vie-en-crue"},{"id":"9782358480376","title":"Le taquet","description":"Le Taquet se compose de huit r\u00e9cits qui se lisent comme un roman. C'est une plong\u00e9e dans le cr\u00e2ne et le quotidien de personnages ordinaires de la Russie actuelle. \u00c0 commencer par l'auteur lui-m\u00eame, lorsque, sous les drapeaux, il mangeait du chien. Peu d\u00e9peignent nos temps modernes avec autant d'acuit\u00e9 et de dr\u00f4lerie que cet h\u00e9ritier de Tchekhov ou de Jack London.","authors":["Grichkovets\/Evgueni","Stephane A. Dudoignon"],"category_codes":["1000000","1010000"],"visuals":{"large":"https:\/\/images.epagine.fr\/376\/9782358480376_1_75.jpg","medium":"https:\/\/images.epagine.fr\/376\/9782358480376_1_m.jpg","thumbnail":"https:\/\/images.epagine.fr\/376\/9782358480376_1_v.jpg"},"orderable":true,"show_badge":true,"formatted_price":"19,00&nbsp;\u20ac","formatted_published_date":"18 avril 2013","publisher_availability_label":"Sur commande","short_details":"Grichkovets\/Evgueni, Stephane A. Dudoignon \u2014 BLEU AUTOUR","translator":"STEPHANE A. DUDOIGNON","weight":314,"page_count":240,"readership":null,"editor":"BLEU AUTOUR","price":1900,"published_date":"2013-04-17T22:00:00.000000Z","support":"Grand format","publisher_availability":1,"stock":0,"editions":[],"url":"https:\/\/quaidesbrumes.com\/ouvrage\/9782358480376\/le-taquet"}]}