{"data":[{"id":"9782070197842","title":"Le venin du papillon","description":"Pendant une ann\u00e9e de sa vie, Xu\u00e2n caracole \u00e0 travers une adolescence qui s'ach\u00e8ve en acc\u00e9l\u00e9r\u00e9, sur fond d'\u00e8re postcoloniale fran\u00e7aise et de guerre am\u00e9ricaine, dans un pays non nomm\u00e9 qui pourrait \u00eatre le Vietnam. Ba, son p\u00e8re, est un officier militaire excentrique. Sa m\u00e8re, Mae, exerce les m\u00e9tiers les plus improbables afin de joindre les deux bouts. Pr\u00e9occup\u00e9e par ses seins trop petits, Xu\u00e2n l'est \u00e9galement par les positions yogiques et politiques de Ba, l'animisme de sa m\u00e8re, le d\u00e9compte quotidien des morts de la guerre et le climat urbain explosif. Elle est initi\u00e9e au sexe par Edgar, un \u00e9narque membre des services de renseignement fran\u00e7ais, et se joint \u00e0 une bande incontr\u00f4lable qui s'adonne aux rod\u00e9os \u00e0 moto dans la ville et \u00e0 tous les exc\u00e8s : drogue, alcool, sexualit\u00e9 d\u00e9brid\u00e9e.\r\nLoin du climat nostalgique propre aux r\u00e9miniscences de la jeunesse enfuie, le ton \u00e0 la fois caustique et sensuel, tr\u00e8s tonique du r\u00e9cit le rend particuli\u00e8rement attachant. Chez Anna Mo\u00ef la jeunesse a raison de tout, m\u00eame des d\u00e9sastres historiques et des trag\u00e9dies guerri\u00e8res.","authors":["Anna Mo\u00ef"],"category_codes":["1000000","1010000"],"visuals":{"large":"https:\/\/images.epagine.fr\/842\/9782070197842_1_75.jpg","medium":"https:\/\/images.epagine.fr\/842\/9782070197842_1_m.jpg","thumbnail":"https:\/\/images.epagine.fr\/842\/9782070197842_1_v.jpg"},"orderable":true,"show_badge":true,"formatted_price":"19,50&nbsp;\u20ac","formatted_published_date":"9 f\u00e9vrier 2017","publisher_availability_label":"Sur commande","short_details":"Anna Mo\u00ef \u2014 Gallimard","translator":null,"weight":302,"page_count":304,"readership":null,"editor":"Gallimard","price":1950,"published_date":"2017-02-08T23:00:00.000000Z","support":"Grand format","publisher_availability":1,"stock":0,"editions":[],"url":"https:\/\/quaidesbrumes.com\/ouvrage\/9782070197842\/le-venin-du-papillon"},{"id":"9791031904771","title":"Lundi ou mardi","description":null,"authors":["Virginia Woolf","Pierre Guglielmina"],"category_codes":["1000000","1010000","1010100"],"visuals":{"large":"https:\/\/quaidesbrumes.com\/img\/book-placeholder.png","medium":"https:\/\/quaidesbrumes.com\/img\/book-placeholder.png","thumbnail":"https:\/\/quaidesbrumes.com\/img\/book-placeholder.png"},"orderable":false,"show_badge":true,"formatted_price":"15,00&nbsp;\u20ac","formatted_published_date":"6 mai 2026","publisher_availability_label":"\u00c0 para\u00eetre","short_details":"Virginia Woolf, Pierre Guglielmina \u2014 \u00c9ditions de l'Herne","translator":"PIERRE GUGLIELMINA","weight":148,"page_count":128,"readership":null,"editor":"\u00c9ditions de l'Herne","price":1500,"published_date":"2026-05-05T22:00:00.000000Z","support":"Grand format","publisher_availability":2,"stock":0,"editions":[],"url":"https:\/\/quaidesbrumes.com\/ouvrage\/9791031904771\/lundi-ou-mardi"},{"id":"9782070743056","title":"Charognards sans plumes","description":"\u00abAlfredo, oubli\u00e9, s'approcha une fois de plus du bar. \"Il faut que je danse\", se dit-il. C'\u00e9tait d\u00e9sormais une question d'ordre moral. Tout en avalant son cinqui\u00e8me verre de rhum, il chercha vainement sa soeur parmi la foule. Son regard croisa celui de deux hommes qui examinaient les jeunes filles avec sensualit\u00e9, et il se sentit soudain en proie \u00e0 un tourbillon de pens\u00e9es lucides et lancinantes. \"Que pouvait bien faire un gar\u00e7on de vingt-cinq ans, comme lui, dans une r\u00e9union d'adolescents\u00a0?\" Il avait pass\u00e9 l'\u00e2ge o\u00f9 l'on s'abrite \u00e0 l'ombre des jeunes filles en fleurs. Cette r\u00e9flexion en entra\u00eena d'autres, plus r\u00e9confortantes, et il jeta un coup d'oeil autour de lui pour essayer de d\u00e9nicher une jeune fille plus \u00e2g\u00e9e, qui ne se laisserait pas intimider ni par ses fa\u00e7ons ni par son s\u00e9rieux.\u00bb","authors":["Julio ramon Ribeyro"],"category_codes":["1000000","1010000"],"visuals":{"large":"https:\/\/images.epagine.fr\/056\/9782070743056_1_75.jpg","medium":"https:\/\/images.epagine.fr\/056\/9782070743056_1_m.jpg","thumbnail":"https:\/\/images.epagine.fr\/056\/9782070743056_1_v.jpg"},"orderable":true,"show_badge":true,"formatted_price":"8,70&nbsp;\u20ac","formatted_published_date":"22 septembre 1995","publisher_availability_label":"Sur commande","short_details":"Julio ramon Ribeyro \u2014 Gallimard","translator":null,"weight":187,"page_count":208,"readership":null,"editor":"Gallimard","price":870,"published_date":"1995-09-21T22:00:00.000000Z","support":"Grand format","publisher_availability":1,"stock":0,"editions":[],"url":"https:\/\/quaidesbrumes.com\/ouvrage\/9782070743056\/charognards-sans-plumes"},{"id":"9782875680808","title":"La passion savinsen","description":"Le froid tombe tr\u00e8s t\u00f4t en cet automne 1941. Dans la grande maison de Norhogne r\u00e9quisitionn\u00e9e par les Allemands, Jeanne est peu \u00e0 peu gagn\u00e9e par un sentiment troublant.\r\nLa r\u00e9surgence de souvenirs enfouis, la rencontre avec l'officier qui commande la compagnie, vont la pr\u00e9cipiter, comme malgr\u00e9 elle, dans une passion \u00e9trange qui se doublera du d\u00e9sir d'\u00e9prouver jusqu'au bout ce que fut le secret amour de sa m\u00e8re. De cette liaison interdite, Fran\u00e7ois Emmanuel \u00e9tablit la chronologie fascin\u00e9e, au long des cinq mois de l'hiver 41-42. R\u00e9cit hant\u00e9 de m\u00e9moire, le texte saisit les trois destins de la lign\u00e9e des Savinsen jusqu'au lieu de leur embrasement.\r","authors":["Fran\u00e7ois Emmanuel"],"category_codes":["1000000","1010000"],"visuals":{"large":"https:\/\/images.epagine.fr\/808\/9782875680808_1_75.jpg","medium":"https:\/\/images.epagine.fr\/808\/9782875680808_1_m.jpg","thumbnail":"https:\/\/images.epagine.fr\/808\/9782875680808_1_v.jpg"},"orderable":true,"show_badge":true,"formatted_price":"8,50&nbsp;\u20ac","formatted_published_date":"3 mars 2016","publisher_availability_label":"Sur commande","short_details":"Fran\u00e7ois Emmanuel \u2014 Espace Nord","translator":null,"weight":182,"page_count":188,"readership":null,"editor":"Espace Nord","price":850,"published_date":"2016-03-02T23:00:00.000000Z","support":"Poche","publisher_availability":1,"stock":0,"editions":["9782234050075"],"url":"https:\/\/quaidesbrumes.com\/ouvrage\/9782875680808\/la-passion-savinsen"},{"id":"9789954167540","title":"La liste","description":" Ce livre est l'histoire crois\u00e9e de Fatima et Bouchta, aux personnalit\u00e9s complexes et attachantes. Fatima, femme forte, illettr\u00e9e, intelligente, sinc\u00e8re et rus\u00e9e se bat pour installer sa famille dans un logement d\u00e9cent, hors du bidonville. Bouchta, l'architecte du projet de relogement, est partag\u00e9 entre ses d\u00e9sirs, ses amours et ses ambitions mais il sera vite rattrap\u00e9 par ses origines sociales. \u00a9\u00e9ditions Le Fennec\r\n","authors":["Na\u00efma Lahbil Tagemouati"],"category_codes":["1000000","1010000"],"visuals":{"large":"https:\/\/images.epagine.fr\/540\/9789954167540_1_75.jpg","medium":"https:\/\/images.epagine.fr\/540\/9789954167540_1_m.jpg","thumbnail":"https:\/\/images.epagine.fr\/540\/9789954167540_1_v.jpg"},"orderable":true,"show_badge":true,"formatted_price":"16,00&nbsp;\u20ac","formatted_published_date":"1er janvier 2017","publisher_availability_label":"Sur commande","short_details":"Na\u00efma Lahbil Tagemouati \u2014 Le Fennec","translator":null,"weight":300,"page_count":264,"readership":null,"editor":"Le Fennec","price":1600,"published_date":"2016-12-31T23:00:00.000000Z","support":"Grand format","publisher_availability":1,"stock":0,"editions":[],"url":"https:\/\/quaidesbrumes.com\/ouvrage\/9789954167540\/la-liste"},{"id":"9782874491597","title":"Mon corps mis \u00e0 nu","description":"Le livre de St\u00e9phane Lambert traite un th\u00e8me litt\u00e9raire fondamental : le corps qui est le n\u00f4tre, le corps que nous sommes, le corps que nous devenons \u00e0 travers les exp\u00e9riences que nous en faisons ou qu'il nous am\u00e8ne \u00e0 vivre. Sans complaisance aucune, mais loin de toute hypocrisie et de toute provocation, St\u00e9phane Lambert \u00e9voque ici une telle histoire o\u00f9 l'\u00eatre sexuel du corps  homosexuel en l'occurrence  s'impose comme d\u00e9fi \u00e0 la soci\u00e9t\u00e9. Histoire du moi et histoire du corps se croisent, de l'enfance \u00e0 l'\u00e2ge adulte, compos\u00e9e en creux d'un abus qui \u00e9tait aussi une vraie initiation au plaisir. Un livre cru et impitoyable, \u00e9crit dans un style classique d'une grande puret\u00e9 et d'une pr\u00e9cision sans faille qui renouvelle le genre de l'autobiographie.\r","authors":["St\u00e9phane Lambert"],"category_codes":["1000000","1010000"],"visuals":{"large":"https:\/\/images.epagine.fr\/597\/9782874491597_1_75.jpg","medium":"https:\/\/images.epagine.fr\/597\/9782874491597_1_m.jpg","thumbnail":"https:\/\/images.epagine.fr\/597\/9782874491597_1_v.jpg"},"orderable":true,"show_badge":true,"formatted_price":"12,50&nbsp;\u20ac","formatted_published_date":"31 janvier 2013","publisher_availability_label":"Sur commande","short_details":"St\u00e9phane Lambert \u2014 IMPRESSIONS NOUVELLES","translator":null,"weight":178,"page_count":124,"readership":null,"editor":"IMPRESSIONS NOUVELLES","price":1250,"published_date":"2013-01-30T23:00:00.000000Z","support":"Grand format","publisher_availability":1,"stock":0,"editions":[],"url":"https:\/\/quaidesbrumes.com\/ouvrage\/9782874491597\/mon-corps-mis-a-nu"},{"id":"9782917094099","title":"Fissions","description":"\"\u00ab Tu m'avais dit marions-nous le 21 juin, au solstice d'\u00e9t\u00e9. C'est le jour le plus long. \u00c0 Rochecreuse, \u00e0 la montagne, o\u00f9 le soleil consume longtemps les cimes. \u00bb Dans un face \u00e0 face avec l'\u00e9criture, un homme se rem\u00e9more sa nuit de noces, en suit le cours jusqu'\u00e0 son apoth\u00e9ose tragique.\r\nAvec ce quatri\u00e8me roman qui m\u00eale de nombreux motifs filmiques et litt\u00e9raires et qui emprunte tour \u00e0 tour aux registres du fantastique, du grotesque et du thriller, Romain Verger signe le r\u00e9cit exalt\u00e9 et obs\u00e9dant d'une inexorable d\u00e9sint\u00e9gration.\"\r","authors":["Romain Verger"],"category_codes":["1000000","1010000"],"visuals":{"large":"https:\/\/images.epagine.fr\/099\/9782917094099_1_75.jpg","medium":"https:\/\/images.epagine.fr\/099\/9782917094099_1_m.jpg","thumbnail":"https:\/\/images.epagine.fr\/099\/9782917094099_1_v.jpg"},"orderable":true,"show_badge":true,"formatted_price":"12,50&nbsp;\u20ac","formatted_published_date":"13 mai 2013","publisher_availability_label":"Sur commande","short_details":"Romain Verger \u2014 Vampire Actif","translator":null,"weight":120,"page_count":144,"readership":null,"editor":"Vampire Actif","price":1250,"published_date":"2013-05-12T22:00:00.000000Z","support":"Grand format","publisher_availability":1,"stock":0,"editions":[],"url":"https:\/\/quaidesbrumes.com\/ouvrage\/9782917094099\/fissions"},{"id":"9782253174981","title":"Ce que savait Jennie","description":"Jennie, 13 ans, n'aime pas les dimanches. Et c'est un dimanche que Mike, l'ami de sa m\u00e8re, se tue \u00e0 moto, le jour de son anniversaire. Olga se retrouve seule avec ses deux filles. Trois ans plus tard, Slimane et deux b\u00e9b\u00e9s \u00e9largissent la famille. Mais un deuxi\u00e8me accident survient, et les quatre enfants sont dispers\u00e9s. Ce sera \u00e0 Jennie de les r\u00e9unir \u00e0 nouveau, pour les emmener voir la mer...\r","authors":["G\u00e9rard Mordillat"],"category_codes":["1000000","1010000"],"visuals":{"large":"https:\/\/images.epagine.fr\/981\/9782253174981_1_75.jpg","medium":"https:\/\/images.epagine.fr\/981\/9782253174981_1_m.jpg","thumbnail":"https:\/\/images.epagine.fr\/981\/9782253174981_1_v.jpg"},"orderable":true,"show_badge":true,"formatted_price":"6,60&nbsp;\u20ac","formatted_published_date":"3 janvier 2014","publisher_availability_label":"Sur commande","short_details":"G\u00e9rard Mordillat \u2014 Le Livre de Poche","translator":null,"weight":128,"page_count":240,"readership":null,"editor":"Le Livre de Poche","price":660,"published_date":"2014-01-02T23:00:00.000000Z","support":"Poche","publisher_availability":1,"stock":0,"editions":["9782702143322"],"url":"https:\/\/quaidesbrumes.com\/ouvrage\/9782253174981\/ce-que-savait-jennie"},{"id":"9782352701514","title":"La chambre des consolations","description":"Maria et Pierre qui se sont rencontr\u00e9s tr\u00e8s bri\u00e8vement \u00e0 vingt ans se retrouvent par hasard quinze ans apr\u00e8s et commencent une histoire d'amour. Ils ont l'un et l'autre v\u00e9cu, des moments lumineux et tragiques. L'ombre de la Shoa obscurcit la vie de Maria.\r\nIls se racontent des \u00e9pisodes importants de leurs existences, dressent des portraits de personnages fondateurs de ce qu'ils sont. Ils avancent ensemble dans une qu\u00eate de libert\u00e9 int\u00e9rieure, o\u00f9 le pardon, l'empathie, le go\u00fbt et la pratique de l'art les m\u00e8nent vers une forme de paix qui conduit au bonheur.\r\nLe r\u00e9cit se fonde sur la foi dans la capacit\u00e9 de l'homme \u00e0 se transformer et \u00e0 transformer le monde.\r\nL'amour des autres, le respect de la nature et des animaux, la non-violence s'expriment tout au long d'un r\u00e9cit vivant o\u00f9 la France, l'Allemagne, la Russie, le Maroc sont autant de terres de r\u00e9f\u00e9rences fortes pour les h\u00e9ros.\r","authors":["Nicole de Pontcharra"],"category_codes":["1000000","1010000"],"visuals":{"large":"https:\/\/images.epagine.fr\/514\/9782352701514_1_75.jpg","medium":"https:\/\/images.epagine.fr\/514\/9782352701514_1_m.jpg","thumbnail":"https:\/\/images.epagine.fr\/514\/9782352701514_1_v.jpg"},"orderable":true,"show_badge":true,"formatted_price":"13,00&nbsp;\u20ac","formatted_published_date":"20 mars 2013","publisher_availability_label":"Sur commande","short_details":"Nicole de Pontcharra \u2014 Non Lieu","translator":null,"weight":174,"page_count":120,"readership":null,"editor":"Non Lieu","price":1300,"published_date":"2013-03-19T23:00:00.000000Z","support":"Grand format","publisher_availability":1,"stock":0,"editions":[],"url":"https:\/\/quaidesbrumes.com\/ouvrage\/9782352701514\/la-chambre-des-consolations"},{"id":"9782702144701","title":"L'entre-temps","description":"Le petit Alex n\u00e9 dans un camp d'internement perdu au fond du Maroc est devenu un homme. Un homme plus vieux que ne l'a jamais \u00e9t\u00e9 son p\u00e8re, marin, qui l'a fa\u00e7onn\u00e9 et fascin\u00e9. Il lui a appris les bateaux, les avions, la contemplation du rayon vert des couchers de soleil, l'ouverture aux autres, et la loyaut\u00e9. C'est d'ailleurs par loyaut\u00e9 envers sa m\u00e8re et son p\u00e8re qu'Alex revient en terre natale : depuis trop longtemps s\u00e9par\u00e9s, ses parents doivent \u00eatre enfin r\u00e9unis, en France. Et l'enfant devenu adulte se nourrit du souvenir de Rose, sa m\u00e8re, jeune modiste italienne, sauvage et envo\u00fbtante, de ses grands-parents \u00e9pris de libert\u00e9, de Yemna la juive, de Mina la musulmane, de sa tante d'Am\u00e9rique, de ses cousins d'Afrique...\r\nDans ce roman sensible et fort, \u00e9crit avec pudeur et \u00e9l\u00e9gance, s'enchev\u00eatrent les alliances perverses de la Seconde Guerre mondiale qui pr\u00e9cipitent Rose en captivit\u00e9. Malgr\u00e9 la trag\u00e9die du monde qui s'\u00e9croule, le bonheur d'\u00eatre ensemble l'emporte sur la cruaut\u00e9. Au fil d'un \u00ab tu \u00bb timide et d\u00e9licat \u00e0 la voix sobre et retenue, le fils s'adresse au p\u00e8re, dans une qu\u00eate des origines visant \u00e0 saisir enfin quelques parcelles du myst\u00e8re de la filiation.","authors":["Ren\u00e9 Guitton"],"category_codes":["1000000","1020000","1021200"],"visuals":{"large":"https:\/\/images.epagine.fr\/701\/9782702144701_1_75.jpg","medium":"https:\/\/images.epagine.fr\/701\/9782702144701_1_m.jpg","thumbnail":"https:\/\/images.epagine.fr\/701\/9782702144701_1_v.jpg"},"orderable":true,"show_badge":true,"formatted_price":"17,00&nbsp;\u20ac","formatted_published_date":"21 ao\u00fbt 2013","publisher_availability_label":"Sur commande","short_details":"Ren\u00e9 Guitton \u2014 Calmann-L\u00e9vy","translator":null,"weight":260,"page_count":207,"readership":null,"editor":"Calmann-L\u00e9vy","price":1700,"published_date":"2013-08-20T22:00:00.000000Z","support":"Grand format","publisher_availability":1,"stock":0,"editions":[],"url":"https:\/\/quaidesbrumes.com\/ouvrage\/9782702144701\/lentre-temps"},{"id":"9782490364190","title":"Des gourmandises sur l'\u00e9tag\u00e8re","description":"Odilon et Marie-Gabrielle s\u00b4en vont pique-niquer sur l\u00b4\u00eele en ce joli mois de mai. \u00c0 l\u00b4heure de la sieste, les corps ronds et potel\u00e9s, \u00ab chairs exub\u00e9rantes \u00bb, se d\u00e9lassent. Au loin, Berthe, leur fille, les observe. Sur fond de petits plats et p\u00e2tisseries \u00e0 d\u00e9guster, Des Gourmandises sur l\u00b4\u00e9tag\u00e8re sont le r\u00e9cit d\u00b4une rupture et de la difficile reconqu\u00eate.\r","authors":["Fran\u00e7oise Moreau"],"category_codes":["1000000","1010000"],"visuals":{"large":"https:\/\/images.epagine.fr\/190\/9782490364190_1_75.jpg","medium":"https:\/\/images.epagine.fr\/190\/9782490364190_1_m.jpg","thumbnail":"https:\/\/images.epagine.fr\/190\/9782490364190_1_v.jpg"},"orderable":true,"show_badge":true,"formatted_price":"13,00&nbsp;\u20ac","formatted_published_date":"8 avril 2021","publisher_availability_label":"Sur commande","short_details":"Fran\u00e7oise Moreau \u2014 L'Oeil Ebloui","translator":null,"weight":110,"page_count":60,"readership":null,"editor":"L'Oeil Ebloui","price":1300,"published_date":"2021-04-07T22:00:00.000000Z","support":"Grand format","publisher_availability":1,"stock":0,"editions":[],"url":"https:\/\/quaidesbrumes.com\/ouvrage\/9782490364190\/des-gourmandises-sur-letagere"},{"id":"9782880864156","title":"Terre de mousson ; roman tha\u00eflandais","description":"Largement autobiographique, ce singulier roman d'apprentissage entra\u00eene le lecteur \u00e0 la suite du jeune Prem, depuis sa petite enfance dans une r\u00e9gion rurale tr\u00e8s pauvre de la Tha\u00eflande dans les ann\u00e9es cinquante, jusqu'\u00e0 son retour de l'\u00e9tranger en 1980, au moment d'une prise de d\u00e9cision qui d\u00e9terminera sa vie d'adulte.\r\nL'id\u00e9alisme humaniste face \u00e0 l'ignorance des paysans ainsi qu'une pertinente vision de l'exotisme europ\u00e9en observ\u00e9 \u00e0 travers les yeux de Prem s'y m\u00ealent en une r\u00e9flexion sensible.\r","authors":["Pira Sudham","Dominique Maeder"],"category_codes":["1000000","1010000"],"visuals":{"large":"https:\/\/images.epagine.fr\/156\/9782880864156_1_75.jpg","medium":"https:\/\/images.epagine.fr\/156\/9782880864156_1_m.jpg","thumbnail":"https:\/\/images.epagine.fr\/156\/9782880864156_1_v.jpg"},"orderable":true,"show_badge":true,"formatted_price":"23,00&nbsp;\u20ac","formatted_published_date":"28 mars 2013","publisher_availability_label":"Sur commande","short_details":"Pira Sudham, Dominique Maeder \u2014 OLIZANE","translator":"DOMINIQUE MAEDER","weight":356,"page_count":280,"readership":null,"editor":"OLIZANE","price":2300,"published_date":"2013-03-27T23:00:00.000000Z","support":"Grand format","publisher_availability":1,"stock":0,"editions":[],"url":"https:\/\/quaidesbrumes.com\/ouvrage\/9782880864156\/terre-de-mousson-roman-thailandais"},{"id":"9782930538471","title":"Les vrais h\u00e9ros ne portent pas de slip rouge","description":"Les sacs commencent alors \u00e0 circuler dans les rang\u00e9es. On entendait les coeurs battre. Tout le monde ne pensait qu'\u00e0 une chose : sauver sa peau et sortir de ce traquenard au plus vite. Surtout, ne pas mourir pour quelques euros.\r\nIl n'y avait que Jean-Claude qui tr\u00e9pignait sur son si\u00e8ge. Dans son supermarch\u00e9 du quinzi\u00e8me arrondissement, il n'arr\u00eatait que des garnements qui volaient des bonbons ou des clochards qui piquaient leur litron de rouge pour la journ\u00e9e. Jamais encore il n'avait pu montrer ce qu'il avait r\u00e9ellement dans le ventre, et l\u00e0, l'occasion s'offrait enfin \u00e0 lui. A sa place, Steven, Chuck ou Arnold n'auraient pas h\u00e9sit\u00e9 une seconde. C'\u00e9taient des h\u00e9ros, des vrais, il ne pouvait pas les d\u00e9cevoir apr\u00e8s tout ce qu'ils lui avaient apport\u00e9...\r","authors":["Axel S\u00e9n\u00e9quier"],"category_codes":["1000000","1010000"],"visuals":{"large":"https:\/\/images.epagine.fr\/471\/9782930538471_1_75.jpg","medium":"https:\/\/images.epagine.fr\/471\/9782930538471_1_m.jpg","thumbnail":"https:\/\/images.epagine.fr\/471\/9782930538471_1_v.jpg"},"orderable":true,"show_badge":true,"formatted_price":"16,00&nbsp;\u20ac","formatted_published_date":"17 septembre 2014","publisher_availability_label":"Sur commande","short_details":"Axel S\u00e9n\u00e9quier \u2014 Quadrature","translator":null,"weight":190,"page_count":128,"readership":null,"editor":"Quadrature","price":1600,"published_date":"2014-09-16T22:00:00.000000Z","support":"Grand format","publisher_availability":1,"stock":0,"editions":[],"url":"https:\/\/quaidesbrumes.com\/ouvrage\/9782930538471\/les-vrais-heros-ne-portent-pas-de-slip-rouge"},{"id":"9782875052216","title":"Invisibles et remuants","description":"\"\u00ab Nous sommes entr\u00e9s en r\u00e9sistance. Nous avons pris les armes. Vos armes. Et nous allons les retourner contre vous. \u00bb Le photographe Bruno Wagner accepte, pour un magazine prestigieux, de r\u00e9aliser un reportage sur l'Espagne ravag\u00e9e par la crise \u00e9conomique. Il retrouve dans les ruines du capitalisme sp\u00e9culatif les repr\u00e9sentants d'une humanit\u00e9 \u00e0 vif, lessiv\u00e9e par des ann\u00e9es de pr\u00e9carit\u00e9 et de col\u00e8re, anim\u00e9s d'une rage d\u00e9cupl\u00e9e par les humiliations.\r\nLe colonel Stadtler, lui, \u00e0 la t\u00eate d'une unit\u00e9 des services secrets fran\u00e7ais, suit les traces d'un bioterroriste susceptible de d\u00e9clencher une \u00e9pid\u00e9mie mortelle de masse. Entre parano\u00efa et crainte d'un massacre aveugle, il devra mettre \u00e0 l'\u00e9preuve ses ressources et son int\u00e9grit\u00e9 afin d'\u00e9viter la catastrophe.\r\nNicolas Ancion nous livre ici un roman haletant, au carrefour des genres, pointant sous le thriller les rouages implacables de notre modernit\u00e9.\"\r","authors":["Nicolas Ancion"],"category_codes":["1000000","1010000"],"visuals":{"large":"https:\/\/images.epagine.fr\/216\/9782875052216_1_75.jpg","medium":"https:\/\/images.epagine.fr\/216\/9782875052216_1_m.jpg","thumbnail":"https:\/\/images.epagine.fr\/216\/9782875052216_1_v.jpg"},"orderable":true,"show_badge":true,"formatted_price":"17,00&nbsp;\u20ac","formatted_published_date":"27 septembre 2015","publisher_availability_label":"Sur commande","short_details":"Nicolas Ancion \u2014 Maelstr\u00d6m re\u00c9volution","translator":null,"weight":400,"page_count":null,"readership":null,"editor":"Maelstr\u00d6m re\u00c9volution","price":1700,"published_date":"2015-09-26T22:00:00.000000Z","support":"Grand format","publisher_availability":1,"stock":0,"editions":[],"url":"https:\/\/quaidesbrumes.com\/ouvrage\/9782875052216\/invisibles-et-remuants"},{"id":"9782914839402","title":"Le 31 juin","description":"\u00ab Elle et moi n'avions eu qu'un m\u00eame souffle depuis bien des ann\u00e9es lorsqu'elle mit la mort entre nous. Ce geste demeur\u00e9 pour moi largement ind\u00e9chiffrable a scell\u00e9 son myst\u00e8re propre et je n'ai pas trouv\u00e9 de mot pour le d\u00e9signer [.]. \r\nAinsi commence Le 31 juin, l'un des tr\u00e8s rares r\u00e9cits po\u00e9tiques de Vincent Bounoure achev\u00e9 deux ans apr\u00e8s la disparition brutale, en 1981, de sa compagne, Micheline.\r\nN\u00e9 \u00e0 Strasbourg en 1928, ing\u00e9nieur des mines, membre du groupe surr\u00e9aliste, il est \u00e9crivain, po\u00e8te et aussi expert en arts oc\u00e9aniens. Il est mort en 1996 \u00e0 Paris.\r\n\u00c0 partir de 1955, il fut un des membres les plus actifs du groupe qui, autour d'Andr\u00e9 Breton, entendait se ranger aux exigences du surr\u00e9alisme. Il publia de nombreux articles dans chacune des revues du mouvement : Le Surr\u00e9alisme m\u00eame, Bief, La Br\u00e8che puis L'Archibras entre 1958 et 1969.\r","authors":["Vincent Bounoure"],"category_codes":["1000000","1010000"],"visuals":{"large":"https:\/\/images.epagine.fr\/402\/9782914839402_1_75.jpg","medium":"https:\/\/images.epagine.fr\/402\/9782914839402_1_m.jpg","thumbnail":"https:\/\/images.epagine.fr\/402\/9782914839402_1_v.jpg"},"orderable":true,"show_badge":true,"formatted_price":"13,00&nbsp;\u20ac","formatted_published_date":"11 mars 2011","publisher_availability_label":"Sur commande","short_details":"Vincent Bounoure \u2014 Urdla","translator":null,"weight":95,"page_count":null,"readership":null,"editor":"Urdla","price":1300,"published_date":"2011-03-10T23:00:00.000000Z","support":"Grand format","publisher_availability":1,"stock":0,"editions":[],"url":"https:\/\/quaidesbrumes.com\/ouvrage\/9782914839402\/le-31-juin"},{"id":"9791090126121","title":"Les parties honteuses","description":"Mon-con-sur-Glissi\u00e8re est une petite ville triste et ennuyeuse o\u00f9 vit Karl, un facteur trentenaire. Avec ses deux seuls amis, il passe beaucoup de temps \u00e0 boire. Il d\u00e9teste son travail, ses coll\u00e8gues, et surtout une vieille femme raciste et acari\u00e2tre qu'il livre souvent : Gis\u00e8le Grisot. Un jour, elle lui annonce que sa petite-fille, Cindy, va venir passer quelques temps chez elle. Cette derni\u00e8re vit dans la gal\u00e8re \u00e0 deux cents kilom\u00e8tres de l\u00e0 et veut trouver du travail sur place pour s'\u00e9loigner de son compagnon violent, Farid, et mettre la main sur la fortune de sa grand-m\u00e8re...\r","authors":["Thomas Pont\u00e9"],"category_codes":["1000000","1010000"],"visuals":{"large":"https:\/\/images.epagine.fr\/121\/9791090126121_1_75.jpg","medium":"https:\/\/images.epagine.fr\/121\/9791090126121_1_m.jpg","thumbnail":"https:\/\/images.epagine.fr\/121\/9791090126121_1_v.jpg"},"orderable":true,"show_badge":true,"formatted_price":"13,00&nbsp;\u20ac","formatted_published_date":"1er avril 2014","publisher_availability_label":"Sur commande","short_details":"Thomas Pont\u00e9 \u2014 ASTOBELARRA","translator":null,"weight":180,"page_count":186,"readership":null,"editor":"ASTOBELARRA","price":1300,"published_date":"2014-03-31T22:00:00.000000Z","support":"Grand format","publisher_availability":1,"stock":0,"editions":[],"url":"https:\/\/quaidesbrumes.com\/ouvrage\/9791090126121\/les-parties-honteuses"},{"id":"9788490276266","title":"Le pays basque face a la revolution francaise - 1789-1799","description":null,"authors":["Caroline Lugat"],"category_codes":["1000000","1010000"],"visuals":{"large":"https:\/\/images.epagine.fr\/266\/9788490276266_1_75.jpg","medium":"https:\/\/images.epagine.fr\/266\/9788490276266_1_m.jpg","thumbnail":"https:\/\/images.epagine.fr\/266\/9788490276266_1_v.jpg"},"orderable":true,"show_badge":true,"formatted_price":"12,85&nbsp;\u20ac","formatted_published_date":"3 novembre 2016","publisher_availability_label":"Sur commande","short_details":"Caroline Lugat \u2014 Elkar","translator":null,"weight":301,"page_count":null,"readership":null,"editor":"Elkar","price":1285,"published_date":"2016-11-02T23:00:00.000000Z","support":"Grand format","publisher_availability":1,"stock":0,"editions":[],"url":"https:\/\/quaidesbrumes.com\/ouvrage\/9788490276266\/le-pays-basque-face-a-la-revolution-francaise-1789-1799"},{"id":"9782914033497","title":"Le prehistorique a l'ile bourbon - les revelations du grand ocean","description":null,"authors":["Jules Hermann"],"category_codes":["1000000","1010000"],"visuals":{"large":"https:\/\/images.epagine.fr\/497\/9782914033497_1_75.jpg","medium":"https:\/\/images.epagine.fr\/497\/9782914033497_1_m.jpg","thumbnail":"https:\/\/images.epagine.fr\/497\/9782914033497_1_v.jpg"},"orderable":true,"show_badge":true,"formatted_price":"16,00&nbsp;\u20ac","formatted_published_date":"7 ao\u00fbt 2015","publisher_availability_label":"Sur commande","short_details":"Jules Hermann \u2014 Le Corridor Bleu","translator":null,"weight":320,"page_count":null,"readership":null,"editor":"Le Corridor Bleu","price":1600,"published_date":"2015-08-06T22:00:00.000000Z","support":"Grand format","publisher_availability":1,"stock":0,"editions":[],"url":"https:\/\/quaidesbrumes.com\/ouvrage\/9782914033497\/le-prehistorique-a-lile-bourbon-les-revelations-du-grand-ocean"},{"id":"9782882503008","title":"Dans le sillage des oies sauvages","description":null,"authors":["Mariusz Wilk","Laurence Dy\u00e8vre"],"category_codes":["1000000","1010000"],"visuals":{"large":"https:\/\/images.epagine.fr\/008\/9782882503008_1_75.jpg","medium":"https:\/\/images.epagine.fr\/008\/9782882503008_1_m.jpg","thumbnail":"https:\/\/images.epagine.fr\/008\/9782882503008_1_v.jpg"},"orderable":true,"show_badge":true,"formatted_price":"18,00&nbsp;\u20ac","formatted_published_date":"5 avril 2013","publisher_availability_label":"Sur commande","short_details":"Mariusz Wilk, Laurence Dy\u00e8vre \u2014 Les \u00c9ditions Noir sur Blanc","translator":"LAURENCE DYEVRE","weight":350,"page_count":160,"readership":null,"editor":"Les \u00c9ditions Noir sur Blanc","price":1800,"published_date":"2013-04-04T22:00:00.000000Z","support":"Grand format","publisher_availability":1,"stock":0,"editions":[],"url":"https:\/\/quaidesbrumes.com\/ouvrage\/9782882503008\/dans-le-sillage-des-oies-sauvages"},{"id":"9791090126367","title":"O - t19 - rigor noctis - o","description":null,"authors":["Thomas Pont\u00e9"],"category_codes":["1000000","1010000"],"visuals":{"large":"https:\/\/quaidesbrumes.com\/img\/book-placeholder.png","medium":"https:\/\/quaidesbrumes.com\/img\/book-placeholder.png","thumbnail":"https:\/\/quaidesbrumes.com\/img\/book-placeholder.png"},"orderable":true,"show_badge":true,"formatted_price":"15,00&nbsp;\u20ac","formatted_published_date":"22 mars 2021","publisher_availability_label":"Sur commande","short_details":"Thomas Pont\u00e9 \u2014 ASTOBELARRA","translator":null,"weight":300,"page_count":null,"readership":null,"editor":"ASTOBELARRA","price":1500,"published_date":"2021-03-21T23:00:00.000000Z","support":"Grand format","publisher_availability":1,"stock":0,"editions":[],"url":"https:\/\/quaidesbrumes.com\/ouvrage\/9791090126367\/o-t19-rigor-noctis-o"},{"id":"9791093606293","title":"Safe","description":"Une femme se r\u00e9veille seule dans une pi\u00e8ce blanche et close, une autre marche dans la lande bordant une falaise, tentant d'\u00e9viter l'homme qui vient vers elle, une autre enfin est plac\u00e9e en quarantaine, atteinte d'une syphilis \u00e9trange. Dans son premier roman, Safe, Lucie Ta\u00efeb met en sc\u00e8ne une ou plusieurs femmes, selon la lecture que l'on choisira de faire, aux prises avec une peur abstraite. Oscillant entre r\u00eave et r\u00e9alit\u00e9, cette peur se d\u00e9guise de diverses mani\u00e8res, la peur de l'autre, du dehors, du vide, elle p\u00e8se de tout son poids et elle nous t\u00e9tanise, elle n'a pas de nom, seulement des masques. Ces peurs, sont-elles l'\u00e9cho lointain d'une peur ancestrale, qui serait comme chevill\u00e9e au corps, ou sontelles au contraire le fruit d'une organisation de la protection par la soci\u00e9t\u00e9 ?\r","authors":["Lucie Ta\u00efeb"],"category_codes":["1000000","1010000"],"visuals":{"large":"https:\/\/images.epagine.fr\/293\/9791093606293_1_75.jpg","medium":"https:\/\/images.epagine.fr\/293\/9791093606293_1_m.jpg","thumbnail":"https:\/\/images.epagine.fr\/293\/9791093606293_1_v.jpg"},"orderable":true,"show_badge":true,"formatted_price":"18,00&nbsp;\u20ac","formatted_published_date":"5 f\u00e9vrier 2016","publisher_availability_label":"Sur commande","short_details":"Lucie Ta\u00efeb \u2014 L'Ogre","translator":null,"weight":200,"page_count":216,"readership":null,"editor":"L'Ogre","price":1800,"published_date":"2016-02-04T23:00:00.000000Z","support":"Grand format","publisher_availability":1,"stock":0,"editions":[],"url":"https:\/\/quaidesbrumes.com\/ouvrage\/9791093606293\/safe"},{"id":"9782915018813","title":"Bleu \u00e9perdument","description":null,"authors":["Kate Braverman"],"category_codes":["1000000","1010000","1010100"],"visuals":{"large":"https:\/\/images.epagine.fr\/813\/9782915018813_1_75.jpg","medium":"https:\/\/images.epagine.fr\/813\/9782915018813_1_m.jpg","thumbnail":"https:\/\/images.epagine.fr\/813\/9782915018813_1_v.jpg"},"orderable":true,"show_badge":true,"formatted_price":"20,00&nbsp;\u20ac","formatted_published_date":"6 janvier 2015","publisher_availability_label":"Sur commande","short_details":"Kate Braverman \u2014 Quidam \u00c9diteur","translator":null,"weight":326,"page_count":null,"readership":null,"editor":"Quidam \u00c9diteur","price":2000,"published_date":"2015-01-05T23:00:00.000000Z","support":"Grand format","publisher_availability":1,"stock":0,"editions":[],"url":"https:\/\/quaidesbrumes.com\/ouvrage\/9782915018813\/bleu-eperdument"},{"id":"9782842636388","title":"Mascarade","description":"On retrouve dans ce recueil de cinq r\u00e9cits, publi\u00e9 en 1948, la prose \u00e9lectrique de l'auteur de cet extraordinaire roman, La Peur. Des r\u00e9cits o\u00f9 l'on go\u00fbte la justesse du trait, l'\u00e2pret\u00e9 de la langue et le sens du rythme. D\u00e9cid\u00e9ment Gabriel Chevallier n'est pas que l'auteur de Clochemerle.\r","authors":["Gabriel Chevallier"],"category_codes":["1000000","1010000"],"visuals":{"large":"https:\/\/images.epagine.fr\/388\/9782842636388_1_75.jpg","medium":"https:\/\/images.epagine.fr\/388\/9782842636388_1_m.jpg","thumbnail":"https:\/\/images.epagine.fr\/388\/9782842636388_1_v.jpg"},"orderable":true,"show_badge":true,"formatted_price":"22,00&nbsp;\u20ac","formatted_published_date":"2 octobre 2010","publisher_availability_label":"Sur commande","short_details":"Gabriel Chevallier \u2014 Le Dilettante","translator":null,"weight":394,"page_count":320,"readership":null,"editor":"Le Dilettante","price":2200,"published_date":"2010-10-01T22:00:00.000000Z","support":"Grand format","publisher_availability":1,"stock":0,"editions":[],"url":"https:\/\/quaidesbrumes.com\/ouvrage\/9782842636388\/mascarade"},{"id":"9782918823100","title":"Round midnight express","description":"Un film peut-il agir comme un vaccin ?\r\nC'est le cas de \u00ab Midnight Express \u00bb, r\u00e9alis\u00e9 par Alan Parker en 1978, qui a vaccin\u00e9 des g\u00e9n\u00e9rations de spectateurs contre la Turquie, stigmatisant all\u00e8grement tout un peuple.\r\nDans un voyage qui prend le film pour point de d\u00e9part, pr\u00e9sent\u00e9 lors de sa sortie comme \u00ab une histoire vraie \u00bb , mais charg\u00e9 de clich\u00e9s, de pr\u00e9jug\u00e9s et de vieilles rancoeurs, l'auteur remonte le cours des si\u00e8cles sur les traces de la vision des Turcs d\u00e9velopp\u00e9e par les Europ\u00e9ens. Enfin, une autre histoire se fait jour, l'histoire toute personnelle qu'il vit depuis trente ans avec les Turcs et la Turquie. Au fil de ces p\u00e9r\u00e9grinations, il rencontre divers personnages qui nourrissent sa r\u00e9flexion - Alan Parker \u00e0 Londres, mais aussi Goethe et son \u00ab Divan \u00bb \u00e0 Weimar, les Camondo dans leur fragile r\u00eave de modernit\u00e9 \u00e0 Paris, N\u00e2zim Hikmet dans la prison o\u00f9 il composa ses \u00ab Paysages humains \u00bb, un certain Halil Usta, roi du kebab, de m\u00eame que les descendants des premiers chr\u00e9tiens de la plaine de M\u00e9sopotamie et bien d'autres personnages qui, ensemble, \u00e9laborent peu \u00e0 peu un antidote \u00e0 la x\u00e9nophobie et \u00e0 l'ignorance.\r","authors":["Olivier Delahaye"],"category_codes":["1000000","1010000"],"visuals":{"large":"https:\/\/images.epagine.fr\/100\/9782918823100_1_75.jpg","medium":"https:\/\/images.epagine.fr\/100\/9782918823100_1_m.jpg","thumbnail":"https:\/\/images.epagine.fr\/100\/9782918823100_1_v.jpg"},"orderable":true,"show_badge":true,"formatted_price":"18,00&nbsp;\u20ac","formatted_published_date":"15 octobre 2015","publisher_availability_label":"Sur commande","short_details":"Olivier Delahaye \u2014 Turquoise","translator":null,"weight":200,"page_count":160,"readership":null,"editor":"Turquoise","price":1800,"published_date":"2015-10-14T22:00:00.000000Z","support":"Grand format","publisher_availability":1,"stock":0,"editions":[],"url":"https:\/\/quaidesbrumes.com\/ouvrage\/9782918823100\/round-midnight-express"}]}