{"data":[{"id":"9782957301706","title":"D'asphalte et de nu\u00e9e","description":"D'Asphalte et de nu\u00e9e d\u00e9bute comme une embard\u00e9e, dans un r\u00e9cit \u00e2pre et tendu qui ne baissera plus de r\u00e9gime. Des adolescents, sans famille ni base arri\u00e8re, sont captur\u00e9s au hasard des routes, et le lecteur d\u00e9couvre avec Nols, le personnage principal, une bizarre et terrible d\u00e9tention. Prisonniers d'un bourreau invisible, un groupe d'adolescents se forme au cours des nuits de terreur. Les jeunes hommes se soutiennent et parviennent \u00e0 s'\u00e9chapper de ce bagne clandestin. S'engage une cavale \u00e0 la recherche d'un asile o\u00f9 s'\u00e9tablir et vivre en libert\u00e9. Nicolas Rozier compose le septuor h\u00e9ro\u00efque de ces rescap\u00e9s l\u00e2ch\u00e9s au monde, traqu\u00e9s, en butte aux visions et rencontres propres aux friches et landes suburbaines. Tout ce qui advient \u00e0 ces jeunes personnages les \u00e9lance, les hausse d'une sorte de prestige galvanique. L'auteur pratique l'art subtil de martyriser ses personnages pour mieux en traduire la grandeur. Ils sont sept bless\u00e9s magnifiques. Ceux que Nicolas Rozier nomme \u00ab les grands visages purs sans appel, les massacr\u00e9s incorruptibles \u00bb montrent \u00e0 vif leur patine in\u00e9dite, leur \u00e9clat glorieux \u00e0 mesure qu'ils se redressent. L'intrigue est aussi dense que distingu\u00e9e par son hybridation de genres et d'atmosph\u00e8res o\u00f9 le fantastique, l'horreur et le thriller se relaient d'un suspense \u00e0 l'autre. L'influence majeure du cin\u00e9ma bis transpara\u00eet dans la galerie de portraits atypiques. Certains visages aux attributs venimeux et capiteux ont le charme argentique d'une pellicule insol\u00e9e. L'auteur prend un soin maniaque \u00e0 ch\u00e9rir ses personnages, construits comme des embl\u00e8mes de fulgurance et de somptuosit\u00e9.","authors":["Nicolas Rozier"],"category_codes":["1000000","1010000"],"visuals":{"large":"https:\/\/images.epagine.fr\/706\/9782957301706_1_75.jpg","medium":"https:\/\/images.epagine.fr\/706\/9782957301706_1_m.jpg","thumbnail":"https:\/\/images.epagine.fr\/706\/9782957301706_1_v.jpg"},"orderable":true,"show_badge":true,"formatted_price":"20,00&nbsp;\u20ac","formatted_published_date":"11 septembre 2020","publisher_availability_label":"Sur commande","short_details":"Nicolas Rozier \u2014 Incursion","translator":null,"weight":0,"page_count":316,"readership":null,"editor":"Incursion","price":2000,"published_date":"2020-09-10T22:00:00.000000Z","support":"Grand format","publisher_availability":1,"stock":0,"editions":[],"url":"https:\/\/quaidesbrumes.com\/ouvrage\/9782957301706\/dasphalte-et-de-nuee"},{"id":"9782253000723","title":"L'\u00e9ternel","description":"Ionas, violoniste juif ukrainien, doux r\u00eaveur mort au combat en 1917, ressuscite sous la forme d'un vampire. Son obsession : retrouver sa fianc\u00e9e, Hi\u00e9l\u00e9na. Mais dans ce monde qu'il hante, Ionas n'a plus sa place. Sans compter que boire du sang pour \u00ab vivre \u00bb le plonge dans des affres de culpabilit\u00e9. Alors, il traverse le monde et les \u00e9poques, \u00e9lit domicile \u00e0 New York. C'est l\u00e0 qu'il rencontre Rebecca Streisand, psychanalyste tout juste veuve d'une c\u00e9l\u00e8bre rock star...Le vampire yiddish fait survivre un monde extermin\u00e9 tout en \u00e9vitant \u00e0 son auteur la banalit\u00e9 du fantastique \u00ab commercial \u00bb. Bref, voici (enfin !) un roman \u00e0 la fois litt\u00e9raire et populaire. Fr\u00e9d\u00e9ric Beigbeder, Le Figaro Magazine.Sfar ne respecte rien : ni la psychalalyse, ni la religion, ni les vampires. Rien, sauf la litt\u00e9rature. \u00c0 laquelle il rend un superbe hommage. Fran\u00e7ois Busnel, L'Express.","authors":["Joann Sfar"],"category_codes":["1000000","1010000"],"visuals":{"large":"https:\/\/images.epagine.fr\/723\/9782253000723_1_75.jpg","medium":"https:\/\/images.epagine.fr\/723\/9782253000723_1_m.jpg","thumbnail":"https:\/\/images.epagine.fr\/723\/9782253000723_1_v.jpg"},"orderable":true,"show_badge":true,"formatted_price":"8,20&nbsp;\u20ac","formatted_published_date":"27 ao\u00fbt 2014","publisher_availability_label":"Sur commande","short_details":"Joann Sfar \u2014 Le Livre de Poche","translator":null,"weight":246,"page_count":456,"readership":null,"editor":"Le Livre de Poche","price":820,"published_date":"2014-08-26T22:00:00.000000Z","support":"Poche","publisher_availability":1,"stock":0,"editions":["9782226246851"],"url":"https:\/\/quaidesbrumes.com\/ouvrage\/9782253000723\/leternel"},{"id":"9782844855732","title":"Farcissures","description":"\"Les poubelles de la ville sont toujours pleines. \u00c0 toute heure du jour et de la nuit, \u00e9t\u00e9 comme hiver, ne semble soumise \u00e0 variation que leur puanteur, leur volume est constant. Leur composition, je donnerais cher pour savoir s'il en est de m\u00eame au lendemain des f\u00eates ou dans la saison creuse. Elles d\u00e9gorgent sans cesse une mati\u00e8re encore distincte de papier alimentaire, de restes de d\u00e9jeuner, de couches sales, de journaux lus d'un oeil, de tasses de carton, de bouteilles, d'emballages et de reflets que j'aime mieux ne pas supposer, \u00e0 commencer par ceux des profonds conteneurs arros\u00e9s, chaque soir ouvrable, d'eau de Javel ou de m\u00e9gots, pour les rendre impropres \u00e0 la consommation de l'insolvable qui ne manquerait pas d'en tirer profit, comme il est d'usage aux portes de service des grands magasins.\"","authors":["Fran\u00e7ois Tison"],"category_codes":["1000000","1010000"],"visuals":{"large":"https:\/\/images.epagine.fr\/732\/9782844855732_1_75.jpg","medium":"https:\/\/images.epagine.fr\/732\/9782844855732_1_m.jpg","thumbnail":"https:\/\/images.epagine.fr\/732\/9782844855732_1_v.jpg"},"orderable":true,"show_badge":true,"formatted_price":"6,20&nbsp;\u20ac","formatted_published_date":"27 juillet 2012","publisher_availability_label":"Sur commande","short_details":"Fran\u00e7ois Tison \u2014 \u00c9ditions Allia","translator":null,"weight":92,"page_count":96,"readership":null,"editor":"\u00c9ditions Allia","price":620,"published_date":"2012-07-26T22:00:00.000000Z","support":"Grand format","publisher_availability":1,"stock":0,"editions":[],"url":"https:\/\/quaidesbrumes.com\/ouvrage\/9782844855732\/farcissures"},{"id":"9782876736276","title":"Nous les b\u00eates traqu\u00e9es","description":"\u00ab Qu'il serait bien l\u00e0, s'il n'\u00e9tait pas loin de moi. Et les beaux moments que nous passerions, s'ils n'\u00e9taient pas d\u00e9j\u00e0 pass\u00e9s. Max quand nous sommes ensemble, c'est comme sur le quai d'une gare, du regard ailleurs, le cap d\u00e9j\u00e0 pris, le camp d\u00e9j\u00e0 foutu, il a d\u00e9j\u00e0 chang\u00e9 de vie, oh Max ne t'en va pas \u00bb.\r\n\r\nSur fond d'intrigue polici\u00e8re dans les milieux hypocrites de la politique et des ong, une lente descente aux enfers, la relation complexe d'un avocat humanitaire, escroc des grands mots, flambeur flamboyant, et d'une femme fragile, fascin\u00e9e par la puissance de cet homme. La trag\u00e9die intime se superpose \u00e0 celle d'un peuple massacr\u00e9 et r\u00e9duit au silence, comme la narratrice.","authors":["Caroline De Mulder"],"category_codes":["1000000","1010000"],"visuals":{"large":"https:\/\/images.epagine.fr\/276\/9782876736276_1_75.jpg","medium":"https:\/\/images.epagine.fr\/276\/9782876736276_1_m.jpg","thumbnail":"https:\/\/images.epagine.fr\/276\/9782876736276_1_v.jpg"},"orderable":true,"show_badge":true,"formatted_price":"17,50&nbsp;\u20ac","formatted_published_date":"16 ao\u00fbt 2012","publisher_availability_label":"Sur commande","short_details":"Caroline De Mulder \u2014 CHAMP VALLON","translator":null,"weight":226,"page_count":224,"readership":null,"editor":"CHAMP VALLON","price":1750,"published_date":"2012-08-15T22:00:00.000000Z","support":"Grand format","publisher_availability":1,"stock":0,"editions":[],"url":"https:\/\/quaidesbrumes.com\/ouvrage\/9782876736276\/nous-les-betes-traquees"},{"id":"9782714310880","title":"Les contes d'Orsanne","description":"Les \" Contes d'Orsanne \", une suite de trois r\u00e9cits qu'on se risquerait \u00e0 situer entre r\u00e9alisme et fantastique, mettent en sc\u00e8ne un m\u00eame personnage en diff\u00e9rents lieux et diff\u00e9rentes \u00e9poques : Loudun en 1647, un hameau des Deux-S\u00e8vres en 1956, la ruine d'une ville et de sa \" fabrique \" dans un futur ind\u00e9fini.\r\n\r\nUne fois encore, chez l'auteur de \" La Robe \", la sexualit\u00e9 occupe sa mission de recherche, puissant levier sous les sph\u00e8res \u00e9crasantes du r\u00e9el, de la nature et de l'humain. Une fois encore, l'enqu\u00eate men\u00e9e sans rel\u00e2che par celui qui affirme ha\u00efr la condition qui nous est faite en ce monde, trouve dans ce roman de quoi s'alimenter aux feux de la pens\u00e9e et des actes.\r\n\r\nRobert Alexis aime \u00e0 dire qu'il visite les enfers. Peut-\u00eatre, apr\u00e8s tout, est-ce pour nous en prot\u00e9ger.","authors":["Robert Alexis"],"category_codes":["1000000","1010000"],"visuals":{"large":"https:\/\/images.epagine.fr\/880\/9782714310880_1_75.jpg","medium":"https:\/\/images.epagine.fr\/880\/9782714310880_1_m.jpg","thumbnail":"https:\/\/images.epagine.fr\/880\/9782714310880_1_v.jpg"},"orderable":true,"show_badge":true,"formatted_price":"17,50&nbsp;\u20ac","formatted_published_date":"6 septembre 2012","publisher_availability_label":"Sur commande","short_details":"Robert Alexis \u2014 \u00c9ditions Corti","translator":null,"weight":268,"page_count":252,"readership":null,"editor":"\u00c9ditions Corti","price":1750,"published_date":"2012-09-05T22:00:00.000000Z","support":"Grand format","publisher_availability":1,"stock":0,"editions":[],"url":"https:\/\/quaidesbrumes.com\/ouvrage\/9782714310880\/les-contes-dorsanne"},{"id":"9782930538112","title":"Les hommes \u00e0 lunettes n'aiment pas se battre","description":"Pourquoi se battre? Surtout lorsqu\u00d5on porte des lunettes. C\u00d5est \u02c6 coup s\u017er d\u017dpenser beaucoup d\u00d5\u017dnergie, se rendre ridicule et surtout prendre le risque de casser ses verres. Alors \u02c6 quoi bon\u00ca? Les personnages des seize nouvelles qui composent ce recueil ont d\u017dcid\u017d d\u00d5\u017dviter les joutes frontales. Pourtant, ils n\u00d5en demeurent pas moins r\u017dsolus \u02c6 se faire entendre...","authors":["Luc-Michel Fouassier"],"category_codes":["1000000","1010000"],"visuals":{"large":"https:\/\/images.epagine.fr\/112\/9782930538112_1_75.jpg","medium":"https:\/\/images.epagine.fr\/112\/9782930538112_1_m.jpg","thumbnail":"https:\/\/images.epagine.fr\/112\/9782930538112_1_v.jpg"},"orderable":true,"show_badge":true,"formatted_price":"15,00&nbsp;\u20ac","formatted_published_date":"3 novembre 2010","publisher_availability_label":"Sur commande","short_details":"Luc-Michel Fouassier \u2014 Quadrature","translator":null,"weight":170,"page_count":108,"readership":null,"editor":"Quadrature","price":1500,"published_date":"2010-11-02T23:00:00.000000Z","support":"Grand format","publisher_availability":1,"stock":0,"editions":[],"url":"https:\/\/quaidesbrumes.com\/ouvrage\/9782930538112\/les-hommes-a-lunettes-naiment-pas-se-battre"},{"id":"9782842720773","title":"La honte sur nous","description":"Voyage initiatique, t\u00e9moignage sur le pass\u00e9 colonial, plong\u00e9e dans l'univers de la d\u00e9linquance, avec ce roman Sa\u00efd Mohamed propose une photographie sans complaisance et parfois cruelle de ce qui fut son univers.\r\nLa honte sur nous, fresque picaresque d'une famille marginale, nous fait toucher du doigt en permanence le fond du gouffre et le sordide du quotidien.\r\n\u00c9crit au ras des mots, dans un style r\u00e9aliste, ce roman d\u00e9gage une vraie force po\u00e9tique.\r\nSa\u00efd Mohamed est un po\u00e8te qui cr\u00e9e un malaise en parvenant \u00e0 nous faire rire avec des choses qui d\u00e9rangent. Tel un griot africain, il raconte une histoire de vie, et le miracle de la parole a lieu car, comme Sh\u00e9h\u00e9razade, il a surv\u00e9cu \u00e0 la nuit.","authors":["Sa\u00efd Mohamed"],"category_codes":["1000000","1010000"],"visuals":{"large":"https:\/\/images.epagine.fr\/773\/9782842720773_1_75.jpg","medium":"https:\/\/images.epagine.fr\/773\/9782842720773_1_m.jpg","thumbnail":"https:\/\/images.epagine.fr\/773\/9782842720773_1_v.jpg"},"orderable":true,"show_badge":true,"formatted_price":"14,50&nbsp;\u20ac","formatted_published_date":"8 mars 2000","publisher_availability_label":"Sur commande","short_details":"Sa\u00efd Mohamed \u2014 PARIS-MEDITERRANEE","translator":null,"weight":240,"page_count":null,"readership":null,"editor":"PARIS-MEDITERRANEE","price":1450,"published_date":"2000-03-07T23:00:00.000000Z","support":"Grand format","publisher_availability":1,"stock":0,"editions":[],"url":"https:\/\/quaidesbrumes.com\/ouvrage\/9782842720773\/la-honte-sur-nous"},{"id":"9782354480189","title":"Chemins et routes","description":"\u00ab Vieille contr\u00e9e d'embruns et de ciels toujours changeants [ ... ] les chemins vont creus\u00e9s entre les champs, odorants, frais, humides jusqu'\u00e0 s'\u00e9tendre en canaux de fondri\u00e8res gorg\u00e9es d'eau, noirs d'ombre presque \u00e0 toute heure. [ ... ], des sentiers ailleurs s'enfoncent dans les bois v\u00eatus de sable blanc, note s\u00e9v\u00e8re, un peu eccl\u00e9siale des bruy\u00e8res aupr\u00e8s, disparaissent vite, on h\u00e9site \u00e0 les emprunter tant ils semblent destin\u00e9s \u00e0 des h\u00f4tes pr\u00e9cis [ ... ] D'autres sont de plein vent, terre d\u00e9cap\u00e9e, sentes \u00e9troites au sol, cicatrices indur\u00e9es plus claires. [ ... ] \u00bb \u00ab Dans le Sud les chemins de terre, ocre, sienne p\u00e2le m\u00e8nent leurs courbes lentes pour embrasser les collines [ ... ], ils accompagnent les champs, les cultures, souples avec la gr\u00e2ce et l'urbanit\u00e9 d'un geste, amicaux vont \u00e0 la demeure [ ... ] cr\u00e9nel\u00e9s des f\u00fbts sombres des grands cypr\u00e8s [ ... ] \u00bb. Ainsi, \u00ab un livre des chemins, [ ... ] qui \u00e9voquerait, recenserait sans du tout faire oeuvre savante, les figures diverses des chemins, leurs histoires, leurs particularit\u00e9s g\u00e9ographiques. Ou bien un trait\u00e9 exact et po\u00e9tique, recueil des singularit\u00e9s des reliefs et des terres, provinces et leurs fa\u00e7ons de dire [ ... ]  \u00bb Entre promenades et souvenirs en susciter les pages. Comme tout chemin, toute route est invite au parcours, sollicitation imp\u00e9rieuse de \u00ab l\u00e0-bas \u00bb, et, repris par la voix int\u00e9rieure qui intime d'y souscrire sans r\u00e9serve appel au d\u00e9part autant que don d'ici - terres, villes, paysages -, nous voici requis. Itin\u00e9raires et vagabondages, moments et songes, bien des mani\u00e8res d'aller par monts et par vaux, sont ins\u00e9parables du grand imaginaire des routes - ceux qui les emprunt\u00e8rent et y trouv\u00e8rent nourriture, inconnus ou figures compagnes, Nietzsche, Stifter, Brahms, D\u00fcrer, tant d'autres, \u00e9crivains, peintres qui en fix\u00e8rent le r\u00eave ; cartes et techniques et l'Histoire qui les a fa\u00e7onn\u00e9es, boulevers\u00e9es, peupl\u00e9es.","authors":["Claude Dourguin"],"category_codes":["1000000","1010000"],"visuals":{"large":"https:\/\/images.epagine.fr\/189\/9782354480189_1_75.jpg","medium":"https:\/\/images.epagine.fr\/189\/9782354480189_1_m.jpg","thumbnail":"https:\/\/images.epagine.fr\/189\/9782354480189_1_v.jpg"},"orderable":true,"show_badge":true,"formatted_price":"20,00&nbsp;\u20ac","formatted_published_date":"20 mai 2010","publisher_availability_label":"Sur commande","short_details":"Claude Dourguin \u2014 Isolato","translator":null,"weight":210,"page_count":113,"readership":null,"editor":"Isolato","price":2000,"published_date":"2010-05-19T22:00:00.000000Z","support":"Grand format","publisher_availability":1,"stock":0,"editions":[],"url":"https:\/\/quaidesbrumes.com\/ouvrage\/9782354480189\/chemins-et-routes"},{"id":"9782362800061","title":"Une fille en hiver","description":"Quelques ann\u00e9es apr\u00e8s des vacances souriantes et ensoleill\u00e9es en Angleterre, Katherine s'y retrouve seule, en exil, aux prises avec le monde froid et impitoyable de la fin de la guerre. Se refaire une vie peut toucher au cauchemar. Vivre aussi : \r\n\" Qu'est-ce qui l'avait prise de se ruer hors de chez elle sans laisser de messages ni prendre de dispositions ? Ses sentiments ressemblaient \u00e0 une nu\u00e9e d'oiseaux qui descendent en piqu\u00e9 vers un coin de champ puis restent en suspens dans les airs, tous tremblant \u00e0 leur place \u00e9quidistante, pour ensuite refluer, comme une banni\u00e8re ballott\u00e9e tant\u00f4t dans un sens, tant\u00f4t dans l'autre. \r\nQu'avait-elle connu de plus excitant que la pens\u00e9e de cette lettre ? Avait-elle peur de rencontrer Robin, la personne de Robin ? Non, bien s\u00fbr que non. Cette rencontre qu'il sugg\u00e9rait, n'\u00e9tait-elle pas tout juste ce qui lui avait sembl\u00e9 pratiquement in\u00e9luctable ? Pourquoi se comportait-elle de fa\u00e7on si immature ? \" \" Il arrive un moment dans la vie o\u00f9 vous comprenez qu'il y a une limite \u00e0 ce que vous pouvez obtenir des autres, et une limite \u00e0 ce qu'est en soi votre propre personnalit\u00e9. C'est exactement l'histoire d'Une fille en hiver. \"","authors":["Philip Larkin","Guy Le Gaufey"],"category_codes":["1000000","1010000"],"visuals":{"large":"https:\/\/images.epagine.fr\/061\/9782362800061_1_75.jpg","medium":"https:\/\/images.epagine.fr\/061\/9782362800061_1_m.jpg","thumbnail":"https:\/\/images.epagine.fr\/061\/9782362800061_1_v.jpg"},"orderable":true,"show_badge":true,"formatted_price":"20,30&nbsp;\u20ac","formatted_published_date":"4 novembre 2011","publisher_availability_label":"Sur commande","short_details":"Philip Larkin, Guy Le Gaufey \u2014 Thierry Marchaisse","translator":"GUY LE GAUFEY","weight":355,"page_count":272,"readership":null,"editor":"Thierry Marchaisse","price":2030,"published_date":"2011-11-03T23:00:00.000000Z","support":"Grand format","publisher_availability":1,"stock":0,"editions":[],"url":"https:\/\/quaidesbrumes.com\/ouvrage\/9782362800061\/une-fille-en-hiver"},{"id":"9782844852144","title":"Les bouteilles se couchent","description":"Depuis la publication du t\u00e9moignage de Jean-Michel Mension, La Tribu (Allia, 1998), on conna\u00eet mieux la pr\u00e9histoire de l'aventure situationniste, en particulier la p\u00e9riode 1952-1953 au cours de laquelle Debord et ses camarades lettristes se retrouvaient dans un bistrot de la rue du Four, Chez Moineau. Mais hormis les photos d\u00e9sormais c\u00e9l\u00e8bres d'Ed van der Elsken, on dispose de peu de documents d'\u00e9poque susceptibles d'\u00e9voquer l'atmosph\u00e8re de ce point de ralliement de la boh\u00e8me artistique et de la jeunesse d\u00e9linquante de Saint-Germain-des-Pr\u00e9s. Dans sa correspondance, Debord cite parfois le roman o\u00f9 l'un des membres du groupe, Patrick Straram, avait mis en sc\u00e8ne toute la petite tribu des \"Moineaux\" ; mais il n'en subsistait que le titre : Les Bouteilles se couchent. On croyait le texte perdu. Jean-Marie Apostolid\u00e8s et Boris Donn\u00e9 en ont retrouv\u00e9 les manuscrits \u00e9pars \u00e0 la Biblioth\u00e8que nationale du Qu\u00e9bec et proposent ici une reconstruction de ce r\u00e9cit o\u00f9 apparaissent G. Debord, M. Bernstein, J-M.\r\nMension, I. Chtcheglov, J-C. Guilbert et bien d'autres. L'\u00e9criture de Straram, tr\u00e8s in fluenc\u00e9e par le jazz, se cherche encore : mais ce petit r\u00e9cit vaut par ses portraits, par la vivacit\u00e9 de ses dialogues, et par la fantaisie d'une intrigue inspir\u00e9e de Jarry o\u00f9 le bistrot Moineau devient un navire \u00e0 la d\u00e9rive dans le Quartier Latin !","authors":["Patrick Straram"],"category_codes":["1000000","1010000"],"visuals":{"large":"https:\/\/images.epagine.fr\/144\/9782844852144_1_75.jpg","medium":"https:\/\/images.epagine.fr\/144\/9782844852144_1_m.jpg","thumbnail":"https:\/\/images.epagine.fr\/144\/9782844852144_1_v.jpg"},"orderable":true,"show_badge":true,"formatted_price":"6,20&nbsp;\u20ac","formatted_published_date":"27 avril 2006","publisher_availability_label":"Sur commande","short_details":"Patrick Straram \u2014 \u00c9ditions Allia","translator":null,"weight":130,"page_count":140,"readership":null,"editor":"\u00c9ditions Allia","price":620,"published_date":"2006-04-26T22:00:00.000000Z","support":"Grand format","publisher_availability":1,"stock":0,"editions":[],"url":"https:\/\/quaidesbrumes.com\/ouvrage\/9782844852144\/les-bouteilles-se-couchent"},{"id":"9782918471387","title":"Spleen machine","description":"Alix, dix-sept ans, en premi\u00e8re S au lyc\u00e8e Balzac est populaire, adul\u00e9e par quelques inconditionnels. Un parcours sans faille. Anna, sa m\u00e8re, a escalad\u00e9 \u00e0 la vitesse de l'\u00e9clair les marches de son ambitieuse carri\u00e8re, \u00e9paul\u00e9e par son mari Arnaud. Une famille id\u00e9ale, un \u00e9quilibre apparent, des vies parall\u00e8les apais\u00e9es... \r\nMais conna\u00eet-on vraiment sa famille?  Un bonheur suspendu, avant que n'\u00e9clate au grand jour les secrets innocents, les d\u00e9sirs enfouis, les blessures mortelles.","authors":["Marie-laure Hubert nasser"],"category_codes":["1000000","1010000"],"visuals":{"large":"https:\/\/images.epagine.fr\/387\/9782918471387_1_75.jpg","medium":"https:\/\/images.epagine.fr\/387\/9782918471387_1_m.jpg","thumbnail":"https:\/\/images.epagine.fr\/387\/9782918471387_1_v.jpg"},"orderable":true,"show_badge":true,"formatted_price":"19,50&nbsp;\u20ac","formatted_published_date":"3 f\u00e9vrier 2015","publisher_availability_label":"Sur commande","short_details":"Marie-laure Hubert nasser \u2014 \u00c9ditions Passiflore","translator":null,"weight":330,"page_count":240,"readership":null,"editor":"\u00c9ditions Passiflore","price":1950,"published_date":"2015-02-02T23:00:00.000000Z","support":"Grand format","publisher_availability":1,"stock":0,"editions":[],"url":"https:\/\/quaidesbrumes.com\/ouvrage\/9782918471387\/spleen-machine"},{"id":"9782845472259","title":"Lady black","description":"\u00ab Livre \u00e0 la tonalit\u00e9 intimiste douce-am\u00e8re, o\u00f9 se m\u00ealent douleur et bonheur, volont\u00e9 de vivre et d\u00e9sir de mourir, Lady Black annonce bien des textes ult\u00e9rieurs, qui d\u00e9clineront les th\u00e8mes abord\u00e9s ici : la famille, l'enfance, l'amour, la mort, les souffrances de l'\u00e2me comme du corps, dues aux amours contrari\u00e9es (qu'elles soient ou non de m\u00eame sexe), sous de multiples variantes gr\u00e2ce auxquelles l'auteur transpose ses exp\u00e9riences et ses convictions profondes. Mais cet ouvrage les traite avec une virulence et une col\u00e8re inusit\u00e9es. Pour les non-familiers de l'oeuvre, il les projettera, brutalement peut\u00eatre, dans l'univers d'Yves Navarre, en d\u00e9voilant ses pr\u00e9occupations et ses hantises. Pour ceux qui connaissent d\u00e9j\u00e0 certains textes, il permet de d\u00e9couvrir ou de red\u00e9couvrir un livrecl\u00e9 dont l'importance et l'aspect novateur, voire avant-gardiste, m\u00e9ritent, encore aujourd'hui, d'\u00eatre soulign\u00e9s. \u00bb","authors":["Yves Navarre"],"category_codes":["1000000","1010000"],"visuals":{"large":"https:\/\/images.epagine.fr\/259\/9782845472259_1_75.jpg","medium":"https:\/\/images.epagine.fr\/259\/9782845472259_1_m.jpg","thumbnail":"https:\/\/images.epagine.fr\/259\/9782845472259_1_v.jpg"},"orderable":true,"show_badge":true,"formatted_price":"9,90&nbsp;\u20ac","formatted_published_date":"19 octobre 2011","publisher_availability_label":"Sur commande","short_details":"Yves Navarre \u2014 H&O","translator":null,"weight":250,"page_count":480,"readership":null,"editor":"H&O","price":990,"published_date":"2011-10-18T22:00:00.000000Z","support":"Poche","publisher_availability":1,"stock":0,"editions":[],"url":"https:\/\/quaidesbrumes.com\/ouvrage\/9782845472259\/lady-black"},{"id":"9782917897072","title":"Conchito","description":"Biographie de l'auteur :\r\nPascal Juan, d'origine franco-espagnole, n\u00e9 en 1965 \u00e0 Montpellier, a d\u00e9but\u00e9 dans l'enseignement des Lettres avant de se tourner vers le journalisme en free-lance, la litt\u00e9rature en dilettante et les vacances en Andalousie. Auteur de nombreuses nouvelles, parfois publi\u00e9es, il a remport\u00e9 plusieurs prix dans diff\u00e9rents concours nationaux. \u00abConchito\u00bb est son premier roman \u00e9dit\u00e9.\r\nPatrick, v\u00e9g\u00e8te. Au ch\u00f4mage depuis trop longtemps, il cherche ce qui va lui permettre de gagner dignement sa vie et sa place dans la soci\u00e9t\u00e9. Il se dit que toutes les id\u00e9es sont bonnes \u00e0 prendre. Fin connaisseur des niches commerciales pour avoir t\u00e2t\u00e9 de l'interim, il d\u00e9cide de cr\u00e9er sa petite entreprise. Il passe donc une petite annonce et s'instaure un code moral : faire le m\u00e9nage nu oui, se prostituer non. S'enchainent alors les contrats chez de vieilles dames bien dignes, et une client\u00e8le insolite. Parfois une main s'\u00e9gare mais Conchito ne couche pas, qu'on se le dise ! Sorti tout nu du jardin d'Eden, il ne demande qu'\u00e0 exercer tranquillement le maniement de l'aspirateur en dodelinant des bijoux de famille, comme un honn\u00eate petit artisan.\r\nLes euros s'accumulent et le frigidaire se remplit enfin...\r\nSi au d\u00e9but l'affaire est plut\u00f4t brillante, pour sa long\u00e9vit\u00e9 elle exige n\u00e9anmoins de rechercher une nouvelle client\u00e8le. Et dans ce genre d'activit\u00e9, il n'est pas rare d'assister \u00e0 des d\u00e9rives baroques voire dissolues... Rattrap\u00e9 par la pr\u00e9carit\u00e9 sociale, il s'\u00e9panche peu \u00e0 peu sur sa bouteille tout en fantasmant sur sa voisine et s'aper\u00e7oit au m\u00eame moment que son sexe r\u00e9tr\u00e9cit aspir\u00e9 de l'int\u00e9rieur.\r\nEn lisant le livre Conchito de Pascal Juan, on ne peut \u00e9chapper \u00e0 la question de l'identit\u00e9 masculine ou la recherche de nouveaux codes de virilit\u00e9.\r\nLes hommes vivent une \u00e9poque particuli\u00e8rement d\u00e9stabilisante. Pris en tenaille entre les pr\u00e9ceptes de leurs m\u00e8res (ne pas montrer ses sentiments, se blinder le corps et l'esprit, avoir de l'ambition pour deux et du punch pour trois) et les nouvelles exigences de leurs compagnes (\u00eatre tendre, avouer ses faiblesses, assumer sa part f\u00e9minine...), les hommes ne savent plus \u00e0 quel mod\u00e8le se vouer.\r\nAvant, l'identit\u00e9 masculine \u00e9tait facilement identifiable par des attributs de comportement, le rapport \u00e0 l'argent, la r\u00e9ussite professionnelle, la capacit\u00e9 de plaire aux femmes. Jusqu'au jour o\u00f9 elles sont sorties de chez elles.\r\nD\u00e8s lors, concurrenc\u00e9s sur leurs propres plates-bandes professionnelles, ils trouvent en rentrant chez eux des femmes plus exigeantes, autonomes et ind\u00e9pendantes financi\u00e8rement.\r\nToutes les id\u00e9es, m\u00eames les plus saugrenues, sont permises pour affronter la crise et tenter de construire un emploi stable.\r\n\u00c9maill\u00e9 d'un humour grin\u00e7ant et d'une tristesse ambiante, Pascal Juan r\u00e9ussit \u00e0 nous d\u00e9peindre un personnage d\u00e9sopilant et d\u00e9sabus\u00e9 tout en \u00e9vitant l'\u00e9cueil de la vulgarit\u00e9. M\u00eame si son humour aiguis\u00e9 nous laisse \u00e9chapper un rire g\u00ean\u00e9, le roman reste n\u00e9anmoins une trag\u00e9die sur fond de pr\u00e9carit\u00e9 sociale.\r","authors":["Pascal Juan"],"category_codes":["1000000","1010000"],"visuals":{"large":"https:\/\/images.epagine.fr\/072\/9782917897072_1_75.jpg","medium":"https:\/\/images.epagine.fr\/072\/9782917897072_1_m.jpg","thumbnail":"https:\/\/images.epagine.fr\/072\/9782917897072_1_v.jpg"},"orderable":true,"show_badge":true,"formatted_price":"18,00&nbsp;\u20ac","formatted_published_date":"21 octobre 2014","publisher_availability_label":"Sur commande","short_details":"Pascal Juan \u2014 Presque Lune","translator":null,"weight":330,"page_count":282,"readership":null,"editor":"Presque Lune","price":1800,"published_date":"2014-10-20T22:00:00.000000Z","support":"Grand format","publisher_availability":1,"stock":0,"editions":[],"url":"https:\/\/quaidesbrumes.com\/ouvrage\/9782917897072\/conchito"},{"id":"9782070772452","title":"Quatre animaux fabuleux","description":"On peignait le Basilic avec des pieds, des ailes, une queue de serpent, une cr\u00eate \u00e0 peu pr\u00e8s semblable \u00e0 celle d'un Coq. On pensait qu'il naissait de l'oeuf d'un Coq couv\u00e9 par un Serpent ou un Crapaud, et qu'il tuait de loin, qu'il empoisonnait par les yeux. Du Gryphon, beaucoup pensaient qu'il \u00e9tait de la race des animaux mixtes, et qu'il ressemblait par devant \u00e0 l'Aigle, et par derri\u00e8re au Lion, avec des oreilles droites, quatre pieds et une longue queue. Le Ph\u00e9nix \u00e9tait aux yeux de Tertullien \u00abparticulier \u00e0 l'Orient, c\u00e9l\u00e8bre par son caract\u00e8re unique, monstrueux par son mode de reproduction, qui se redonne la vie \u00e0 lui-m\u00eame en c\u00e9l\u00e9brant ses propres fun\u00e9railles, quittant la vie par une mort qui est une naissance\u00bb. Nicandre, enfin, est le premier \u00e0 avoir affirm\u00e9 que l'Amphisb\u00e8ne \u00e9tait une esp\u00e8ce de petit Serpent, qui marche en avant et en arri\u00e8re, et qui jouit de ce privil\u00e8ge unique d'avoir deux t\u00eates \u00e0 ses deux extr\u00e9mit\u00e9s.","authors":["Thomas Browne"],"category_codes":["1000000","1010000"],"visuals":{"large":"https:\/\/images.epagine.fr\/452\/9782070772452_1_75.jpg","medium":"https:\/\/images.epagine.fr\/452\/9782070772452_1_m.jpg","thumbnail":"https:\/\/images.epagine.fr\/452\/9782070772452_1_v.jpg"},"orderable":true,"show_badge":true,"formatted_price":"12,20&nbsp;\u20ac","formatted_published_date":"1er juillet 2004","publisher_availability_label":"Sur commande","short_details":"Thomas Browne \u2014 Gallimard","translator":null,"weight":135,"page_count":96,"readership":null,"editor":"Gallimard","price":1220,"published_date":"2004-06-30T22:00:00.000000Z","support":"Grand format","publisher_availability":1,"stock":0,"editions":[],"url":"https:\/\/quaidesbrumes.com\/ouvrage\/9782070772452\/quatre-animaux-fabuleux"},{"id":"9782953366464","title":"Br\u00fblons tous ces punks pour l'amour des elfes","description":"Br\u00fblons tous ces punks pour l'amour des elfes est un livre \u00e9tonnant parce que Julien Campredon est un auteur insupportable. (Du genre \u00e0 vous proposer sans sourciller : un orateur capable de tuer d'ennui un mauvais auditoire ; un mus\u00e9e sous alarme assailli par des hordes de punks et d\u00e9fendu \u00e0 la mitraillette, ou encore des vendanges d\u00e9cadentes sur fond de the Clash.) Pourtant, ne vous y trompez pas, Julien Campredon est aussi, \u00e0 sa mani\u00e8re bien particuli\u00e8re, un excellent fabuliste. La r\u00e9alit\u00e9 entre ses doigts glisse r\u00e9guli\u00e8rement vers le conte et le merveilleux. Mais attention, pas de gentilles f\u00e9es ou d'elfes souriants chez lui. Les sir\u00e8nes sont s\u00e9duisantes parce qu'en fin de compte elles sont \u00e0 demi-nues, les vieux saules \u00e0 la Tolkien n'aiment pas du tout qu'on leur pisse dessus, et s'il est question de divination, ce n'est pas dans les boules de cristal ou les marcs de caf\u00e9, mais bien dans les lignes moites des culottes des filles.","authors":["Julien Campredon"],"category_codes":["1000000","1010000"],"visuals":{"large":"https:\/\/images.epagine.fr\/464\/9782953366464_1_75.jpg","medium":"https:\/\/images.epagine.fr\/464\/9782953366464_1_m.jpg","thumbnail":"https:\/\/images.epagine.fr\/464\/9782953366464_1_v.jpg"},"orderable":true,"show_badge":true,"formatted_price":"15,20&nbsp;\u20ac","formatted_published_date":"20 octobre 2011","publisher_availability_label":"Sur commande","short_details":"Julien Campredon \u2014 Monsieur Toussaint Louverture","translator":null,"weight":220,"page_count":160,"readership":null,"editor":"Monsieur Toussaint Louverture","price":1520,"published_date":"2011-10-19T22:00:00.000000Z","support":"Grand format","publisher_availability":1,"stock":0,"editions":[],"url":"https:\/\/quaidesbrumes.com\/ouvrage\/9782953366464\/brulons-tous-ces-punks-pour-lamour-des-elfes"},{"id":"9782369143116","title":"Miel et vin","description":"Au ch\u00e2teau, l'enfant \u00ab maudit \u00bb cause incendies, maladies et accidents mortels autour de lui. Rien ni personne ne lui r\u00e9siste. Ce b\u00e2tard finira pourtant par devenir Charles de l'Eperai, l'h\u00e9ritier en titre, dont le caract\u00e8re sombre n'est pas sans \u00e9voquer le personnage de Heathcliff cr\u00e9\u00e9 par Emily Bront\u00eb pour Les Hauts de Hurlevent. Non loin de l\u00e0, une enfant est abandonn\u00e9e dans la for\u00eat.\r\nRecueillie par une famille noble, elle grandit sous le nom de Judith de Monterlant. Les destin\u00e9es de ces deux \u00eatres vont se croiser : ils s'attirent irr\u00e9sistiblement. Amour et destruction, ils s'\u00e9garent dans les m\u00e9andres d'une passion d\u00e9vorante. Judith se marie pourtant avec un autre.\r\nEt Charles, malgr\u00e9 son rang, prend le parti de la R\u00e9volution et du peuple.","authors":["Myriam Chirousse"],"category_codes":["1000000","1010000"],"visuals":{"large":"https:\/\/images.epagine.fr\/116\/9782369143116_1_75.jpg","medium":"https:\/\/images.epagine.fr\/116\/9782369143116_1_m.jpg","thumbnail":"https:\/\/images.epagine.fr\/116\/9782369143116_1_v.jpg"},"orderable":true,"show_badge":true,"formatted_price":"11,80&nbsp;\u20ac","formatted_published_date":"18 ao\u00fbt 2016","publisher_availability_label":"Sur commande","short_details":"Myriam Chirousse \u2014 Libretto","translator":null,"weight":394,"page_count":472,"readership":null,"editor":"Libretto","price":1180,"published_date":"2016-08-17T22:00:00.000000Z","support":"Grand format","publisher_availability":1,"stock":0,"editions":[],"url":"https:\/\/quaidesbrumes.com\/ouvrage\/9782369143116\/miel-et-vin"},{"id":"9782290165850","title":"La dame du cirque","description":"Micha\u00ebla a abandonn\u00e9 son noble milieu pour devenir \u00e9cuy\u00e8re de cirque. Mais, apr\u00e8s avoir \u00e9pous\u00e9 le directeur, Hermann Kier, elle est victime d'un accident et perd la raison. Contre l'avis des m\u00e9decins, son mari la garde aupr\u00e8s de lui, enferm\u00e9e dans une roulotte d'o\u00f9 elle ne sort que le soir. La d\u00e9mente se croit princesse d'un royaume imaginaire... Sa \u00abcour\u00bb est form\u00e9e des artistes du cirque : clowns, funambules, trap\u00e9zistes et dompteurs. H\u00e9las, Micha\u00ebla craint d'avoir \u00e9t\u00e9 remplac\u00e9e dans le coeur d'Hermann par Isabelle. D\u00e8s lors, le drame menace ce trio amoureux pas comme les autres...","authors":["Guy Des cars"],"category_codes":["1000000","1010000"],"visuals":{"large":"https:\/\/images.epagine.fr\/850\/9782290165850_1_75.jpg","medium":"https:\/\/images.epagine.fr\/850\/9782290165850_1_m.jpg","thumbnail":"https:\/\/images.epagine.fr\/850\/9782290165850_1_v.jpg"},"orderable":true,"show_badge":true,"formatted_price":"6,00&nbsp;\u20ac","formatted_published_date":"17 octobre 2018","publisher_availability_label":"Sur commande","short_details":"Guy Des cars \u2014 J'ai Lu","translator":null,"weight":138,"page_count":256,"readership":null,"editor":"J'ai Lu","price":600,"published_date":"2018-10-16T22:00:00.000000Z","support":"Poche","publisher_availability":1,"stock":0,"editions":[],"url":"https:\/\/quaidesbrumes.com\/ouvrage\/9782290165850\/la-dame-du-cirque"},{"id":"9782369144045","title":"Star ou Psi de Cassiop\u00e9e","description":"Dans les montagnes de l'Himalaya, une exp\u00e9dition fait la d\u00e9couverte de plusieurs livres et manuscrits \u00e0 l'origine inconnue, cach\u00e9s \u00e0 l'int\u00e9rieur d'un coffre. Apr\u00e8s deux ann\u00e9es d'un travail de recherche, il est av\u00e9r\u00e9 que cet ensemble d'\u00e9crits est la correspondance entre deux sages aux origines extraterrestres.\r\nCes diff\u00e9rents \u00e9crits, dont la traduction nous est livr\u00e9e ici, d\u00e9crivent la faune, la flore, la litt\u00e9rature, et le syst\u00e8me politique d'une autre plan\u00e8te situ\u00e9e du c\u00f4t\u00e9 de la constellation de Cassiop\u00e9e que le compilateur nomme Star.\r\nCe roman est le tout premier space opera de l'histoire de la litt\u00e9rature. Pass\u00e9 inaper\u00e7u \u00e0 sa parution en 1854, le livre a \u00e9t\u00e9 red\u00e9couvert un si\u00e8cle plus tard par Raymond Queneau qui l'a consid\u00e9r\u00e9 comme pr\u00e9curseur de la science-fiction.","authors":["Charlemagne ischir Defontenay"],"category_codes":["1000000","1010000"],"visuals":{"large":"https:\/\/images.epagine.fr\/045\/9782369144045_1_75.jpg","medium":"https:\/\/images.epagine.fr\/045\/9782369144045_1_m.jpg","thumbnail":"https:\/\/images.epagine.fr\/045\/9782369144045_1_v.jpg"},"orderable":true,"show_badge":true,"formatted_price":"9,10&nbsp;\u20ac","formatted_published_date":"4 octobre 2018","publisher_availability_label":"Sur commande","short_details":"Charlemagne ischir Defontenay \u2014 Libretto","translator":null,"weight":210,"page_count":246,"readership":null,"editor":"Libretto","price":910,"published_date":"2018-10-03T22:00:00.000000Z","support":"Poche","publisher_availability":1,"stock":0,"editions":[],"url":"https:\/\/quaidesbrumes.com\/ouvrage\/9782369144045\/star-ou-psi-de-cassiopee"},{"id":"9782864326120","title":"L'art du contresens","description":"Un voyage dans le temps et dans l'espace tissant l'exp\u00e9rience concr\u00e8te - celle de l'apprentissage du tir \u00e0 l'arc japonais - avec l'introspection individuelle et l'histoire collective. Un r\u00e9cit de voyage qui est aussi une histoire d'amour et une m\u00e9ditation ponctu\u00e9e par des \u00e9clats de rire?; un voyage \u00e0 contresens sur l'\u00eele la plus propice aux contresens?: le Japon. Extrait On pourrait croire qu'au pays des bonsa\u00efs la circulation des v\u00e9los est organis\u00e9e aussi m\u00e9ticuleusement que celle de la s\u00e8ve des arbousiers. Elle est soumise \u00e0 un arbitraire total, qui cro\u00eet \u00e0 mesure de l'\u00e2ge des protagonistes et de l'\u00e9loignement de la capitale pour atteindre un paroxysme \u00e0 Ky\u00f4to, chez l'octog\u00e9naire, dont la conduite atteint une perfection pareille \u00e0 celle des vieux calligraphes?: d\u00e9barrass\u00e9e de toutes les fioritures, lib\u00e9r\u00e9e de l'attachement \u00e0 la r\u00e9alit\u00e9, elle consiste \u00e0 tracer son chemin en ligne droite en fonction du but \u00e0 atteindre sans tenir aucun compte ni des sens interdits, ni des voitures, ni des pi\u00e9tons, ni a fortiori des autres v\u00e9los. L'allure de ces ob\u00e2sans est celle d'un char d'assaut?: elles parviennent \u00e0 donner \u00e0 leur silhouette minuscule un volume insoup\u00e7onn\u00e9 en d\u00e9ployant de part et d'autre de leur destrier de m\u00e9tal leurs coudes et leurs genoux comme des ailerons, et en poussant en avant leurs \u00e9paules rachitiques, dans lesquelles elles rentrent des t\u00eates d'oiseaux de proie impassibles. On les voit souvent rouler \u00e0 contresens sur des art\u00e8res o\u00f9 d\u00e9boulent une file de bolides qu'elles ignorent majestueusement. Ponctuellement elles se pr\u00e9cipitent sur un pi\u00e9ton?; si celui-ci a le malheur de rester sur le trottoir, elles font mine de s'\u00e9craser sur l'avenue, freinent laborieusement quelques m\u00e8tres plus loin et restent ainsi au milieu de la route, prof\u00e9rant sans m\u00eame se retourner de vagues mal\u00e9dictions contre l'imprudent.\r\nLeur exemple est suivi tr\u00e8s t\u00f4t par les \u00e9coli\u00e8res les plus inoffensives?: elles d\u00e9veloppent une indiff\u00e9rence au sens de la circulation qui trouve son ach\u00e8vement \u00e0 Ky\u00f4to, o\u00f9 s'est d\u00e9velopp\u00e9 au plus haut point l'art du contresens.\r\nCet art est condens\u00e9 dans le tir \u00e0 l'arc japonais?: atrocement simple, puisque l'acte de plier l'arc \u00e0 l'envers de sa courbure naturelle pour y tendre la corde signe le moment o\u00f9 vous vous enfoncez dans l'envers des choses, et d\u00e9licieusement compliqu\u00e9, car vous devrez non pas bander l'arc, mais entrer en son int\u00e9rieur. Plut\u00f4t que d'actionner vos muscles vous devrez utiliser votre souffle et vos os. Votre main gauche tiendra l'arc sans le tenir?; votre main droite qui, dans l'ordre du visible, tire la corde, devra pousser la poign\u00e9e et votre main gauche qui, objectivement, pousse l'arc, devra \u00ab en esprit \u00bb tendre la corde. Cet oc\u00e9an de contradictions, qui donnerait des vertiges au loup de mer le plus amarin\u00e9, est r\u00e9sum\u00e9 dans la fa\u00e7on dont les fl\u00e8ches sont dispos\u00e9es avant le tir?: la premi\u00e8re regardant la cible, l'autre visant la direction oppos\u00e9e.","authors":["Vincent Eggericx"],"category_codes":["1000000","1010000"],"visuals":{"large":"https:\/\/images.epagine.fr\/120\/9782864326120_1_75.jpg","medium":"https:\/\/images.epagine.fr\/120\/9782864326120_1_m.jpg","thumbnail":"https:\/\/images.epagine.fr\/120\/9782864326120_1_v.jpg"},"orderable":true,"show_badge":true,"formatted_price":"14,20&nbsp;\u20ac","formatted_published_date":"26 ao\u00fbt 2010","publisher_availability_label":"Sur commande","short_details":"Vincent Eggericx \u2014 \u00c9ditions Verdier","translator":null,"weight":170,"page_count":128,"readership":null,"editor":"\u00c9ditions Verdier","price":1420,"published_date":"2010-08-25T22:00:00.000000Z","support":"Grand format","publisher_availability":1,"stock":0,"editions":[],"url":"https:\/\/quaidesbrumes.com\/ouvrage\/9782864326120\/lart-du-contresens"},{"id":"9782742799459","title":"Loin des bras","description":"L'Institut Alderson, pensionnat suisse pour gosses de riches, traverse des jours difficiles et pourrait changer de propri\u00e9taire.\r\nAussi le petit c\u00e9nacle des professeurs vit-il des jours angoiss\u00e9s. Ici chacun panse une blessure ou dissimule un secret\u00a0: un deuil, le vice du jeu, le d\u00e9shonneur d'avoir \u00e9t\u00e9 \u00abcollabo\u00bb, la l\u00e2chet\u00e9 d\u00e9guis\u00e9e en pacifisme, l'opprobre antis\u00e9mite, des amours \u00abcontre nature\u00bb, le sentiment d'avoir \u00e9t\u00e9 abandonn\u00e9. Dans ce refuge de solitudes et de destins bris\u00e9s, la paroi des silences se fendille peu \u00e0 peu, laissant \u00e0 nu des \u00eatres qui doutent autant d'aimer les autres que de s'aimer eux-m\u00eames.\r\nEn courts chapitres extr\u00eamement prenants, Metin Arditi raconte ces quelques mois de crise. Il pousse chacun de ses personnages \u00e0 assumer ses faiblesses. Metin Arditi est un conteur hors pair et son roman est de ceux qui captivent. Le th\u00e9\u00e2tre, la danse, la litt\u00e9rature nourrissent un r\u00e9cit bondissant, aux ramifications multiples, qui pourtant jamais ne s'\u00e9carte de sa magistrale orchestration.","authors":["Metin Arditi"],"category_codes":["1000000","1010000"],"visuals":{"large":"https:\/\/images.epagine.fr\/459\/9782742799459_1_75.jpg","medium":"https:\/\/images.epagine.fr\/459\/9782742799459_1_m.jpg","thumbnail":"https:\/\/images.epagine.fr\/459\/9782742799459_1_v.jpg"},"orderable":true,"show_badge":true,"formatted_price":"10,20&nbsp;\u20ac","formatted_published_date":"12 ao\u00fbt 2011","publisher_availability_label":"Sur commande","short_details":"Metin Arditi \u2014 Actes Sud","translator":null,"weight":312,"page_count":432,"readership":null,"editor":"Actes Sud","price":1020,"published_date":"2011-08-11T22:00:00.000000Z","support":"Poche","publisher_availability":1,"stock":0,"editions":["9782742785353"],"url":"https:\/\/quaidesbrumes.com\/ouvrage\/9782742799459\/loin-des-bras"},{"id":"9782864326397","title":"Bric et broc","description":"Tout en pensant qu'il n'est pas ind\u00e9licat, pour un \u00e9crivain, de r\u00e9fl\u00e9chir \u00e0 sa pratique de l'\u00e9criture et de la lecture, que c'est m\u00eame assez souhaitable, je crois aussi qu'il doit se convaincre de ce que Val\u00e9ry \u00e9crivait dans Rhumbs : en art, les th\u00e9ories qu'on peut se former ne peuvent pr\u00e9tendre \u00e0 une port\u00e9e universelle, ce sont des bricolages qui servent surtout \u00e0 leurs auteurs, des lanternes qui n'\u00e9clairent, sur les chemins nocturnes, que ceux qui les portent. Ce recueil rassemble une collection h\u00e9t\u00e9roclite (comme son titre l'indique) de petites lanternes personnelles. A c\u00f4t\u00e9 de textes \u00e0 vis\u00e9e plus ou moins g\u00e9n\u00e9rale sur la litt\u00e9rature, on en trouvera d'autres dont l'objet est plus nettement circonscrit, notamment un hommage au Hugo des Choses vues et une lecture de l'Iliade o\u00f9 \u00e9clate, je l'esp\u00e8re, un peu de l'enthousiasme \u00e9prouv\u00e9 \u00e0 revisiter les beaut\u00e9s de cet immense po\u00e8me, que je n'avais plus fr\u00e9quent\u00e9 depuis ma jeunesse.","authors":["Olivier Rolin"],"category_codes":["1000000","1010000"],"visuals":{"large":"https:\/\/images.epagine.fr\/397\/9782864326397_1_75.jpg","medium":"https:\/\/images.epagine.fr\/397\/9782864326397_1_m.jpg","thumbnail":"https:\/\/images.epagine.fr\/397\/9782864326397_1_v.jpg"},"orderable":true,"show_badge":true,"formatted_price":"13,70&nbsp;\u20ac","formatted_published_date":"3 mars 2011","publisher_availability_label":"Sur commande","short_details":"Olivier Rolin \u2014 \u00c9ditions Verdier","translator":null,"weight":187,"page_count":139,"readership":null,"editor":"\u00c9ditions Verdier","price":1370,"published_date":"2011-03-02T23:00:00.000000Z","support":"Grand format","publisher_availability":1,"stock":0,"editions":[],"url":"https:\/\/quaidesbrumes.com\/ouvrage\/9782864326397\/bric-et-broc"},{"id":"9782864326403","title":"Au bout des com\u00e9dies","description":"Qu'elle s'exalte dans la gloire ou se dissolve dans la d\u00e9ch\u00e9ance, la dignit\u00e9 humaine ne va pas sans une part d'absurde, d'ironie saugrenue, de d\u00e9rision subsidiaire. C'est ce que rel\u00e8ve Bernanos lorsqu'il affirme que \" le ridicule n'est jamais tr\u00e8s \u00e9loign\u00e9 du sublime \". Dans une suite de tableaux aussi tendres que cruels, Michel Jullien d\u00e9cline cette loi en l'appliquant \u00e0 une galerie de h\u00e9ros des si\u00e8cles pass\u00e9s. Hommes, femmes, enfants, animaux se d\u00e9battent sous nos yeux, en plein risible, lorsque vacille leur destin, quand s'interrompt pour eux l'agitation vaine du monde. Ovide chez les Barbares, Sarah Bernhardt amput\u00e9e face \u00e0 Roald Amundsen conqu\u00e9rant du p\u00f4le Sud, l'\u00e9l\u00e9phant neurasth\u00e9nique de L\u00e9on X enferm\u00e9 au Vatican, un condamn\u00e9 devenu app\u00e2t des sauvages sur la route des Indes, l'athl\u00e8te Astylos de Crotone vou\u00e9 \u00e0 l'anath\u00e8me par ses concitoyens... toute une humanit\u00e9 qui, face \u00e0 l'adversit\u00e9 du monde - guerre, racisme, ostracisme, exil, maladie - ou en qu\u00eate de prodiges d\u00e9risoires ou admirables, tant\u00f4t s'effondre, s'efface ou ench\u00e9rit, tant\u00f4t consent \u00e0 sa condition.","authors":["Michel Jullien"],"category_codes":["1000000","1010000"],"visuals":{"large":"https:\/\/images.epagine.fr\/403\/9782864326403_1_75.jpg","medium":"https:\/\/images.epagine.fr\/403\/9782864326403_1_m.jpg","thumbnail":"https:\/\/images.epagine.fr\/403\/9782864326403_1_v.jpg"},"orderable":true,"show_badge":true,"formatted_price":"16,23&nbsp;\u20ac","formatted_published_date":"3 mars 2011","publisher_availability_label":"Sur commande","short_details":"Michel Jullien \u2014 \u00c9ditions Verdier","translator":null,"weight":244,"page_count":192,"readership":null,"editor":"\u00c9ditions Verdier","price":1623,"published_date":"2011-03-02T23:00:00.000000Z","support":"Grand format","publisher_availability":1,"stock":0,"editions":[],"url":"https:\/\/quaidesbrumes.com\/ouvrage\/9782864326403\/au-bout-des-comedies"},{"id":"9782357070189","title":"Bushi no nasake ; la tendresse du guerrier","description":"Le narrateur, karat\u00e9ka amateur, d\u00e9roule le fil de son existence \u00e0 travers les gestes de ce que les Japonais consid\u00e8rent comme un art. Les kata du karat\u00e9ka expriment les grands combats d'une vie. Les attitudes d'un individu face \u00e0 la peur ou \u00e0 la honte (Heian sh\u00f4dan) ; le vieillissement (Heian nidan) ; la mort (Heian sandan) ; le d\u00e9sir, la sexualit\u00e9 (Heian yodan) et l'estime de soi (Heian godan). Un livre qui met le lecteur au tapis.","authors":["Christophe Fourvel"],"category_codes":["1000000","1010000"],"visuals":{"large":"https:\/\/images.epagine.fr\/189\/9782357070189_1_75.jpg","medium":"https:\/\/images.epagine.fr\/189\/9782357070189_1_m.jpg","thumbnail":"https:\/\/images.epagine.fr\/189\/9782357070189_1_v.jpg"},"orderable":true,"show_badge":true,"formatted_price":"18,30&nbsp;\u20ac","formatted_published_date":"10 f\u00e9vrier 2011","publisher_availability_label":"Sur commande","short_details":"Christophe Fourvel \u2014 La Fosse aux Ours","translator":null,"weight":305,"page_count":253,"readership":null,"editor":"La Fosse aux Ours","price":1830,"published_date":"2011-02-09T23:00:00.000000Z","support":"Grand format","publisher_availability":1,"stock":0,"editions":[],"url":"https:\/\/quaidesbrumes.com\/ouvrage\/9782357070189\/bushi-no-nasake-la-tendresse-du-guerrier"},{"id":"9782864326441","title":"Le messager","description":"\"Se pourrait-il que tout cela ne soit qu'un r\u00eave, que tu ne sois rien d'autre qu'un produit de mon imagination, et que toutes les conversations que j'ai eues avec toi par le pass\u00e9 ne soient que des songes ?\" C'est dans les ge\u00f4les de Ferrare que Le Tasse \u00e9crivit en ao\u00fbt 1580 Le Messager, un de ses dialogues les plus myst\u00e9rieux, les plus envo\u00fbtants, les plus vifs aussi.\r\nIl porte sur ces voix qui nous traversent, nous aident et nous sollicitent dans le r\u00eave comme dans l'existence vigile. Chacun d'entre nous a d\u00e9j\u00e0 rencontr\u00e9 ces cr\u00e9atures que Walter Benjamin d\u00e9finit comme \"cr\u00e9pusculaires\" et inachev\u00e9es, semblables aux gandharva des sagas indiennes, mi-g\u00e9nies c\u00e9lestes, mi-d\u00e9mons. Ainsi, nous sommes peupl\u00e9s : de r\u00eaves, de visions, de contemplations, d'images - de messagers.\r\nEt si nous sommes si peu certains de l'existence de ces \u00eatres que nous recourons souvent \u00e0 l'expression convenue de \"fant\u00f4mes\", toute une tradition nous pr\u00e9c\u00e8de qui accordait \u00e0 ces apparitions, \u00e0 la mani\u00e8re dont elles s'inscrivent et agissent en nous un int\u00e9r\u00eat qui d\u00e9passe de loin l'histoire des id\u00e9es. Quand Montaigne rendit visite au Tasse, \"l'un des plus judicieux, ing\u00e9nieux et plus form\u00e9s \u00e0 l'air de cette antique et pure po\u00e9sie qu'autre po\u00e8te Italien avait de longtemps \u00e9t\u00e9\", il \u00e9voqua \"cette clart\u00e9 qui l'a aveugl\u00e9\".\r\nCette sombre clart\u00e9 nous \u00e9claire. Elle fait de la lecture du Messager un voyage parmi les figures du pass\u00e9 ainsi qu'une exploration parmi les ombres nul nous habitent.","authors":["Le tasse"],"category_codes":["1000000","1010000"],"visuals":{"large":"https:\/\/images.epagine.fr\/441\/9782864326441_1_75.jpg","medium":"https:\/\/images.epagine.fr\/441\/9782864326441_1_m.jpg","thumbnail":"https:\/\/images.epagine.fr\/441\/9782864326441_1_v.jpg"},"orderable":true,"show_badge":true,"formatted_price":"14,50&nbsp;\u20ac","formatted_published_date":"13 avril 2012","publisher_availability_label":"Sur commande","short_details":"Le tasse \u2014 \u00c9ditions Verdier","translator":null,"weight":166,"page_count":117,"readership":null,"editor":"\u00c9ditions Verdier","price":1450,"published_date":"2012-04-12T22:00:00.000000Z","support":"Grand format","publisher_availability":1,"stock":0,"editions":[],"url":"https:\/\/quaidesbrumes.com\/ouvrage\/9782864326441\/le-messager"}]}