{"data":[{"id":"9782369140986","title":"Psaumes balbuti\u00e9s ; livre d'heures de ma m\u00e8re","description":"Erwin Mortier raconte ici, sous forme de somptueux fragments, la d\u00e9ch\u00e9ance de sa m\u00e8re frapp\u00e9e par la maladie d'Alzheimer. Suivant au plus pr\u00e8s la progression du mal qui a \u00ab commenc\u00e9 \u00e0 tisser sa dentelle ajour\u00e9e dans [son] esprit \u00bb, l'auteur compose des psaumes \u00ab balbuti\u00e9s \u00bb qui disent la douleur de lentement perdre l'\u00eatre aim\u00e9 en une prose po\u00e9tique qui transcende ce naufrage.\r\nErwin Mortier met en mots ce moment si intime, cette fin aux allures de parcours du combattant pour chacun des membres de la famille, en particulier pour son p\u00e8re, et fait de cette histoire un chant d'adieu universel.\r\n\u00c0 la lecture de ces Psaumes balbuti\u00e9s, le lecteur ne peut s'emp\u00eacher d'avoir une pens\u00e9e pour le film Amour de Michael Haneke, Palme d'Or 2012 et C\u00e9sar du meilleur film 2012.\r\n\r\nL'auteur raconte la lente d\u00e9ch\u00e9ance de sa m\u00e8re frapp\u00e9e par la maladie d'Alzheimer, ses cons\u00e9quences sur chacun des membres de la famille. Une histoire intime bouleversante transcend\u00e9e par un style po\u00e9tique conf\u00e9rant au sujet une port\u00e9e universelle.","authors":["Erwin Mortier","Marie Hooghe"],"category_codes":["1000000","1010000"],"visuals":{"large":"https:\/\/images.epagine.fr\/986\/9782369140986_1_75.jpg","medium":"https:\/\/images.epagine.fr\/986\/9782369140986_1_m.jpg","thumbnail":"https:\/\/images.epagine.fr\/986\/9782369140986_1_v.jpg"},"orderable":true,"show_badge":true,"formatted_price":"8,70&nbsp;\u20ac","formatted_published_date":"10 septembre 2015","publisher_availability_label":"Sur commande","short_details":"Erwin Mortier, Marie Hooghe \u2014 Libretto","translator":"MARIE HOOGHE","weight":164,"page_count":368,"readership":null,"editor":"Libretto","price":870,"published_date":"2015-09-09T22:00:00.000000Z","support":"Grand format","publisher_availability":1,"stock":0,"editions":["9782213671253"],"url":"https:\/\/quaidesbrumes.com\/ouvrage\/9782369140986\/psaumes-balbuties-livre-dheures-de-ma-mere"},{"id":"9782365331098","title":"Tes yeux dans une ville grise","description":"Ous les jours, Jerem\u00edas traverse en bus la capitale p\u00e9ruvienne pour se rendre \u00e0 l'universit\u00e9. Sous son regard sensible et lucide d\u00e9file la Lima d'aujourd'hui, o\u00f9 coexistent quartiers pauvres et zones richissimes.\r\nD\u00e9senchant\u00e9, Jerem\u00edas est le repr\u00e9sentant parfait d'une g\u00e9n\u00e9ration qui n'a jamais pu int\u00e9grer la pr\u00e9tendue \u00ab soci\u00e9t\u00e9 parfaite \u00bb des ann\u00e9es 1990 en Am\u00e9rique du Sud.\r\nR\u00e9cit po\u00e9tique, portrait urbain, roman social, Tes yeux dans une ville grise est servi par une \u00e9criture pr\u00e9cise et fragmentaire. L'ouvrage a \u00e9t\u00e9 finaliste du prix du roman Fernando Qui\u00f1ones en 2010, d\u00e9cern\u00e9 par la fondation Unicaja. En France, le roman a fait partie de la premi\u00e8re s\u00e9lection du festival du premier roman de Chamb\u00e9ry en 2012.","authors":["Martin Mucha","Antonia Garcia castro"],"category_codes":["1000000","1010000"],"visuals":{"large":"https:\/\/images.epagine.fr\/098\/9782365331098_1_75.jpg","medium":"https:\/\/images.epagine.fr\/098\/9782365331098_1_m.jpg","thumbnail":"https:\/\/images.epagine.fr\/098\/9782365331098_1_v.jpg"},"orderable":true,"show_badge":true,"formatted_price":"18,00&nbsp;\u20ac","formatted_published_date":"28 octobre 2021","publisher_availability_label":"Sur commande","short_details":"Martin Mucha, Antonia Garcia castro \u2014 Asphalte \u00c9ditions","translator":"ANTONIA GARCIA CASTRO","weight":188,"page_count":176,"readership":null,"editor":"Asphalte \u00c9ditions","price":1800,"published_date":"2021-10-27T22:00:00.000000Z","support":"Grand format","publisher_availability":1,"stock":0,"editions":[],"url":"https:\/\/quaidesbrumes.com\/ouvrage\/9782365331098\/tes-yeux-dans-une-ville-grise"},{"id":"9782070746699","title":"Bi : De la bisexualit\u00e9 masculine","description":"\u00abLa bisexualit\u00e9 masculine se situe moins aux confins de l'homosexualit\u00e9 que dans les trous de la vie. Dans ces rares moments o\u00f9 on \u00e9chappe \u00e0 soi-m\u00eame, o\u00f9 on \u00e9chappe \u00e0 tout. Virtuose de la fugue, le bisexuel en conna\u00eet un bout sur la fa\u00e7on de tromper la compagnie. Il passe le sexe des gar\u00e7ons en contrebande. Comme Verlaine, il est toujours entre les gar\u00e7ons et les filles, le serment et le parjure, le pair et l'impair, le ciel et la flaque. C'est son ombre sur terre qu'on voit. C'est le Passe-Muraille de Marcel Aym\u00e9. C'est Outis (Personne), nom que se donne Ulysse pour abuser Polyph\u00e8me. Le bisexuel vit \u00e0 la pliure des choses. Il ne s'absente pas, il se d\u00e9place. Son jeu, d'ailleurs, n'est pas tant de se masquer que de masquer le jeu lui-m\u00eame. En quoi la bisexualit\u00e9 est une \u00e9rotique et une esth\u00e9tique.\u00bb Jean-Luc Hennig.","authors":["Jean-luc Hennig"],"category_codes":["1000000","1010000"],"visuals":{"large":"https:\/\/images.epagine.fr\/699\/9782070746699_1_75.jpg","medium":"https:\/\/images.epagine.fr\/699\/9782070746699_1_m.jpg","thumbnail":"https:\/\/images.epagine.fr\/699\/9782070746699_1_v.jpg"},"orderable":true,"show_badge":true,"formatted_price":"12,40&nbsp;\u20ac","formatted_published_date":"15 octobre 1996","publisher_availability_label":"Sur commande","short_details":"Jean-luc Hennig \u2014 Gallimard","translator":null,"weight":208,"page_count":160,"readership":null,"editor":"Gallimard","price":1240,"published_date":"1996-10-14T22:00:00.000000Z","support":"Grand format","publisher_availability":1,"stock":0,"editions":[],"url":"https:\/\/quaidesbrumes.com\/ouvrage\/9782070746699\/bi-de-la-bisexualite-masculine"},{"id":"9782246775911","title":"L'homme qui ha\u00efssait les femmes","description":"Montr\u00e9al, d\u00e9cembre 1989. Un matin comme les autres \u00e0 Polytechnique. Soudain, en plein cours, un jeune homme fait irruption dans une salle, et tout bascule. Il sort de son sac un fusil, abat toutes les filles de la classe, et va poursuivre son carnage dans les couloirs de l'\u00e9cole. Il ne vise que les femmes. Au total, il en tuera quatorze, avant de retourner l'arme contre lui.\r\nPourquoi cette folie meurtri\u00e8re, chez un gar\u00e7on apparemment sans histoires ? Par haine des f\u00e9ministes. Elles lui ont - \u00e9crivait-il avant de se tuer - g\u00e2ch\u00e9 la vie...\r\nA partir d'un fait divers qui traumatisa le Qu\u00e9bec, Elise Fontenaille dresse le portrait d'un enfant br\u00fbl\u00e9. Et ausculte une soci\u00e9t\u00e9 qui en moins d'une g\u00e9n\u00e9ration est pass\u00e9e cu catholicisme tout-puissant \u00e0 un f\u00e9minisme triomphant, non sans heurts.","authors":["Elise Fontenaille"],"category_codes":["1000000","1010000"],"visuals":{"large":"https:\/\/images.epagine.fr\/911\/9782246775911_1_75.jpg","medium":"https:\/\/images.epagine.fr\/911\/9782246775911_1_m.jpg","thumbnail":"https:\/\/images.epagine.fr\/911\/9782246775911_1_v.jpg"},"orderable":true,"show_badge":true,"formatted_price":"15,90&nbsp;\u20ac","formatted_published_date":"4 mai 2011","publisher_availability_label":"Sur commande","short_details":"Elise Fontenaille \u2014 \u00c9ditions Grasset","translator":null,"weight":202,"page_count":175,"readership":null,"editor":"\u00c9ditions Grasset","price":1590,"published_date":"2011-05-03T22:00:00.000000Z","support":"Grand format","publisher_availability":1,"stock":0,"editions":[],"url":"https:\/\/quaidesbrumes.com\/ouvrage\/9782246775911\/lhomme-qui-haissait-les-femmes"},{"id":"9782918823063","title":"Se coucher pour mourir","description":"Au d\u00e9but des ann\u00e9es 1970, \u00e0 Ankara, la capitale de la Turquie, une femme, Aysel, entre dans une chambre  d'h\u00f4tel, s'y d\u00e9shabille et se couche, bien d\u00e9cid\u00e9e \u00e0 boire le calice de la vie. Acte radical, c'est aussi le pr\u00e9texte  pour elle, dans ce cr\u00e9puscule d'une mort \u00adorchestr\u00e9e, de mesurer le chemin parcouru, de faire le bilan de son  \u00adexistence. Que de chemin en effet ! Fille de petit commer\u00e7ant d'Anatolie, Aysel devient professeure d'universit\u00e9 ! \r\nMais \u00e0 l'afflux des r\u00e9miniscences que reste-t-il ? Une libert\u00e9 durement acquise, une vie construite surtout  en r\u00e9ponse aux exhortations modernisatrices de la R\u00e9publique ; en butte aux valeurs et r\u00e9f\u00e9rences de sa famille. \r\nAlors cette existence, l'a-t-elle vraiment voulue ?    \r\n\r\nDans le sillage d'Aysel, l'auteure nous plonge aussi dans les vies des jeunes de son \u00e2ge, tout juste immerg\u00e9s  dans la Turquie moderne. C'est le journal intime du fils du sous-pr\u00e9fet appartenant \u00e0 l'\u00e9lite et a priori promis  \u00e0 un bel avenir qui nous est alors montr\u00e9, ou, a contrario, les souvenirs du jeune paysan que son instituteur  envoie \u00e0 Ankara afin qu'il essaie, justement, d'en avoir un d'avenir, ou la correspondance \u00e9pistolaire  de jeunes filles promises au mariage.  \r\n\r\nCe roman choral brosse un portrait vivant, complexe et subtil des trois \u00adpremi\u00e8res d\u00e9cennies de la r\u00e9publique  en Turquie apr\u00e8s la mort de Mustafa Kemal Atat\u00fcrk, de 1938 \u00e0 1968, et nous confronte \u00e9galement aux conflagrations  de la seconde guerre mondiale. Sont alors d\u00e9voil\u00e9s avec brio les espoirs, les illusions et les contradictions  de cette \u00e9poque et de cette modernit\u00e9 impos\u00e9e d'en haut.","authors":["Adalet Agaoglu","Fran\u00e7ois Skvor"],"category_codes":["1000000","1010000"],"visuals":{"large":"https:\/\/images.epagine.fr\/063\/9782918823063_1_75.jpg","medium":"https:\/\/images.epagine.fr\/063\/9782918823063_1_m.jpg","thumbnail":"https:\/\/images.epagine.fr\/063\/9782918823063_1_v.jpg"},"orderable":true,"show_badge":true,"formatted_price":"22,00&nbsp;\u20ac","formatted_published_date":"25 f\u00e9vrier 2014","publisher_availability_label":"Sur commande","short_details":"Adalet Agaoglu, Fran\u00e7ois Skvor \u2014 Turquoise","translator":"FRANCOIS SKVOR","weight":500,"page_count":432,"readership":null,"editor":"Turquoise","price":2200,"published_date":"2014-02-24T23:00:00.000000Z","support":"Grand format","publisher_availability":1,"stock":0,"editions":[],"url":"https:\/\/quaidesbrumes.com\/ouvrage\/9782918823063\/se-coucher-pour-mourir"},{"id":"9782746754119","title":"Histoire vraie de l'homme qui cherchait le Y\u00e9ti","description":"Et si le y\u00e9ti existait ? S'il n'\u00e9tait pas seulement un personnage de l\u00e9gende ? Anim\u00e9 de cette certitude, seul contre tous, le r\u00e9put\u00e9 zoologue franco-espagnol Jordi Magraner s'est un beau jour lanc\u00e9 dans plusieurs exp\u00e9ditions tr\u00e9pidantes \u00e0 travers les montagnes d'Afghanistan afin de retrouver les traces de cette b\u00eate mythique. Jusqu'\u00e0 y perdre la vie.\r\n\r\nM\u00ealant histoire personnelle, enqu\u00eate, documents et t\u00e9moignages, Gabi Mart\u00ednez nous raconte comme dans un roman palpitant l'histoire vraie de ce destin hors norme.\r\n\r\nCe livre est le r\u00e9cit exceptionnel d'une folle aventure dans les contr\u00e9es lointaines, de politique, d'amour, et d'une obsession terriblement humaine.","authors":["Gabi Mart\u00ednez","Stephanie Maze"],"category_codes":["1000000","1050000"],"visuals":{"large":"https:\/\/images.epagine.fr\/119\/9782746754119_1_75.jpg","medium":"https:\/\/images.epagine.fr\/119\/9782746754119_1_m.jpg","thumbnail":"https:\/\/images.epagine.fr\/119\/9782746754119_1_v.jpg"},"orderable":true,"show_badge":true,"formatted_price":"21,00&nbsp;\u20ac","formatted_published_date":"16 octobre 2019","publisher_availability_label":"Sur commande","short_details":"Gabi Mart\u00ednez, Stephanie Maze \u2014 Autrement","translator":"STEPHANIE MAZE","weight":464,"page_count":456,"readership":null,"editor":"Autrement","price":2100,"published_date":"2019-10-15T22:00:00.000000Z","support":"Grand format","publisher_availability":1,"stock":0,"editions":[],"url":"https:\/\/quaidesbrumes.com\/ouvrage\/9782746754119\/histoire-vraie-de-lhomme-qui-cherchait-le-yeti"},{"id":"9782864326021","title":"Rue des degr\u00e9s","description":"La litt\u00e9rature est une arme.\r\nQui la sert prend parfois le risque majeur: celui de perdre la vie. Dans la nouvelle qui ouvre le recueil, \" La couleur du noir \", la fiction - sous la forme d'un manuscrit - met en jeu une page d'histoire peu connue, l'insurrection malgache de 1947, et d\u00e9voile du m\u00eame coup l'ampleur d'une machinerie meurtri\u00e8re. Le pass\u00e9 n'est jamais qu'un pr\u00e9sent r\u00e9actualis\u00e9. Une image - mat\u00e9rielle, ou conserv\u00e9e dans une m\u00e9moire individuelle --, un souvenir qu'on croyait oubli\u00e9 suffisent pour changer la fa\u00e7on dont on prend part au monde, dont on d\u00e9cide d'un acte, d'une posture face \u00e0 un \u00e9v\u00e9nement, ou de la tisani\u00e8re dont on engage son destin.\r\nVoil\u00e0, \u00e0 travers ces r\u00e9cits brefs, les situations que parcourt le regard de Daeninckx, rebondissant, de fa\u00e7on \u00e0 la fois r\u00e9solue et inqui\u00e8te, entre la pose du r\u00e9volutionnaire et celle du po\u00e8te - pour reprendre les mots de Francis Ponge dont il se r\u00e9clame.","authors":["Didier Daeninckx"],"category_codes":["1000000","1010000"],"visuals":{"large":"https:\/\/images.epagine.fr\/021\/9782864326021_1_75.jpg","medium":"https:\/\/images.epagine.fr\/021\/9782864326021_1_m.jpg","thumbnail":"https:\/\/images.epagine.fr\/021\/9782864326021_1_v.jpg"},"orderable":true,"show_badge":true,"formatted_price":"13,70&nbsp;\u20ac","formatted_published_date":"9 avril 2010","publisher_availability_label":"Sur commande","short_details":"Didier Daeninckx \u2014 \u00c9ditions Verdier","translator":null,"weight":163,"page_count":121,"readership":null,"editor":"\u00c9ditions Verdier","price":1370,"published_date":"2010-04-08T22:00:00.000000Z","support":"Grand format","publisher_availability":1,"stock":0,"editions":["9782070445530"],"url":"https:\/\/quaidesbrumes.com\/ouvrage\/9782864326021\/rue-des-degres"},{"id":"9782848191218","title":"Le requiem de Campra et autres nouvelles","description":"Ecrire et se faire publier c'est descendre dans l'ar\u00e8ne et risquer la mise \u00e0 mal.\r\nEcrire des nouvelles fantastiques c'est jouer au d\u00e9miurge, cr\u00e9er ce qui n'existe pas ou plut\u00f4t ce qui n'existe pas encore...","authors":["Janine Nouschi"],"category_codes":["1000000","1010000"],"visuals":{"large":"https:\/\/images.epagine.fr\/218\/9782848191218_1_75.jpg","medium":"https:\/\/images.epagine.fr\/218\/9782848191218_1_m.jpg","thumbnail":"https:\/\/images.epagine.fr\/218\/9782848191218_1_v.jpg"},"orderable":true,"show_badge":true,"formatted_price":"15,00&nbsp;\u20ac","formatted_published_date":"14 avril 2010","publisher_availability_label":"Sur commande","short_details":"Janine Nouschi \u2014 CREER","translator":null,"weight":195,"page_count":null,"readership":null,"editor":"CREER","price":1500,"published_date":"2010-04-13T22:00:00.000000Z","support":"Grand format","publisher_availability":1,"stock":0,"editions":[],"url":"https:\/\/quaidesbrumes.com\/ouvrage\/9782848191218\/le-requiem-de-campra-et-autres-nouvelles"},{"id":"9782847618303","title":"Arch\u00e9ologie du chaos (amoureux)","description":"Arch\u00e9ologie du chaos (amoureux) est le r\u00e9cit abracadabrant de Yacine Nabolci, farfelu Don Juan amoureux des livres - pr\u00e9tentieux et arrogant qui ne pr\u00e9tend rien moins que r\u00e9volutionner le monde par la litt\u00e9rature -, narr\u00e9 par Marwan Kanafani, antih\u00e9ros, aussi laid que Yacine est beau, marginal sans le sou, toxicomane etmisanthrope \u00e0 la limite de la schizophr\u00e9nie, qui ne voit \u00e0 travers Yacine Nabolci que la personne qu'il aurait voulu \u00eatre.\r\nAlors que Marwan Kanafani d\u00e9c\u00e8de (laissant son roman inachev\u00e9), un flic d\u00e9sabus\u00e9 et alcoolique refuse de croire \u00e0 une mort naturelle et s'\u00e9puise dans une enqu\u00eate qui prend forme d'une qu\u00eate, et dans laquelle il se perd... A travers ce roman, c'est un portrait de l'Alg\u00e9rie contemporaine que nous offre l'auteur. Tous les probl\u00e8mes \u00e0 laquelle elle est confront\u00e9e sont trait\u00e9s avec un humour provocateur et transgressif : la politique, la famille, la corruption, la crise sociale et \u00e9conomique, la religion, la sexualit\u00e9, la place de la femme...\r\nEt une jeunesse perdue, \u00e9touff\u00e9e, qui ne sait comment r\u00e9inventer un langage de la r\u00e9volte. Mustapha Benfodil s'accorde quelques \u00e9chapp\u00e9es po\u00e9tiques et th\u00e9\u00e2trales dans cette folie litt\u00e9raire, longue historiettem\u00e9langeant l'hilarant, l'absurde et le grotesque, le tout sur fond dem\u00e9lancolie et de profond fiel. L'\u00e9crivain-journaliste truffe son roman de r\u00e9f\u00e9rences litt\u00e9raires, principalement de E. M. Cioran.","authors":["Mustapha Bendofil"],"category_codes":["1000000","1010000"],"visuals":{"large":"https:\/\/images.epagine.fr\/303\/9782847618303_1_75.jpg","medium":"https:\/\/images.epagine.fr\/303\/9782847618303_1_m.jpg","thumbnail":"https:\/\/images.epagine.fr\/303\/9782847618303_1_v.jpg"},"orderable":true,"show_badge":true,"formatted_price":"21,00&nbsp;\u20ac","formatted_published_date":"17 janvier 2012","publisher_availability_label":"Sur commande","short_details":"Mustapha Bendofil \u2014 Al Dante","translator":null,"weight":368,"page_count":null,"readership":null,"editor":"Al Dante","price":2100,"published_date":"2012-01-16T23:00:00.000000Z","support":"Grand format","publisher_availability":1,"stock":0,"editions":[],"url":"https:\/\/quaidesbrumes.com\/ouvrage\/9782847618303\/archeologie-du-chaos-amoureux"},{"id":"9782312020945","title":"Le voyage de monsieur Raminet","description":"Apr\u00e8s une existence bien r\u00e9gl\u00e9e et plut\u00f4t solitaire, F\u00e9lix Raminet, professeur de Droit, tout juste retrait\u00e9, vient d'obtenir brillamment son permis de conduire. Follement \u00e9pris de libert\u00e9, il saute dans sa voiture neuve et quitte Paris pour Saint-Malo. Le Destin l'attend sur une aire d'autoroute : Jane, une jeune Am\u00e9ricaine, g\u00e9n\u00e9reuse, libre de corps et d'esprit, va changer irr\u00e9m\u00e9diablement le cours de sa vie.","authors":["Daniel Rocher"],"category_codes":["1000000","1010000"],"visuals":{"large":"https:\/\/images.epagine.fr\/945\/9782312020945_1_75.jpg","medium":"https:\/\/images.epagine.fr\/945\/9782312020945_1_m.jpg","thumbnail":"https:\/\/images.epagine.fr\/945\/9782312020945_1_v.jpg"},"orderable":true,"show_badge":true,"formatted_price":"12,00&nbsp;\u20ac","formatted_published_date":"13 f\u00e9vrier 2014","publisher_availability_label":"Sur commande","short_details":"Daniel Rocher \u2014 Editions du Net","translator":null,"weight":239,"page_count":222,"readership":null,"editor":"Editions du Net","price":1200,"published_date":"2014-02-12T23:00:00.000000Z","support":"Grand format","publisher_availability":1,"stock":0,"editions":[],"url":"https:\/\/quaidesbrumes.com\/ouvrage\/9782312020945\/le-voyage-de-monsieur-raminet"},{"id":"9782330002305","title":"Un bon musulman","description":"Un bon musulman s'ouvre sur une \u00e9vocation de la fin de la guerre de 1971 et la lib\u00e9ration du Bangladesh. Une fois la fi\u00e8vre de la r\u00e9volution retomb\u00e9e, tous les habitants de ce pays qui vient de na\u00eetre sont confront\u00e9s aux d\u00e9fis de la paix.\r\nComme celui de bien d'autres, le destin de la famille de Rehana Haque va se trouver radicalement modifi\u00e9. On le d\u00e9couvre \u00e0 travers le parcours de Maya et Sohail Haque, les deux enfants de Rehana. \r\nTandis que Maya, jeune m\u00e9decin, tr\u00e8s engag\u00e9e aupr\u00e8s des femmes, s'emploie \u00e0 les aider \u00e0 conqu\u00e9rir leur libert\u00e9, son fr\u00e8re Sohail, profond\u00e9ment affect\u00e9 par le souvenir de la guerre et par des \u00e9v\u00e9nements traumatisants sur lesquels le voile n'est lev\u00e9 qu'\u00e0 la fin du roman, se r\u00e9fugie progressivement dans la religion musulmane dont il adopte les positions les plus intol\u00e9rantes et les plus sectaires, au point de se d\u00e9tourner progressivement de sa soeur comme de sa m\u00e8re - et, plus tard, de son propre fils.\r\nTr\u00e8s perturb\u00e9e par la transformation de son fr\u00e8re auquel elle \u00e9tait tr\u00e8s li\u00e9e avant la guerre, Maya d\u00e9cide de s'exiler et quitte la maison de son enfance. Elle parcourt le pays et s'installe \u00e0 Rajshahi, o\u00f9 elle ouvre un dispensaire apr\u00e8s avoir travaill\u00e9 dans divers h\u00f4pitaux universitaires.\r\nLoin de s'ouvrir davantage au monde apr\u00e8s son mariage avec Silvi - avec laquelle il aura un fils -, Sohail se retranche toujours plus dans la religion jusqu'\u00e0 adh\u00e9rer bient\u00f4t, avec sa femme, \u00e0 la secte islamique Tabligui Jamaat - la congr\u00e9gation de l'islam -, d\u00e9cision qui signe la rupture avec sa m\u00e8re. De son c\u00f4t\u00e9, Silvi, l'\u00e9pouse de Sohail, organise r\u00e9guli\u00e8rement des r\u00e9unions de femmes afin de leur enseigner les diff\u00e9rentes conditions \u00e0 remplir pour \u00eatre une bonne Musulmane et entretenir le rapport qui convient \u00e0 Dieu, \u00e0 la moralit\u00e9, au monde masculin et au sexe, au voile, ainsi que la vie du proph\u00e8te et de ses femmes, et la mani\u00e8re d'\u00e9lever les enfants. Quant \u00e0 Sohail, c'est \u00e0 la mosqu\u00e9e qu'il dispense ses enseignements aupr\u00e8s de son propre groupe d'adeptes, qui, devenus pros\u00e9lytes, y entra\u00eenent leurs fils et leurs connaissances afin qu'ils puissent b\u00e9n\u00e9ficier des le\u00e7ons de celui qui est d\u00e9sormais consid\u00e9r\u00e9 comme un saint homme. \r\nC'est en apprenant le d\u00e9c\u00e8s de Silvi, qui succombe \u00e0 la maladie qui l'a frapp\u00e9e, que Maya, apr\u00e8s sept ans d'absence, prend la d\u00e9cision de rentrer chez elle. Tr\u00e8s vite, elle s'attache au petit Zaid, le fils de Sohail, d\u00e9couvre qu'il n'est pas scolaris\u00e9 et s'efforce de lui apprendre l'alphabet. H\u00e9las, toutes ses tentatives pour faire inscrire Zaid \u00e0 l'\u00e9cole resteront sans effet. Sohail fait le choix d'envoyer Zaid dans une madrasa, sur une \u00eele lointaine. Boulevers\u00e9e, Maya se sent oblig\u00e9e d'agir : apr\u00e8s avoir r\u00e9ussi \u00e0 identifier la madrasa o\u00f9 son neveu a \u00e9t\u00e9 envoy\u00e9, elle entreprend le voyage pour tenter de le r\u00e9cup\u00e9rer.\r\nMaya et Sohail incarnent ici deux conceptions du monde : \u00e0 la modernit\u00e9 \u00e9mancipatrice de la jeune femme s'oppose l'obscurantisme militant de Sohail et de ses adeptes. Mais tout l'art de Tahmima Anam r\u00e9side dans la mani\u00e8re dont, par petites touches impressionnistes, elle parvient \u00e0 rendre sensible cette confrontation en la nourrissant de ce qui fait la vie de toute famille dans ses contradictions, ses affects passionn\u00e9s ou ses non-dits fondateurs.","authors":["Tahmima Anam","Sophie Bastide-Foltz"],"category_codes":["1000000","1010000"],"visuals":{"large":"https:\/\/images.epagine.fr\/305\/9782330002305_1_75.jpg","medium":"https:\/\/images.epagine.fr\/305\/9782330002305_1_m.jpg","thumbnail":"https:\/\/images.epagine.fr\/305\/9782330002305_1_v.jpg"},"orderable":true,"show_badge":true,"formatted_price":"22,90&nbsp;\u20ac","formatted_published_date":"31 d\u00e9cembre 2011","publisher_availability_label":"Sur commande","short_details":"Tahmima Anam, Sophie Bastide-Foltz \u2014 Actes Sud","translator":"SOPHIE BASTIDE-FOLTZ","weight":373,"page_count":271,"readership":null,"editor":"Actes Sud","price":2290,"published_date":"2011-12-30T23:00:00.000000Z","support":"Grand format","publisher_availability":1,"stock":0,"editions":[],"url":"https:\/\/quaidesbrumes.com\/ouvrage\/9782330002305\/un-bon-musulman"},{"id":"9780123143402","title":"Chaos","description":"Blanche, en mal d'enfant, se soumet \u00e0 toutes sortes de solutions. C'est oublier la mal\u00e9diction qui plane sur l'Europe : question b\u00e9b\u00e9s, ce serait la fi n : \u00ab Baisse de la fertilit\u00e9 masculine, les bourses plongent de trente points \u00e0 la cl\u00f4ture \u00bb titrent les journaux. S'ensuit un grand tremblement qui va chambouler le monde. Ce qui est ne sera plus. Il y aura des dommages collat\u00e9raux. Tous ne s'en sortiront pas indemnes. C'est sans compter sur le conseiller sp\u00e9cial du Pr\u00e9sident, qu'on verra \u00e0 la manoeuvre, et pas que lui ! L'Europe pourra-t-elle \u00eatre sauv\u00e9e ? \u00c0 voir. Mais on apprendra \u00e0 distinguer le vrai du faux, et \u00e7a, c'est plut\u00f4t une bonne nouvelle...","authors":["Vincent Wackenheim"],"category_codes":["1000000","1010000"],"visuals":{"large":"https:\/\/images.epagine.fr\/402\/9780123143402_1_75.jpg","medium":"https:\/\/images.epagine.fr\/402\/9780123143402_1_m.jpg","thumbnail":"https:\/\/images.epagine.fr\/402\/9780123143402_1_v.jpg"},"orderable":true,"show_badge":true,"formatted_price":"10,00&nbsp;\u20ac","formatted_published_date":"5 novembre 2014","publisher_availability_label":"Sur commande","short_details":"Vincent Wackenheim \u2014 Galaade","translator":null,"weight":0,"page_count":100,"readership":null,"editor":"Galaade","price":1000,"published_date":"2014-11-04T23:00:00.000000Z","support":"Grand format","publisher_availability":1,"stock":0,"editions":[],"url":"https:\/\/quaidesbrumes.com\/ouvrage\/9780123143402\/chaos"},{"id":"9782918471134","title":"Chasses furtives","description":"Un homme - Jean. Et son chien. Une maison des marais. Ou plut\u00f4t des barthes, ces prairies humides qui bordent l'Adour. L'ombre tut\u00e9laire du grand-p\u00e8re disparu. Le grand initiateur et son aigle royal. Un souvenir - celui de Marie, la femme-renarde qui faisait corps avec Jean dans ses chasses furtives. Un braconnier taiseux et complice de l'amiti\u00e9 des oiseaux. Une ville trop grande, trop loin des pr\u00e9s. Un grenier vide et une histoire qui tente de trouver ses racines dans les marais. La montagne basque. La qu\u00eate d'un grand chevreuil dans la for\u00eat landaise. Des images fortes.","authors":["L\u00e9on Mazzella"],"category_codes":["1000000","1010000"],"visuals":{"large":"https:\/\/images.epagine.fr\/134\/9782918471134_1_75.jpg","medium":"https:\/\/images.epagine.fr\/134\/9782918471134_1_m.jpg","thumbnail":"https:\/\/images.epagine.fr\/134\/9782918471134_1_v.jpg"},"orderable":true,"show_badge":true,"formatted_price":"13,00&nbsp;\u20ac","formatted_published_date":"1er octobre 2012","publisher_availability_label":"Sur commande","short_details":"L\u00e9on Mazzella \u2014 \u00c9ditions Passiflore","translator":null,"weight":185,"page_count":128,"readership":null,"editor":"\u00c9ditions Passiflore","price":1300,"published_date":"2012-09-30T22:00:00.000000Z","support":"Grand format","publisher_availability":1,"stock":0,"editions":["9782918471790"],"url":"https:\/\/quaidesbrumes.com\/ouvrage\/9782918471134\/chasses-furtives"},{"id":"9782283025208","title":"Petite musique pour amoureux","description":"Tawrence Durrell (1912-1990) aurait eu cent ans cette ann\u00e9e.\r\n\r\nPour c\u00e9l\u00e9brer cet anniversaire, Buchet\/Chastel, son \u00e9diteur  historique depuis 1957, nous propose sa toute premi\u00e8re  oeuvre, \u00e9crite \u00e0 l'\u00e2ge de vingt ans et jamais traduite \u00e0 ce jour. \r\nPubli\u00e9 \u00e0 Londres en 1935, Petite musique pour amoureux est  le roman d'apprentissage du jeune Walsh Clifton, \u00e9cartel\u00e9  entre son Inde maternelle et son Angleterre paternelle,  contraint d'abandonner une enfance libre et sauvage dans  l'Himalaya pour se plier aux conventions de l'Angleterre  \u00e9triqu\u00e9e et d\u00e9cadente des ann\u00e9es vingt...\r\nMarqu\u00e9 par l'Inde  coloniale et anim\u00e9 par une conscience aigu\u00eb de l'exil et de la  perte, Walsh nous touche par sa candeur d\u00e9sarmante face aux  blessures \u00e0 vif de la passion... Parce que Petite musique pour  amoureux est tr\u00e8s largement autobiographique et fait la part  belle \u00e0 une expression intimiste des \u00e9motions, Lawrence  Durrell n'en a jamais autoris\u00e9 la r\u00e9\u00e9dition de son vivant.","authors":["Lawrence Durrell","Annick Le goyat"],"category_codes":["1000000","1010000"],"visuals":{"large":"https:\/\/images.epagine.fr\/208\/9782283025208_1_75.jpg","medium":"https:\/\/images.epagine.fr\/208\/9782283025208_1_m.jpg","thumbnail":"https:\/\/images.epagine.fr\/208\/9782283025208_1_v.jpg"},"orderable":true,"show_badge":true,"formatted_price":"22,30&nbsp;\u20ac","formatted_published_date":"16 f\u00e9vrier 2012","publisher_availability_label":"Sur commande","short_details":"Lawrence Durrell, Annick Le goyat \u2014 \u00c9ditions Buchet\/Chastel","translator":"ANNICK LE GOYAT","weight":398,"page_count":1504,"readership":null,"editor":"\u00c9ditions Buchet\/Chastel","price":2230,"published_date":"2012-02-15T23:00:00.000000Z","support":"Grand format","publisher_availability":1,"stock":0,"editions":[],"url":"https:\/\/quaidesbrumes.com\/ouvrage\/9782283025208\/petite-musique-pour-amoureux"},{"id":"9782752903778","title":"Comme personne","description":"Au cr\u00e9puscule de la Seconde Guerre mondiale.\r\nMaria Liedmann fuit les ruines d'un Berlin d\u00e9vast\u00e9. Elle vient de perdre son petit gar\u00e7on lors d'un bombardement. Il s'appelait Gregor, il avait \u00e0 peine trois ans. Dans son errance vers le sud du pays. Maria. esseul\u00e9e, boulevers\u00e9e. retrouve son p\u00e8re, Emil. Bien d\u00e9termin\u00e9 \u00e0 redonner le sourire \u00e0 sa fille, il saisit sa chance, lorsque, dans la mar\u00e9e humaine des fuyards. le destin lui fait croiser la route d'un orphelin du m\u00eame \u00e2ge que Gregor.\r\nIl met la main de l'enfant dans celle de Maria. Le petit s'appellera Gregor. Il sera son fils. Personne ne s'en rendra compte. Soixante ans plus tard, ce souvenir hante encore la m\u00e9moire de Gregor. Cette route, ce grand-p\u00e8re, cette femme qu'il pense \u00eatre sa m\u00e8re. Cette m\u00e8re qui. il en est certain. lui a toujours cach\u00e9 quelque chose. Sa jud\u00e9it\u00e9. Il est aujourd'hui professeur de musique, divorc\u00e9, il est devenu p\u00e8re aussi.\r\nMais jamais il n'a trouv\u00e9 la paix ; sans cesse an\u00e9anti par le tourment de ses origines. Profitant d'une journ\u00e9e avec sa famille et ses amis dans la qui\u00e9tude d'un verger, il se penche sur son existence. D'o\u00f9 vient-il  A quel peuple est li\u00e9 son destin  Pourquoi a-t-il l'impression de n'\u00eatre comme personne","authors":["Hugo Hamilton","Joseph Antoine"],"category_codes":["1000000","1010000"],"visuals":{"large":"https:\/\/images.epagine.fr\/778\/9782752903778_1_75.jpg","medium":"https:\/\/images.epagine.fr\/778\/9782752903778_1_m.jpg","thumbnail":"https:\/\/images.epagine.fr\/778\/9782752903778_1_v.jpg"},"orderable":true,"show_badge":true,"formatted_price":"22,30&nbsp;\u20ac","formatted_published_date":"7 janvier 2010","publisher_availability_label":"Sur commande","short_details":"Hugo Hamilton, Joseph Antoine \u2014 \u00c9ditions Ph\u00e9bus","translator":"JOSEPH ANTOINE","weight":400,"page_count":330,"readership":null,"editor":"\u00c9ditions Ph\u00e9bus","price":2230,"published_date":"2010-01-06T23:00:00.000000Z","support":"Grand format","publisher_availability":1,"stock":0,"editions":[],"url":"https:\/\/quaidesbrumes.com\/ouvrage\/9782752903778\/comme-personne"},{"id":"9782930538136","title":"Tous crocs dehors","description":"PK!,`[Content_Types].xml (TN0#(q!#T|kORc[=4PIZK~d+T)'#FHcSFCJlz}5Y-d}'u9htGtCA74hxeq\r\nLDXfM7Zi&$_Yg8x*iO\r\n&MIO}3iNJt, 7O\r\n9B~T,t9O]]n)XZ!`\/[X6.7YNYZ}T4dG,fY_IPoQ>z8~z@|BbtLD*~PK!'_rels\/.rels (N0HCn ]n0$J","authors":["Lunatik"],"category_codes":["1000000","1010000"],"visuals":{"large":"https:\/\/images.epagine.fr\/136\/9782930538136_1_75.jpg","medium":"https:\/\/images.epagine.fr\/136\/9782930538136_1_m.jpg","thumbnail":"https:\/\/images.epagine.fr\/136\/9782930538136_1_v.jpg"},"orderable":true,"show_badge":true,"formatted_price":"16,00&nbsp;\u20ac","formatted_published_date":"15 avril 2011","publisher_availability_label":"Sur commande","short_details":"Lunatik \u2014 Quadrature","translator":null,"weight":177,"page_count":129,"readership":null,"editor":"Quadrature","price":1600,"published_date":"2011-04-14T22:00:00.000000Z","support":"Grand format","publisher_availability":1,"stock":0,"editions":[],"url":"https:\/\/quaidesbrumes.com\/ouvrage\/9782930538136\/tous-crocs-dehors"},{"id":"9782234064409","title":"Poser nue \u00e0 la Havane","description":"\u00ab Je hais ce qui est nocturne, je d\u00e9teste me trouver en situation de ne pas voir o\u00f9 je pose le pied. La Havane palpite, promet, se dilate \u00e0 mes pieds en glissant sur l'humidit\u00e9 \u00e9th\u00e9r\u00e9e. Cuba tout enti\u00e8re doit \u00eatre encore plus loin que ce que je ne peux pas t\u00e2ter, elle se prolonge et je sens la profonde immensit\u00e9 m'avaler comme la gueule du loup. \u00bbWendy Guerra a toujours \u00e9t\u00e9 fascin\u00e9e par Ana\u00efs Nin. Entre elles, un monde. Et pourtant des similitudes troublantes : la place du p\u00e8re, un certain id\u00e9alisme, l'\u00e9criture, Cuba et surtout le journal. Comme Ana\u00efs Nin, Wendy Guerra tient un journal depuis l'enfance dans lequel elle enferme sa vie quotidienne. C'est la forme litt\u00e9raire qu'elle a par ailleurs utilis\u00e9e dans son premier roman, Tout le monde s'en va.\r\nNous sommes en 1922. Ana\u00efs Nin part \u00e0 Cuba sur les traces d'un p\u00e8re absent et fantasm\u00e9, \u00e0 la d\u00e9couverte de la famille paternelle. Dans son journal, peu d'allusions \u00e0 cette p\u00e9riode. De sa plume riche en images saisissantes, Wendy Guerra imagine ce qu'Ana\u00efs a pu ressentir en arrivant sur l'\u00eele et superpose ainsi ses pens\u00e9es apocryphes aux confessions r\u00e9elles de la jeune Ana\u00efs Nin, restituant ainsi la voix d'une \u00e2me \u00e0 la recherche de son identit\u00e9 : \u00ab Je veux commencer \u00e0 me constituer une Cuba personnelle. Irr\u00e9vocablement mienne. \u00bb","authors":["Wendy Guerra"],"category_codes":["1000000","1010000"],"visuals":{"large":"https:\/\/images.epagine.fr\/409\/9782234064409_1_75.jpg","medium":"https:\/\/images.epagine.fr\/409\/9782234064409_1_m.jpg","thumbnail":"https:\/\/images.epagine.fr\/409\/9782234064409_1_v.jpg"},"orderable":true,"show_badge":true,"formatted_price":"27,00&nbsp;\u20ac","formatted_published_date":"22 septembre 2010","publisher_availability_label":"Sur commande","short_details":"Wendy Guerra \u2014 Stock","translator":"MARIANNE MILLON","weight":400,"page_count":312,"readership":null,"editor":"Stock","price":2700,"published_date":"2010-09-21T22:00:00.000000Z","support":"Grand format","publisher_availability":1,"stock":0,"editions":[],"url":"https:\/\/quaidesbrumes.com\/ouvrage\/9782234064409\/poser-nue-a-la-havane"},{"id":"9782918397069","title":"Rindi-rindo","description":null,"authors":["Jean-marie Fran\u00e7ois"],"category_codes":["1000000","1010000"],"visuals":{"large":"https:\/\/quaidesbrumes.com\/img\/book-placeholder.png","medium":"https:\/\/quaidesbrumes.com\/img\/book-placeholder.png","thumbnail":"https:\/\/quaidesbrumes.com\/img\/book-placeholder.png"},"orderable":true,"show_badge":true,"formatted_price":"15,00&nbsp;\u20ac","formatted_published_date":"1er juillet 2011","publisher_availability_label":"Sur commande","short_details":"Jean-marie Fran\u00e7ois \u2014 Editions Du Labyrinthe","translator":null,"weight":550,"page_count":null,"readership":null,"editor":"Editions Du Labyrinthe","price":1500,"published_date":"2011-06-30T22:00:00.000000Z","support":"Grand format","publisher_availability":1,"stock":0,"editions":[],"url":"https:\/\/quaidesbrumes.com\/ouvrage\/9782918397069\/rindi-rindo"},{"id":"9782915232691","title":"\u00e0 coups de pied-de-mouche","description":"\u00c0 l'origine, \u00e0 coups de pied-de-mouche fut un journal intermittent entrecoup\u00e9 de notations non dat\u00e9es :\r\nNouvelles en trois lignes, r\u00eave dont on s'\u00e9veille au milieu de la nuit, choses vues et entendues, r\u00e9serve de citations, aventures de l'imm\u00e9diat.\r\nLes rep\u00e8res temporels s'estompant, s'y substitua peu \u00e0 peu, la cartographie d'une vie dans ses navettes entre ses lieux (New York, Paris, l'enfance) et dans ses constantes :\r\nL'attention au \u00ab murmure \u00bb et \u00e0 la prose du monde.","authors":["Eug\u00e8ne Nicole"],"category_codes":["1000000","1010000"],"visuals":{"large":"https:\/\/images.epagine.fr\/691\/9782915232691_1_75.jpg","medium":"https:\/\/images.epagine.fr\/691\/9782915232691_1_m.jpg","thumbnail":"https:\/\/images.epagine.fr\/691\/9782915232691_1_v.jpg"},"orderable":true,"show_badge":true,"formatted_price":"15,00&nbsp;\u20ac","formatted_published_date":"1er janvier 2011","publisher_availability_label":"Sur commande","short_details":"Eug\u00e8ne Nicole \u2014 Le Bleu Du Ciel","translator":null,"weight":154,"page_count":128,"readership":null,"editor":"Le Bleu Du Ciel","price":1500,"published_date":"2010-12-31T23:00:00.000000Z","support":"Grand format","publisher_availability":1,"stock":0,"editions":[],"url":"https:\/\/quaidesbrumes.com\/ouvrage\/9782915232691\/a-coups-de-pied-de-mouche"},{"id":"9782842423322","title":"Hanemann","description":"Alors que la d\u00e9faite nazie est imminente, les Allemands fuient Danzig en masse. Hanemann, un m\u00e9decin allemand, \u00e9chappe \u00e0 la mort quand il refuse de monter \u00e0 bord du transbordeur qui devait l'emmener en lieu s\u00fbr et qui sera coul\u00e9. Il regagne son domicile o\u00f9 il est t\u00e9moin de l'arriv\u00e9e des Polonais d\u00e9plac\u00e9s des confi ns de l'Est qui, chass\u00e9s de leurs foyers, sont contraints d'investir les demeures abandonn\u00e9es par les Allemands. Compl\u00e8tement d\u00e9prim\u00e9 par la mort de sa compagne, Hanemann est rong\u00e9 par un profond doute existentiel. Il revient peu \u00e0 peu \u00e0 la vie lorsqu'il rencontre une jeune femme pr\u00e9nomm\u00e9e Hanka. Ce roman a connu un franc succ\u00e8s en Pologne d\u00e8s sa parution.\r\nIl est consid\u00e9r\u00e9 comme l'oeuvre polonaise la plus marquante de la derni\u00e8re d\u00e9cade du XXe si\u00e8cle.","authors":["Stefan Chwin","Lydia Waleryszak"],"category_codes":["1000000","1010000"],"visuals":{"large":"https:\/\/images.epagine.fr\/322\/9782842423322_1_75.jpg","medium":"https:\/\/images.epagine.fr\/322\/9782842423322_1_m.jpg","thumbnail":"https:\/\/images.epagine.fr\/322\/9782842423322_1_v.jpg"},"orderable":true,"show_badge":true,"formatted_price":"22,00&nbsp;\u20ac","formatted_published_date":"5 octobre 2012","publisher_availability_label":"Sur commande","short_details":"Stefan Chwin, Lydia Waleryszak \u2014 CIRCE","translator":"LYDIA WALERYSZAK","weight":290,"page_count":320,"readership":null,"editor":"CIRCE","price":2200,"published_date":"2012-10-04T22:00:00.000000Z","support":"Grand format","publisher_availability":1,"stock":0,"editions":[],"url":"https:\/\/quaidesbrumes.com\/ouvrage\/9782842423322\/hanemann"},{"id":"9782915120813","title":"Un peu de toi","description":"Au lendemain de la mort de la femme qu'il aime, le narrateur entreprend de dire encore un peu de toi. Il convoque ses souvenirs, se rappelle les discussions, les r\u00eaves communs, les d\u00e9chirures communes, l'esp\u00e9rance et la foi communes, le partage des \u00e9motions que procurent l'art, la musique, la litt\u00e9rature et le combat contre la maladie. En contrepoint du r\u00e9cit, une interpr\u00e9tation du Cantique des cantiques : chant d'amour au sanctuaire des corps m\u00eal\u00e9s quand la fusion des sueurs, des peaux et des chairs est de fait celle des \u00e2mes.","authors":["Michel S\u00e9onnet"],"category_codes":["1000000","1010000"],"visuals":{"large":"https:\/\/images.epagine.fr\/813\/9782915120813_1_75.jpg","medium":"https:\/\/images.epagine.fr\/813\/9782915120813_1_m.jpg","thumbnail":"https:\/\/images.epagine.fr\/813\/9782915120813_1_v.jpg"},"orderable":true,"show_badge":true,"formatted_price":"15,00&nbsp;\u20ac","formatted_published_date":"10 octobre 2012","publisher_availability_label":"Sur commande","short_details":"Michel S\u00e9onnet \u2014 L'Amourier","translator":null,"weight":192,"page_count":144,"readership":null,"editor":"L'Amourier","price":1500,"published_date":"2012-10-09T22:00:00.000000Z","support":"Grand format","publisher_availability":1,"stock":0,"editions":[],"url":"https:\/\/quaidesbrumes.com\/ouvrage\/9782915120813\/un-peu-de-toi"},{"id":"9782914773522","title":"Tunis blues","description":"Quel est l'incendiaire des voitures de luxe qui br\u00fblent de plus en plus souvent dans les quartiers chics de Tunis ?\r\n\r\nCes incendies vont r\u00e9unir trois personnes qui n'\u00e9taient pas faites pour se rencontrer : Isma\u00efl, juge solitaire et rigoriste ; Choucha, journaliste et femme lib\u00e9r\u00e9e ; Jamel - dit Jimmy -, dandy et loubard.\r\n\r\nLeur chemin croisera Elyssa, jeune et riche bourgeoise, mari\u00e9e \u00e0 l'un des hommes les plus importants de Tunis, mais qui m\u00e8ne une vie d'ennui.\r\n\r\nAinsi que celui de Lola, la voyante au grand coeur. C'est elle qui fera \u00e9clater les carcans qui enfermaient tous ces personnages. Mais aucun n'en sortira indemne. Leurs vies ne seront plus jamais comme avant.\r\n\r\nA la fois polar, \u00e9tude de moeurs, focus sur une soci\u00e9t\u00e9 quasi schizophr\u00e8ne, \u00e9cartel\u00e9e entre le poids de l'islam et la soif de libert\u00e9, ce roman est une partition \u00e0 cinq voix sur un tempo de blues pour piano d\u00e9saccord\u00e9.","authors":["Ali B\u00e9cheur"],"category_codes":["1000000","1010000"],"visuals":{"large":"https:\/\/images.epagine.fr\/522\/9782914773522_1_75.jpg","medium":"https:\/\/images.epagine.fr\/522\/9782914773522_1_m.jpg","thumbnail":"https:\/\/images.epagine.fr\/522\/9782914773522_1_v.jpg"},"orderable":true,"show_badge":true,"formatted_price":"18,50&nbsp;\u20ac","formatted_published_date":"1er janvier 2002","publisher_availability_label":"Sur commande","short_details":"Ali B\u00e9cheur \u2014 Zellige","translator":null,"weight":279,"page_count":216,"readership":null,"editor":"Zellige","price":1850,"published_date":"2001-12-31T23:00:00.000000Z","support":"Grand format","publisher_availability":1,"stock":0,"editions":[],"url":"https:\/\/quaidesbrumes.com\/ouvrage\/9782914773522\/tunis-blues"},{"id":"9782283026052","title":"06 h 41","description":"Le train de 06h41, d\u00e9part Troyes, arriv\u00e9e Paris. Bond\u00e9, comme tous les lundis matins. C\u00e9cile Duffaut, 47 ans, revient d\u00b4un week-end \u00e9puisant chez ses parents. Elle a h\u00e2te de retrouver son mari, sa fille et sa situation de chef-d\u00b4entreprise. La place \u00e0 c\u00f4t\u00e9 d\u00b4elle est libre. S\u00b4y installe, apr\u00e8s une l\u00e9g\u00e8re h\u00e9sitation, Philippe Leduc. C\u00e9cile et lui ont \u00e9t\u00e9 amants vingt-sept ans auparavant, pendant quelques mois. Cela s\u00b4est tr\u00e8s mal pass\u00e9. \u00c0 leur insu, cette histoire avort\u00e9e et d\u00e9sagr\u00e9able a profond\u00e9ment modifi\u00e9 leurs chemins respectifs. Tandis que le train roule vers Paris et que le silence s\u00b4installe, les images remontent. Ils ont une heure et demie pour d\u00e9cider de ce qui les attend.","authors":["Jean-Philippe Blondel"],"category_codes":["1000000","1010000"],"visuals":{"large":"https:\/\/images.epagine.fr\/052\/9782283026052_1_75.jpg","medium":"https:\/\/images.epagine.fr\/052\/9782283026052_1_m.jpg","thumbnail":"https:\/\/images.epagine.fr\/052\/9782283026052_1_v.jpg"},"orderable":true,"show_badge":true,"formatted_price":"15,00&nbsp;\u20ac","formatted_published_date":"3 janvier 2013","publisher_availability_label":"Sur commande","short_details":"Jean-Philippe Blondel \u2014 \u00c9ditions Buchet\/Chastel","translator":null,"weight":236,"page_count":232,"readership":null,"editor":"\u00c9ditions Buchet\/Chastel","price":1500,"published_date":"2013-01-02T23:00:00.000000Z","support":"Grand format","publisher_availability":1,"stock":0,"editions":[],"url":"https:\/\/quaidesbrumes.com\/ouvrage\/9782283026052\/06-h-41"},{"id":"9782253168669","title":"Le garcon d'\u00e0 c\u00f4t\u00e9","description":"Dans la banlieue tranquille du Middle West o\u00f9 Sarah vit avec ses enfants, Nate et Danny, la nouvelle fait l'effet d'une bombe : leurs voisins, et amis, les Kendricks sont accus\u00e9s de p\u00e9dophilie. L'horreur \u00e9tait sous ses yeux, et pourtant Sarah n'a rien vu, rien senti... Malgr\u00e9 l'\u00e9quilibre fragile qu'elle tente de maintenir au sein de sa famille depuis la mort de son mari, elle d\u00e9cide d'accueillir Jordan, le fils des Kendricks, victime d'abus. Sarah, Nate et Danny - l'adulte, l'adolescent et l'enfant - vont devoir changer de regard, r\u00e9inventer leurs r\u00f4les respectifs et leurs certitudes pour redonner \u00e0 Jordan go\u00fbt \u00e0 la vie et l'aider \u00e0 grandir.","authors":["Katrina Kittle","Nathalie Barri\u00e9"],"category_codes":["1000000","1010000"],"visuals":{"large":"https:\/\/images.epagine.fr\/669\/9782253168669_1_75.jpg","medium":"https:\/\/images.epagine.fr\/669\/9782253168669_1_m.jpg","thumbnail":"https:\/\/images.epagine.fr\/669\/9782253168669_1_v.jpg"},"orderable":true,"show_badge":true,"formatted_price":"7,90&nbsp;\u20ac","formatted_published_date":"27 mars 2013","publisher_availability_label":"Sur commande","short_details":"Katrina Kittle, Nathalie Barri\u00e9 \u2014 Le Livre de Poche","translator":"NATHALIE BARRIE","weight":298,"page_count":576,"readership":null,"editor":"Le Livre de Poche","price":790,"published_date":"2013-03-26T23:00:00.000000Z","support":"Poche","publisher_availability":1,"stock":0,"editions":[],"url":"https:\/\/quaidesbrumes.com\/ouvrage\/9782253168669\/le-garcon-da-cote"}]}