{"data":[{"id":"9782809709490","title":"Le dessin au sable","description":"Dans un Japon vieux de deux si\u00e8cles, sur la c\u00e9l\u00e8bre route du T\u00f4kaid\u00f4, l'ancienne courtisane Koto part \u00e0 la recherche d'un amant oublieux, en compagnie de sa fille Tomi. Terrass\u00e9e en chemin par la maladie, elle lui confie le dessin, saupoudr\u00e9 de sables de diverses couleurs, de son intimit\u00e9 la plus secr\u00e8te. Ce talisman devrait permettre \u00e0 la jeune fille de retrouver celui qui est son p\u00e8re.\r\nAu rythme des saisons et des cloches des petits temples de quartier, c'est toute une \u00e9poque qui nous est donn\u00e9e \u00e0 voir\u00a0: marchands enrichis qui tiennent le haut du pav\u00e9, geishas et prostitu\u00e9es, maisons qui sont de plaisir pour certains et de douleur pour d'autres, et les quartiers populaires avec leur petit peuple d\u00e9brouillard et mis\u00e9rable. Tous ces personnages se trouvent inextricablement li\u00e9s par ce dessin au sable, dans un r\u00e9cit o\u00f9 le lecteur retrouvera l'obsession du sexe et de la mort propre \u00e0 Nosaka, magnifiquement mise en sc\u00e8ne dans un genre o\u00f9 elle peut s'\u00e9panouir avec fr\u00e9n\u00e9sie\u00a0: le fantastique.\r","authors":["Akiyuki Nosaka"],"category_codes":["1000000","1010000"],"visuals":{"large":"https:\/\/images.epagine.fr\/490\/9782809709490_1_75.jpg","medium":"https:\/\/images.epagine.fr\/490\/9782809709490_1_m.jpg","thumbnail":"https:\/\/images.epagine.fr\/490\/9782809709490_1_v.jpg"},"orderable":true,"show_badge":true,"formatted_price":"6,00&nbsp;\u20ac","formatted_published_date":"3 octobre 2013","publisher_availability_label":"Sur commande","short_details":"Akiyuki Nosaka \u2014 \u00c9ditions Picquier","translator":"JACQUES LALLOZ","weight":118,"page_count":144,"readership":null,"editor":"\u00c9ditions Picquier","price":600,"published_date":"2013-10-02T22:00:00.000000Z","support":"Poche","publisher_availability":1,"stock":0,"editions":[],"url":"https:\/\/quaidesbrumes.com\/ouvrage\/9782809709490\/le-dessin-au-sable"},{"id":"9782911438905","title":"Remonter les rivi\u00e8res","description":"L'homme est parti et la femme, seule avec ses deux gar\u00e7ons, perd pied. C'est elle qui raconte, h\u00e9ro\u00efne borderline et narratrice jamais nomm\u00e9e avan\u00e7ant entre angoisse et rage.\r\nQuel est cet absent qui occupe plus de place que les pr\u00e9sents ? Comment contenir cette violence qui d\u00e9borde ?\r\n\u00ab Tout va si vite. Le pas est si t\u00e9nu. \u00bb.\r\n\u00ab Il est trop tard pour tout, m\u00eame pour mourir. \u00bb.\r\nElle va l\u00e2cher, tenir, d\u00e9truire, s'accrocher, se mettre en vrac, devenir insaisissable, passer les saisons et les \u00e9preuves du quotidien, se construire, comprendre...\r\nLiza Kerivel, par une \u00e9criture tendue et nerveuse, nous entra\u00eene dans le r\u00e9cit d'un vertige qui se transforme en chemin de reconqu\u00eate du vide, comme une lente remont\u00e9e du courant de la vie.\r","authors":["Liza Kerivel"],"category_codes":["1000000","1010000"],"visuals":{"large":"https:\/\/images.epagine.fr\/905\/9782911438905_1_75.jpg","medium":"https:\/\/images.epagine.fr\/905\/9782911438905_1_m.jpg","thumbnail":"https:\/\/images.epagine.fr\/905\/9782911438905_1_v.jpg"},"orderable":true,"show_badge":true,"formatted_price":"13,00&nbsp;\u20ac","formatted_published_date":"31 octobre 2013","publisher_availability_label":"Sur commande","short_details":"Liza Kerivel \u2014 Diabase","translator":null,"weight":144,"page_count":160,"readership":null,"editor":"Diabase","price":1300,"published_date":"2013-10-30T23:00:00.000000Z","support":"Grand format","publisher_availability":1,"stock":0,"editions":[],"url":"https:\/\/quaidesbrumes.com\/ouvrage\/9782911438905\/remonter-les-rivieres"},{"id":"9782812606298","title":"L'orange aux girofles","description":"Elles sont trois femmes, trois \u00e2ges de la vie : Pauquette, Louise et S\u00e9verine. En ce soir de No\u00ebl 1913, dans leur petit village du Sud, alors que la nuit s'annon\u00e7ait paisible, les vieilles haines se r\u00e9veillent brutalement. Rancoeurs, jalousies et chantages vont alors rythmer la vie de cette communaut\u00e9 repli\u00e9e sur elle-m\u00eame, avant que la guerre et ses d\u00e9sordres viennent remettre en cause l'ordre ancien, celui de la soumission des femmes \u00e0 la loi des hommes. Roger B\u00e9teille met en sc\u00e8ne trois destins de femmes, aussi diff\u00e9rentes que li\u00e9es par une complicit\u00e9 ind\u00e9fectible. Un beau roman d'\u00e9mancipation.\r","authors":["Roger B\u00e9teille"],"category_codes":["1000000","1010000"],"visuals":{"large":"https:\/\/images.epagine.fr\/298\/9782812606298_1_75.jpg","medium":"https:\/\/images.epagine.fr\/298\/9782812606298_1_m.jpg","thumbnail":"https:\/\/images.epagine.fr\/298\/9782812606298_1_v.jpg"},"orderable":true,"show_badge":true,"formatted_price":"8,00&nbsp;\u20ac","formatted_published_date":"12 mars 2014","publisher_availability_label":"Sur commande","short_details":"Roger B\u00e9teille \u2014 Rouergue","translator":null,"weight":217,"page_count":416,"readership":null,"editor":"Rouergue","price":800,"published_date":"2014-03-11T23:00:00.000000Z","support":"Poche","publisher_availability":1,"stock":0,"editions":[],"url":"https:\/\/quaidesbrumes.com\/ouvrage\/9782812606298\/lorange-aux-girofles"},{"id":"9782930538204","title":"J'ai fait mieux depuis","description":"Les personnages d'Agn\u00e8\u008fs Dumont souffrent de l'indiff\u00e9rence de leur entourage. Capables d'humour, d'autod\u00e9rision et de cynisme, certains seront aussi pr\u00eats \u00e0 tout pour un peu de reconnaissance.\r\nLi\u00e8\u008fge et sa banlieue servent de toile de fond aux quinze nouvelles de ce recueil, ancr\u00e9es dans un quotidien qui tant\u00f4t rassure et tant\u00f4t d\u00e9rape. C'est dans cette ville qu'Agn\u00e8\u008fs Dumont vit et enseigne la litt\u00e9rature. J'ai fait mieux depuis est son deuxi\u00e8\u008fme recueil.\r","authors":["Agn\u00e8s Dumont"],"category_codes":["1000000","1010000"],"visuals":{"large":"https:\/\/images.epagine.fr\/204\/9782930538204_1_75.jpg","medium":"https:\/\/images.epagine.fr\/204\/9782930538204_1_m.jpg","thumbnail":"https:\/\/images.epagine.fr\/204\/9782930538204_1_v.jpg"},"orderable":true,"show_badge":true,"formatted_price":"15,00&nbsp;\u20ac","formatted_published_date":"14 novembre 2011","publisher_availability_label":"Sur commande","short_details":"Agn\u00e8s Dumont \u2014 Quadrature","translator":null,"weight":400,"page_count":121,"readership":null,"editor":"Quadrature","price":1500,"published_date":"2011-11-13T23:00:00.000000Z","support":"Grand format","publisher_availability":1,"stock":0,"editions":[],"url":"https:\/\/quaidesbrumes.com\/ouvrage\/9782930538204\/jai-fait-mieux-depuis"},{"id":"9782373730227","title":"Folles journ\u00e9es","description":"Les Romanciers Nantais sont de retour ! Apr\u00e8s s'\u00eatre en 2015 associ\u00e9s au Voyage \u00e0 Nantes, la c\u00e9l\u00e8bre manifestation estivale de la m\u00e9tropole de l'Ouest, pour publier leur recueil Nantes voyage, ils s'associent aujourd'hui \u00e0 La Folle Journ\u00e9e, l'autre grand \u00e9v\u00e8nement annuel rythmant la vie nantaise, pour publier sous le titre Folles journ\u00e9es un nouveau recueil collectif de nouvelles.\r\nFolle journ\u00e9e, journ\u00e9e folle : les vingt auteurs s'\u00e9tant lanc\u00e9s dans l'aventure d\u00e9clinent le th\u00e8me chacun \u00e0 sa mani\u00e8re - po\u00e9tique, r\u00e9aliste, fantastique, humoristique ou romantique -, produisant une oeuvre litt\u00e9raire polyphonique o\u00f9 tous, amateurs de musique classique ou pas, trouveront amplement mati\u00e8re \u00e0 vibrer, rire et s'\u00e9mouvoir, successivement ou simultan\u00e9ment.\r\nUn livre qui refl\u00e8te la richesse de la vie litt\u00e9raire nantaise et o\u00f9 lectrices et lecteurs sont invit\u00e9s \u00e0 entrer, comme spectatrices et spectateurs entrent dans le grand hall de la Cit\u00e9 des Congr\u00e8s de Nantes lors de la Folle Journ\u00e9e : l'esprit ouvert, pr\u00eats \u00e0 la d\u00e9couverte de talents vari\u00e9s r\u00e9unis autour d'un th\u00e8me et mus par une m\u00eame passion. Qui a dit que les \u00e9crivains \u00e9taient d\u00e9nu\u00e9s d'esprit collectif ?\r\n \r\nNouvelles de (par ordre alphab\u00e9tique des pr\u00e9noms) :\r\nAlain-Pierre Daguin, Antoine George, B\u00e9n\u00e9dicte Le Gu\u00e9rinel, Daniel Braud, Didier San Martin, Fabienne Thomas, G\u00e9rard Guillet, Herv\u00e9 Huguen, Jacky Blandeau, Jean Duby, Jean P\u00e9zennec, Josy Malet-Praud, Pascal Pratz, Philippe Ayraud, Pierre Bussi\u00e8re, Sophie Vuillemin, St\u00e9phane Pajot, Sylvie Beauget, Th\u00e9r\u00e8se Andr\u00e9-Abdelaziz, Yannick Guilbaud.\r","authors":["Les Romanciers Nantais"],"category_codes":["1000000","1010000","1010100"],"visuals":{"large":"https:\/\/images.epagine.fr\/227\/9782373730227_1_75.jpg","medium":"https:\/\/images.epagine.fr\/227\/9782373730227_1_m.jpg","thumbnail":"https:\/\/images.epagine.fr\/227\/9782373730227_1_v.jpg"},"orderable":true,"show_badge":true,"formatted_price":"15,00&nbsp;\u20ac","formatted_published_date":"2 janvier 2017","publisher_availability_label":"Sur commande","short_details":"Les Romanciers Nantais \u2014 P'Tit Louis","translator":null,"weight":300,"page_count":224,"readership":null,"editor":"P'Tit Louis","price":1500,"published_date":"2017-01-01T23:00:00.000000Z","support":"Grand format","publisher_availability":1,"stock":0,"editions":[],"url":"https:\/\/quaidesbrumes.com\/ouvrage\/9782373730227\/folles-journees"},{"id":"9782844858900","title":"Dans les avions, l'horizon n'existe pas","description":"112 chapitres qui se lisent comme des nouvelles ind\u00e9pendantes ou li\u00e9es avec des personnages fictifs ou r\u00e9els.\r","authors":["Agust\u00edn Fern\u00e1ndez mallo","Gabrielle L\u00e9crivain"],"category_codes":["1000000","1010000"],"visuals":{"large":"https:\/\/images.epagine.fr\/900\/9782844858900_1_75.jpg","medium":"https:\/\/images.epagine.fr\/900\/9782844858900_1_m.jpg","thumbnail":"https:\/\/images.epagine.fr\/900\/9782844858900_1_v.jpg"},"orderable":true,"show_badge":true,"formatted_price":"12,00&nbsp;\u20ac","formatted_published_date":"21 ao\u00fbt 2014","publisher_availability_label":"Sur commande","short_details":"Agust\u00edn Fern\u00e1ndez mallo, Gabrielle L\u00e9crivain \u2014 \u00c9ditions Allia","translator":"GABRIELLE LECRIVAIN","weight":240,"page_count":224,"readership":null,"editor":"\u00c9ditions Allia","price":1200,"published_date":"2014-08-20T22:00:00.000000Z","support":"Grand format","publisher_availability":1,"stock":0,"editions":[],"url":"https:\/\/quaidesbrumes.com\/ouvrage\/9782844858900\/dans-les-avions-lhorizon-nexiste-pas"},{"id":"9782874497322","title":"Mandelbaum ou le r\u00eave d'Auschwitz","description":"La vie de St\u00e9phane Mandelbaum est un myst\u00e8re que tente de percer Gilles Sebhan dans ce nouveau roman. Mandelbaum, apr\u00e8s de fulgurants d\u00e9buts sur la sc\u00e8ne artistique belge, fut retrouv\u00e9, \u00e0 25 ans, assassin\u00e9 par balle et d\u00e9figur\u00e9 par l'acide, apr\u00e8s le vol d'un Modigliani.\r\nDans ce r\u00e9cit se m\u00ealent la v\u00e9rit\u00e9 des faits (Gilles Sebhan a rencontr\u00e9 les ma\u00eetresses, les amis, la famille du peintre) et une grande po\u00e9sie. Et l'auteur fait rentrer ce peintre \u00e0 la vie trop br\u00e8ve dans le panth\u00e9on d'artistes tels que Bacon, Basquiat, Pasolini ou Rimbaud.\r","authors":["Gilles Sebhan"],"category_codes":["1000000","1010000"],"visuals":{"large":"https:\/\/images.epagine.fr\/322\/9782874497322_1_75.jpg","medium":"https:\/\/images.epagine.fr\/322\/9782874497322_1_m.jpg","thumbnail":"https:\/\/images.epagine.fr\/322\/9782874497322_1_v.jpg"},"orderable":true,"show_badge":true,"formatted_price":"15,00&nbsp;\u20ac","formatted_published_date":"12 juin 2019","publisher_availability_label":"Sur commande","short_details":"Gilles Sebhan \u2014 IMPRESSIONS NOUVELLES","translator":null,"weight":246,"page_count":184,"readership":null,"editor":"IMPRESSIONS NOUVELLES","price":1500,"published_date":"2019-06-11T22:00:00.000000Z","support":"Grand format","publisher_availability":1,"stock":0,"editions":[],"url":"https:\/\/quaidesbrumes.com\/ouvrage\/9782874497322\/mandelbaum-ou-le-reve-dauschwitz"},{"id":"9782864326861","title":"Federico ! Federico !","description":"D\u00e9couvrez Federico ! Federico !, le livre de Fran\u00e7ois Garcia. Octobre 56. Tandis qu'on f\u00eate le mariage d'Alfred et Marinette, les deux commis de l'alimentation g\u00e9n\u00e9rale Lorca - \u00e9picerie fine, l\u00e9gumes secs, produits d'Espagne, d\u00e9tail et demi-gros - dans la grande salle des Combattants \u00e0 Bordeaux, Karim, jeune Alg\u00e9rien nouvellement exil\u00e9, attend le Kabyle - son unique contact qu'il ne conna\u00eet pas. Plus tard, son destin croisera bri\u00e8vement celui de Maxime, l'\u00e9tudiant anticolonialiste appel\u00e9 sur le th\u00e9\u00e2tre des op\u00e9rations \u00e0 combattre le FLN et les ind\u00e9pendantistes. Dans une alternance de sc\u00e8nes burlesques et dramatiques, le jeune Federico, l'enfant r\u00e9citant de la famille Lorca, fait son apprentissage : il est le t\u00e9moin de cette France qui aspire \u00e0 la modernit\u00e9 en m\u00eame temps qu'elle se trouve confront\u00e9e \u00e0 la trag\u00e9die de la guerre. Le romancier, qui nous donne \u00e0 voir un reflet \u00e9clat\u00e9 et tr\u00e8s diversifi\u00e9 de cette p\u00e9riode troubl\u00e9e, \u00e9voque avec finesse le d\u00e9chirement des consciences autant que la vitalit\u00e9 et l'all\u00e9gresse qui r\u00e8gnent dans la petite soci\u00e9t\u00e9 des commer\u00e7ants de la Halle. Le style, construit sur une oralit\u00e9 subtilement travaill\u00e9e, donne \u00e0 ce roman un ton vivant et un caract\u00e8re tr\u00e8s singulier.\r","authors":["Fran\u00e7ois Garcia"],"category_codes":["1000000","1010000"],"visuals":{"large":"https:\/\/images.epagine.fr\/861\/9782864326861_1_75.jpg","medium":"https:\/\/images.epagine.fr\/861\/9782864326861_1_m.jpg","thumbnail":"https:\/\/images.epagine.fr\/861\/9782864326861_1_v.jpg"},"orderable":true,"show_badge":true,"formatted_price":"16,00&nbsp;\u20ac","formatted_published_date":"7 mai 2012","publisher_availability_label":"Sur commande","short_details":"Fran\u00e7ois Garcia \u2014 \u00c9ditions Verdier","translator":null,"weight":358,"page_count":288,"readership":null,"editor":"\u00c9ditions Verdier","price":1600,"published_date":"2012-05-06T22:00:00.000000Z","support":"Grand format","publisher_availability":1,"stock":0,"editions":[],"url":"https:\/\/quaidesbrumes.com\/ouvrage\/9782864326861\/federico-federico"},{"id":"9791094719015","title":"Gordeak - l oeil de tartaro","description":null,"authors":["Martine Bouchet"],"category_codes":["1000000","1010000"],"visuals":{"large":"https:\/\/images.epagine.fr\/015\/9791094719015_1_75.jpg","medium":"https:\/\/images.epagine.fr\/015\/9791094719015_1_m.jpg","thumbnail":"https:\/\/images.epagine.fr\/015\/9791094719015_1_v.jpg"},"orderable":true,"show_badge":true,"formatted_price":"16,00&nbsp;\u20ac","formatted_published_date":"2 mai 2016","publisher_availability_label":"Sur commande","short_details":"Martine Bouchet \u2014 Elkar","translator":null,"weight":400,"page_count":null,"readership":null,"editor":"Elkar","price":1600,"published_date":"2016-05-01T22:00:00.000000Z","support":"Grand format","publisher_availability":1,"stock":0,"editions":[],"url":"https:\/\/quaidesbrumes.com\/ouvrage\/9791094719015\/gordeak-l-oeil-de-tartaro"},{"id":"9782959968037","title":"Tant mieux si je tombe","description":"\" Les fleurs blanches et r\u00e9vuls\u00e9es de l'art fleurissent en puisant dans la raison\".\r\n\r\nLucille a d\u00e9cid\u00e9 de tout quitter : Marseille, sa famille et son enfance. Elle \u00e9choue \u00e0 Nancy ; elle s'y r\u00eave sauv\u00e9e. Malgr\u00e9 une vie bien rang\u00e9e, Lucille veut tout bousculer.\r\nM\u00e8re, \u00e9pouse, elle souhaiterait se lib\u00e9rer du sacerdoce de la femme sans avoir \u00e0 en souffrir. Elle se jette alors \u00e0 corps perdu dans la sculpture de ses obsessions chaotiques. Cette jouissance cr\u00e9atrice lui redonne un semblant d'\u00e9quilibre. Peu \u00e0 peu, elle abandonne tout, au risque de chavirer. \r\n\r\n\" Cette nuit, je dis adieu \u00e0 une moiti\u00e9 de moi-m\u00eame. Qui d\u00e9riva au large, en silence \".\r\n\r\nTANT MIEUX SI JE TOMBE se lit comme un puzzle en phase d'assemblage, dont la finition n'apaise pas le lecteur. \r\nUne \u00e9criture hallucinante, foisonnante d'images et de jeux de couleurs.\r","authors":["Anne Calife"],"category_codes":["1000000","1010000"],"visuals":{"large":"https:\/\/images.epagine.fr\/037\/9782959968037_1_75.jpg","medium":"https:\/\/images.epagine.fr\/037\/9782959968037_1_m.jpg","thumbnail":"https:\/\/images.epagine.fr\/037\/9782959968037_1_v.jpg"},"orderable":true,"show_badge":true,"formatted_price":"19,00&nbsp;\u20ac","formatted_published_date":"1er novembre 2012","publisher_availability_label":"Sur commande","short_details":"Anne Calife \u2014 The Menthol House","translator":null,"weight":276,"page_count":196,"readership":null,"editor":"The Menthol House","price":1900,"published_date":"2012-10-31T23:00:00.000000Z","support":"Grand format","publisher_availability":1,"stock":0,"editions":[],"url":"https:\/\/quaidesbrumes.com\/ouvrage\/9782959968037\/tant-mieux-si-je-tombe"},{"id":"9782930538129","title":"Un d\u00e9 en acajou a disparu","description":"L'auteur est \u00e9conomiste. Il abandonne quelques instants les comptes \u00e9conomiques  pour nous raconter d'autres contes ou, plus exactement, de courtes nouvelles.  A la base, une id\u00e9e : une th\u00e9orie, une loi ou un principe qu'il fait passer par le prisme de son imagination afin de cr\u00e9er des histoires sur des trames polici\u00e8res, romanesques, dramatiques ou comiques. En tentant de divertir son lecteur, l'auteur veut montrer que l'\u00e9conomie se prend parfois trop au s\u00e9rieux et se d\u00e9tache de ce qui fait le propre de l'homme et de la vie.\r","authors":["Christian Ost"],"category_codes":["1000000","1010000"],"visuals":{"large":"https:\/\/images.epagine.fr\/129\/9782930538129_1_75.jpg","medium":"https:\/\/images.epagine.fr\/129\/9782930538129_1_m.jpg","thumbnail":"https:\/\/images.epagine.fr\/129\/9782930538129_1_v.jpg"},"orderable":true,"show_badge":true,"formatted_price":"15,00&nbsp;\u20ac","formatted_published_date":"28 janvier 2011","publisher_availability_label":"Sur commande","short_details":"Christian Ost \u2014 Quadrature","translator":null,"weight":175,"page_count":119,"readership":null,"editor":"Quadrature","price":1500,"published_date":"2011-01-27T23:00:00.000000Z","support":"Grand format","publisher_availability":1,"stock":0,"editions":[],"url":"https:\/\/quaidesbrumes.com\/ouvrage\/9782930538129\/un-de-en-acajou-a-disparu"},{"id":"9782812919947","title":"La cabane du berger","description":"Leur premi\u00e8re rencontre s'est sold\u00e9e par une monumentale dispute. Antonia parcourt la r\u00e9gion \u00e0 cheval pour convaincre les paysans d'accepter la construction d'un canal qui assainira les mar\u00e9cages. Jentout, lui, est un jeune berger \u00e9chassier, fier et reniant tout modernisme. Fid\u00e8les \u00e0 l'h\u00e9ritage familial et aux convictions qui leur ont \u00e9t\u00e9 inculqu\u00e9es, tout les oppose... mais ils vont finir par s'appr\u00e9cier, jusqu'\u00e0 s'aimer.","authors":["Bernard Duporge"],"category_codes":["1000000","1010000"],"visuals":{"large":"https:\/\/images.epagine.fr\/947\/9782812919947_1_75.jpg","medium":"https:\/\/images.epagine.fr\/947\/9782812919947_1_m.jpg","thumbnail":"https:\/\/images.epagine.fr\/947\/9782812919947_1_v.jpg"},"orderable":true,"show_badge":true,"formatted_price":"7,50&nbsp;\u20ac","formatted_published_date":"25 ao\u00fbt 2016","publisher_availability_label":"Sur commande","short_details":"Bernard Duporge \u2014 De Bor\u00e9e","translator":null,"weight":222,"page_count":432,"readership":null,"editor":"De Bor\u00e9e","price":750,"published_date":"2016-08-24T22:00:00.000000Z","support":"Poche","publisher_availability":1,"stock":0,"editions":[],"url":"https:\/\/quaidesbrumes.com\/ouvrage\/9782812919947\/la-cabane-du-berger"},{"id":"9782226218513","title":"La nuit de Lampedusa","description":"En juin 1799 \u00e0 Paris, Jeanne, 18 ans, assiste \u00e0 l'enterrement du Chevalier de Saint-George dont elle vient de se d\u00e9couvrir enceinte. Un appel au secours du G\u00e9n\u00e9ral Dumas, emprisonn\u00e9 en Sicile, aurait du parvenir au chevalier, apport\u00e9 par un cavalier qui n'a pu s'acquitter de sa mission. Jeanne et les deux fr\u00e8res d'armes du Chevalier, acquitteront cette dette d'honneur au prix d'aventures rocambolesques et en d\u00e9pit du mal\u00e9fique Mac, invraisemblable Ubu noir. Au m\u00eame moment, Bonaparte p\u00e9n\u00e8tre au Caire \u00e0 la t\u00eate d'une arm\u00e9e d\u00e9faite. Malgr\u00e9 sa folle passion pour Pauline Four\u00e8s, il ne r\u00eave que de rentrer \u00e0 Paris renverser le Directoire. Pour cela, il lui faudrait une victoire, mais ce sera Aboukir... Dans la nuit du 21 au 22 septembre, au large de l'\u00eele de Lampedusa, Bonaparte et Jeanne se croiseront. Et le jeune g\u00e9n\u00e9ral en deviendra obs\u00e9d\u00e9 au point de mettre en p\u00e9ril son coup d'Etat du 18 brumaire.\r","authors":["Daniel Picouly"],"category_codes":["1000000","1010000"],"visuals":{"large":"https:\/\/images.epagine.fr\/513\/9782226218513_1_75.jpg","medium":"https:\/\/images.epagine.fr\/513\/9782226218513_1_m.jpg","thumbnail":"https:\/\/images.epagine.fr\/513\/9782226218513_1_v.jpg"},"orderable":true,"show_badge":true,"formatted_price":"22,80&nbsp;\u20ac","formatted_published_date":"2 mars 2011","publisher_availability_label":"Sur commande","short_details":"Daniel Picouly \u2014 Albin Michel","translator":null,"weight":610,"page_count":496,"readership":null,"editor":"Albin Michel","price":2280,"published_date":"2011-03-01T23:00:00.000000Z","support":"Grand format","publisher_availability":1,"stock":0,"editions":[],"url":"https:\/\/quaidesbrumes.com\/ouvrage\/9782226218513\/la-nuit-de-lampedusa"},{"id":"9782364180123","title":"Le pays que je te ferai voir","description":"\u00c0 l'\u00e2ge des bilans, Louise entreprend de faire la v\u00e9rit\u00e9 sur la mort de son p\u00e8re qu'elle n'a jamais connu. Adjudant incorpor\u00e9 dans un Goum marocain, il est officiellement mort au cours d'une op\u00e9ration en Indochine. Louise n'y a jamais vraiment cru. Ayant trouv\u00e9 la piste d'un ancien goumier, elle part au Maroc en qu\u00eate d'une explication d\u00e9finitive. Mais les histoires se brouillent. Celui dont on lui parle est-il son p\u00e8re ? Et qui est cette femme marocaine avec qui il aurait eu une liaison ? Louise parcourt le Maroc - un Maroc p\u00e9tri de couleurs, d'odeurs et de saveurs, o\u00f9 la chaleur le dispute \u00e0 la pluie, le sable \u00e0 la boue - sur les traces d'un fant\u00f4me. Car pour ce qui est de la r\u00e9alit\u00e9 pr\u00e9sente, c'est celle des immigrants clandestins qu'il lui faut affronter. Celle des disparus en mer. Les fils m\u00eame des anciens goumiers qui laissent derri\u00e8re eux des orphelins. Le voyage de Louise est jalonn\u00e9 de d\u00e9couvertes, de surprises et d'\u00e9motions. Quel est donc ce pays que le destin s'obstine \u00e0 essayer de lui faire voir ?\r","authors":["Michel S\u00e9onnet"],"category_codes":["1000000","1010000"],"visuals":{"large":"https:\/\/images.epagine.fr\/123\/9782364180123_1_75.jpg","medium":"https:\/\/images.epagine.fr\/123\/9782364180123_1_m.jpg","thumbnail":"https:\/\/images.epagine.fr\/123\/9782364180123_1_v.jpg"},"orderable":true,"show_badge":true,"formatted_price":"15,00&nbsp;\u20ac","formatted_published_date":"6 octobre 2014","publisher_availability_label":"Sur commande","short_details":"Michel S\u00e9onnet \u2014 L'Amourier","translator":null,"weight":195,"page_count":150,"readership":null,"editor":"L'Amourier","price":1500,"published_date":"2014-10-05T22:00:00.000000Z","support":"Grand format","publisher_availability":1,"stock":0,"editions":[],"url":"https:\/\/quaidesbrumes.com\/ouvrage\/9782364180123\/le-pays-que-je-te-ferai-voir"},{"id":"9782930538389","title":"La vie en crue","description":"Elle est parfois bien curieuse la premi\u008fre exp\u00e9rience de l'amour. Un paysage, un bruit, une odeur, une couleur, une chaleur, un tableau, une musique, un mot, une silhouette, un regard, un sourire, un visage... Le bruit parfait d'une vague par vent d'est, le chant des oiseaux - l'aube, le souffle accord\u00e9 de deux amis qui marchent sur un sentier escarp\u00e9, l'horizon - nouveau derri\u008fre un col... Et l'on cesse comme par miracle d'\u00ea\u0090tre pr\u00e9occup\u00e9 par soi. Tout \u00e0 coup, c'est la possibilit\u00e9 d'un commencement, d'une esp\u00e9rance. Que savons-nous de ce qui \"meut le Soleil et les autres \u00e9toiles\", comme l'\u00e9crivait Dante ? \r\nPourquoi elle, pourquoi lui ? Nul ne peut r\u00e9pondre \u00e0 cela. Que sommes-nous face \u00e0 la mar\u00e9e des sentiments ? Pas grand-chose. Une brindille, un f\u00e9tu... c'est la vie en crue.\r","authors":["Jean-claude Garrigues"],"category_codes":["1000000","1010000"],"visuals":{"large":"https:\/\/images.epagine.fr\/389\/9782930538389_1_75.jpg","medium":"https:\/\/images.epagine.fr\/389\/9782930538389_1_m.jpg","thumbnail":"https:\/\/images.epagine.fr\/389\/9782930538389_1_v.jpg"},"orderable":true,"show_badge":true,"formatted_price":"15,00&nbsp;\u20ac","formatted_published_date":"7 novembre 2013","publisher_availability_label":"Sur commande","short_details":"Jean-claude Garrigues \u2014 Quadrature","translator":null,"weight":400,"page_count":106,"readership":null,"editor":"Quadrature","price":1500,"published_date":"2013-11-06T23:00:00.000000Z","support":"Grand format","publisher_availability":1,"stock":0,"editions":[],"url":"https:\/\/quaidesbrumes.com\/ouvrage\/9782930538389\/la-vie-en-crue"},{"id":"9782358480376","title":"Le taquet","description":"Le Taquet se compose de huit r\u00e9cits qui se lisent comme un roman. C'est une plong\u00e9e dans le cr\u00e2ne et le quotidien de personnages ordinaires de la Russie actuelle. \u00c0 commencer par l'auteur lui-m\u00eame, lorsque, sous les drapeaux, il mangeait du chien. Peu d\u00e9peignent nos temps modernes avec autant d'acuit\u00e9 et de dr\u00f4lerie que cet h\u00e9ritier de Tchekhov ou de Jack London.\r","authors":["Grichkovets\/Evgueni","Stephane A. Dudoignon"],"category_codes":["1000000","1010000"],"visuals":{"large":"https:\/\/images.epagine.fr\/376\/9782358480376_1_75.jpg","medium":"https:\/\/images.epagine.fr\/376\/9782358480376_1_m.jpg","thumbnail":"https:\/\/images.epagine.fr\/376\/9782358480376_1_v.jpg"},"orderable":true,"show_badge":true,"formatted_price":"19,00&nbsp;\u20ac","formatted_published_date":"18 avril 2013","publisher_availability_label":"Sur commande","short_details":"Grichkovets\/Evgueni, Stephane A. Dudoignon \u2014 BLEU AUTOUR","translator":"STEPHANE A. DUDOIGNON","weight":314,"page_count":240,"readership":null,"editor":"BLEU AUTOUR","price":1900,"published_date":"2013-04-17T22:00:00.000000Z","support":"Grand format","publisher_availability":1,"stock":0,"editions":[],"url":"https:\/\/quaidesbrumes.com\/ouvrage\/9782358480376\/le-taquet"},{"id":"9782358480383","title":"Une enfance juive en m\u00e9diterran\u00e9e musulmane","description":"Sur un ton ironique, tendre, lucide, nostalgique, tragique, trente-quatre auteurs racontent leur enfance juive dans le Maroc, l'Alg\u00e9rie, la Tunisie, l'\u00c9gypte, le Liban et la Turquie des ann\u00e9es 1930-1960.\r\nIls r\u00e9v\u00e8lent la fin d'un monde cosmopolite et s\u00e9culaire, avant l'exil auquel l'Histoire contemporaine les a presque tous contraints.\r","authors":["Collectif"],"category_codes":["1000000","1010000"],"visuals":{"large":"https:\/\/images.epagine.fr\/383\/9782358480383_1_75.jpg","medium":"https:\/\/images.epagine.fr\/383\/9782358480383_1_m.jpg","thumbnail":"https:\/\/images.epagine.fr\/383\/9782358480383_1_v.jpg"},"orderable":true,"show_badge":true,"formatted_price":"26,00&nbsp;\u20ac","formatted_published_date":"5 janvier 2013","publisher_availability_label":"Sur commande","short_details":"Collectif \u2014 BLEU AUTOUR","translator":null,"weight":470,"page_count":365,"readership":null,"editor":"BLEU AUTOUR","price":2600,"published_date":"2013-01-04T23:00:00.000000Z","support":"Grand format","publisher_availability":1,"stock":0,"editions":[],"url":"https:\/\/quaidesbrumes.com\/ouvrage\/9782358480383\/une-enfance-juive-en-mediterranee-musulmane"},{"id":"9782908050745","title":"Fin de si\u00e8cle ; ressort cass\u00e9","description":"Marguerite Coppin, n\u00e9e \u00e0 Bruxelles en 1867, est morte, probablement, en Angleterre, en 1931. Elle est l'auteur, entre autres, de Ressort cass\u00e9, 1889 ; Le Troisi\u00e8me Sexe 1890 ; Hors Sexe, 1890 Jusqu'ici, le nom de Marguerite Coppin figurait uniquement dans quelques anthologies de po\u00e9tesses f\u00e9minines, associ\u00e9 \u00e0 des po\u00e8mes mi\u00e8vres, c\u00e9l\u00e9brant l'effacement naturel des femmes.\r\nOn savait aussi que la dame avait \u00e9t\u00e9 suspect\u00e9e d'atteinte aux \u00ab bonnes moeurs \u00bb pour Le Troisi\u00e8me sexe, roman publi\u00e9 sans nom d'auteur, par un \u00e9diteur sulfureux.\r\nPour les lecteurs des po\u00e8mes, la chose \u00e9tait pour le moins inattendue.\r\nLe procureur suspecte Marguerite Coppin, dans Le Troisi\u00e8me sexe, de faire l'\u00e9loge des amours saphiques, mais pire encore, de d\u00e9crire un monde o\u00f9 la ligne qui marque la diff\u00e9rence indubitable entre les sexes s'inscrit en pointill\u00e9s.\r\nLe roman m\u00e9rite donc de retenir l'attention de ceux qui s'int\u00e9ressent aux ind\u00e9cisions du genre.\r\nJ'ai choisi de republier le roman qui vient un an avant l'ouvrage incrimin\u00e9 et qui en donne la clef.\r\nRessort cass\u00e9 est un livre en deux parties : l\u00e0, une jeune fille s\u00e9duit son institutrice ; ici, \u00e0 peine plus \u00e2g\u00e9e, elle analyse la situation des femmes avec une rare lucidit\u00e9 et un cynisme qu'on peut qualifier de politique. Si l'instruction est un handicap pour une femme sans fortune, son corps est son unique capital. Seule consolation :\r\n\u00eatre toujours, \u00e0 la fois, l'enjeu et la joueuse.\r\nRessort cass\u00e9 est, \u00e0 n'en pas douter, un roman f\u00e9ministe et Marguerite Coppin une femme \u00e0 deux visages. Reste aux chercheurs\/euses \u00e0 les r\u00e9v\u00e9ler et \u00e0 les articuler.\r","authors":["Marguerite Coppin"],"category_codes":["1000000","1010000"],"visuals":{"large":"https:\/\/images.epagine.fr\/745\/9782908050745_1_75.jpg","medium":"https:\/\/images.epagine.fr\/745\/9782908050745_1_m.jpg","thumbnail":"https:\/\/images.epagine.fr\/745\/9782908050745_1_v.jpg"},"orderable":true,"show_badge":true,"formatted_price":"14,00&nbsp;\u20ac","formatted_published_date":"20 d\u00e9cembre 2011","publisher_availability_label":"Sur commande","short_details":"Marguerite Coppin \u2014 Gaykitschcamp","translator":null,"weight":200,"page_count":102,"readership":null,"editor":"Gaykitschcamp","price":1400,"published_date":"2011-12-19T23:00:00.000000Z","support":"Grand format","publisher_availability":1,"stock":0,"editions":[],"url":"https:\/\/quaidesbrumes.com\/ouvrage\/9782908050745\/fin-de-siecle-ressort-casse"},{"id":"9782914033756","title":"Le cas du k2 - [mathematiques & alpinisme]","description":null,"authors":["Daniel Parrochia"],"category_codes":["1000000","1010000"],"visuals":{"large":"https:\/\/images.epagine.fr\/756\/9782914033756_1_75.jpg","medium":"https:\/\/images.epagine.fr\/756\/9782914033756_1_m.jpg","thumbnail":"https:\/\/images.epagine.fr\/756\/9782914033756_1_v.jpg"},"orderable":true,"show_badge":true,"formatted_price":"15,00&nbsp;\u20ac","formatted_published_date":"7 f\u00e9vrier 2018","publisher_availability_label":"Sur commande","short_details":"Daniel Parrochia \u2014 Le Corridor Bleu","translator":null,"weight":165,"page_count":null,"readership":null,"editor":"Le Corridor Bleu","price":1500,"published_date":"2018-02-06T23:00:00.000000Z","support":"Grand format","publisher_availability":1,"stock":0,"editions":[],"url":"https:\/\/quaidesbrumes.com\/ouvrage\/9782914033756\/le-cas-du-k2-mathematiques-alpinisme"},{"id":"9782846792035","title":"M\u00e8re-vieille racontait","description":"M\u00e8re-vieille racontait est la \" chronique d'une mort annonc\u00e9e \" : celle d'un hameau perdu de Transylvanie, (multiethnique et multiconfessionnel, du nom de Petra), qu'une \" ancienne \", pierre angulaire du village, s'efforce de retarder en ressuscitant les histoires pass\u00e9es de tous ses habitants, les vieux surtout (les jeunes ayant migr\u00e9 en masse vers la ville). Un \u00e9tranger, visiteur de passage se trouve pris dans les rets de ce monde en marge du r\u00e9el (Devenue sur le tard une lectrice f\u00e9rue de grande litt\u00e9rature, \"m\u00e8re-vieille\" m\u00eale inextricablement des d\u00e9tails de Boulgakov, d'Italo Calvino, etc. \r\nAux v\u00e9ritables souvenirs). Le narrateur m\u00eame s'en fera le d\u00e9positaire, puis le transmetteur, apr\u00e8s la mort de la conteuse. Si, en parlant de cette histoire authentique - la plupart des protagonistes, de \"m\u00e8re-vieille\" \u00e0 la jument du facteur, ont bel et bien exist\u00e9 ou vivent encore -, le traducteur fait r\u00e9f\u00e9rence aux romans de Gabriel Garda Marquez, ce n'est pas par hasard : la m\u00eame ambiance, \u00e0 la fois locale et universelle, enveloppe celui de Tuculescu. \r\nOn y trouve aussi une \u00e9vocation de l'\u00e9rotisme f\u00e9minin dionysiaque plus fort encore que celui de l'Eloge des femmes m\u00fbres de Stephen Vizinczey.\r","authors":["Radu Tuculescu","Dominique Ilea"],"category_codes":["1000000","1010000"],"visuals":{"large":"https:\/\/images.epagine.fr\/035\/9782846792035_1_75.jpg","medium":"https:\/\/images.epagine.fr\/035\/9782846792035_1_m.jpg","thumbnail":"https:\/\/images.epagine.fr\/035\/9782846792035_1_v.jpg"},"orderable":true,"show_badge":true,"formatted_price":"21,00&nbsp;\u20ac","formatted_published_date":"15 mars 2012","publisher_availability_label":"Sur commande","short_details":"Radu Tuculescu, Dominique Ilea \u2014 GINKGO","translator":"DOMINIQUE ILEA","weight":432,"page_count":360,"readership":null,"editor":"GINKGO","price":2100,"published_date":"2012-03-14T23:00:00.000000Z","support":"Grand format","publisher_availability":1,"stock":0,"editions":[],"url":"https:\/\/quaidesbrumes.com\/ouvrage\/9782846792035\/mere-vieille-racontait"},{"id":"9782930538075","title":"Haut les filles !","description":"Elles sont jeunes, seules, tristes ou pas. Elles sont belles ou pas. Elles r\u00e9fl\u00e9chissent  leur vie, elles pleurent, elles rient... Elles repr\u00e9sentent un patchwork des femmes d'aujourd'hui. Des filles d'aujourd'hui. Elles vous emm\u00e8nent dans leur univers, dans leur int\u00e9rieur, vers leur \u00e2me. Elles vous font toucher du doigt, des yeux, leur petit monde. Elles s'appellent Anouk, Jade, Cassiope, Marguerite ou Claire. Elles vous attendent pour vous entra\u00eener dans leur vie. Un instant. Un bref instant.\r","authors":["Calouan"],"category_codes":["1000000","1010000"],"visuals":{"large":"https:\/\/images.epagine.fr\/075\/9782930538075_1_75.jpg","medium":"https:\/\/images.epagine.fr\/075\/9782930538075_1_m.jpg","thumbnail":"https:\/\/images.epagine.fr\/075\/9782930538075_1_v.jpg"},"orderable":true,"show_badge":true,"formatted_price":"15,00&nbsp;\u20ac","formatted_published_date":"8 d\u00e9cembre 2009","publisher_availability_label":"Sur commande","short_details":"Calouan \u2014 Quadrature","translator":null,"weight":159,"page_count":108,"readership":null,"editor":"Quadrature","price":1500,"published_date":"2009-12-07T23:00:00.000000Z","support":"Grand format","publisher_availability":1,"stock":0,"editions":[],"url":"https:\/\/quaidesbrumes.com\/ouvrage\/9782930538075\/haut-les-filles"},{"id":"9782253934424","title":"Le th\u00e9or\u00e8me de Cupidon","description":"Nouvelle \u00e9dition illustr\u00e9e par l'auteur.\r\n\r\nAd\u00e9la\u00efde est exub\u00e9rante, directe, rigolote, mais elle fuit les histoires d'amour. Phil\u00e9as est timide, maladroit, s\u00e9rieux, et ne pense qu'\u00e0 conclure. Ils ont le m\u00eame \u00e2ge, travaillent tous les deux dans le cin\u00e9ma, pourtant ils ne se connaissent pas. Enfin, c'est ce qu'ils croient...\r\nEntre situations p\u00e9tillantes et rebondissements irr\u00e9sistibles, une savoureuse com\u00e9die romantique \u00e0 deux voix, l'une f\u00e9minine, l'autre qui a mu\u00e9.","authors":["Agn\u00e8s Ab\u00e9cassis"],"category_codes":["1000000","1010000"],"visuals":{"large":"https:\/\/images.epagine.fr\/424\/9782253934424_1_75.jpg","medium":"https:\/\/images.epagine.fr\/424\/9782253934424_1_m.jpg","thumbnail":"https:\/\/images.epagine.fr\/424\/9782253934424_1_v.jpg"},"orderable":true,"show_badge":true,"formatted_price":"6,90&nbsp;\u20ac","formatted_published_date":"27 ao\u00fbt 2019","publisher_availability_label":"Sur commande","short_details":"Agn\u00e8s Ab\u00e9cassis \u2014 Le Livre de Poche","translator":null,"weight":185,"page_count":282,"readership":null,"editor":"Le Livre de Poche","price":690,"published_date":"2019-08-26T22:00:00.000000Z","support":"Poche","publisher_availability":1,"stock":0,"editions":["9782702141830"],"url":"https:\/\/quaidesbrumes.com\/ouvrage\/9782253934424\/le-theoreme-de-cupidon"},{"id":"9782812921841","title":"Les amants de la lagune","description":"Une figure f\u00e9minine courageuse et instruite ouvrant la voie \u00e0 un nouveau mod\u00e8le de femme moderne.\r\n\r\nUn roman tr\u00e8s vivant au coeur d'un village peupl\u00e9 de personnages bien camp\u00e9s.\r\n\r\nLe r\u00e9cit des difficiles heures sous l'Occupation.\r\n\r\nDans l'ombre de son p\u00e8re, riche propri\u00e9taire et maire du village, Andr\u00e9 est \u00e9lev\u00e9 avec l'id\u00e9e obs\u00e9dante de lui donner un h\u00e9ritier.\r\nPeine perdue, il n'aura que deux filles. Cette pression se reporte alors sur la benjamine, Lucie, dont les vell\u00e9it\u00e9s contestataires n' ont d' \u00e9gal que les id\u00e9es autoritaires de son grand-p\u00e8re. Alors qu'une nouvelle guerre \u00e9clate, la difficile p\u00e9riode de l' Occupation va r\u00e9v\u00e9ler le carac- t\u00e8re de chacun, audacieux pour les uns et l\u00e2che pour les autres...","authors":["Bernard Duporge"],"category_codes":["1000000","1010000"],"visuals":{"large":"https:\/\/images.epagine.fr\/841\/9782812921841_1_75.jpg","medium":"https:\/\/images.epagine.fr\/841\/9782812921841_1_m.jpg","thumbnail":"https:\/\/images.epagine.fr\/841\/9782812921841_1_v.jpg"},"orderable":true,"show_badge":true,"formatted_price":"7,90&nbsp;\u20ac","formatted_published_date":"24 ao\u00fbt 2017","publisher_availability_label":"Sur commande","short_details":"Bernard Duporge \u2014 De Bor\u00e9e","translator":null,"weight":210,"page_count":400,"readership":null,"editor":"De Bor\u00e9e","price":790,"published_date":"2017-08-23T22:00:00.000000Z","support":"Poche","publisher_availability":1,"stock":0,"editions":[],"url":"https:\/\/quaidesbrumes.com\/ouvrage\/9782812921841\/les-amants-de-la-lagune"},{"id":"9782915120721","title":"Je ne serai pas m.","description":"Un r\u00e9cit dont le narrateur est un adolescent se superpose aux extraits d'un roman le concernant que sa m\u00e8re est en train d'\u00e9crire. Cet enfant pr\u00e9coce souffre d'un handicap non nomm\u00e9 mais qui ressemble \u00e0 une forme d'autisme... Une voix bouleversante.\r\n\r\nAlban n'est pas un enfant comme les autres... Un \u00e9v\u00e9nement de son enfance fixera pour son entourage le d\u00e9but d'un comportement singulier. \u00c0 partir de ce jour, Alban ne pleurera plus, ne parlera plus. Plus tard, il \u00e9crira.\r\nPar l'\u00e9criture d\u00e9pos\u00e9e dans son ordinateur, il parvient en \u00e9quilibriste \u00e0 dompter ses d\u00e9mons int\u00e9rieurs. Les mots sont pour lui vivants et dou\u00e9s de pouvoirs ; ils peuplent son silence.\r\nCharpente de ce r\u00e9cit, le \" journal \" d'Alban ench\u00e2sse les \u00e9crits de sa m\u00e8re d\u00e9couverts par hasard dans un tiroir et recopi\u00e9s en cachette.\r\nMarie-H\u00e9l\u00e8ne Bahain donne une si juste voix \u00e0 cet enfant que le lecteur s'en trouve sollicit\u00e9 dans sa propre relation au monde et au langage.\r","authors":["Marie-h\u00e9l\u00e8ne Bahain"],"category_codes":["1000000","1010000"],"visuals":{"large":"https:\/\/images.epagine.fr\/721\/9782915120721_1_75.jpg","medium":"https:\/\/images.epagine.fr\/721\/9782915120721_1_m.jpg","thumbnail":"https:\/\/images.epagine.fr\/721\/9782915120721_1_v.jpg"},"orderable":true,"show_badge":true,"formatted_price":"12,00&nbsp;\u20ac","formatted_published_date":"1er avril 2012","publisher_availability_label":"Sur commande","short_details":"Marie-h\u00e9l\u00e8ne Bahain \u2014 L'Amourier","translator":null,"weight":105,"page_count":102,"readership":null,"editor":"L'Amourier","price":1200,"published_date":"2012-03-31T22:00:00.000000Z","support":"Grand format","publisher_availability":1,"stock":0,"editions":[],"url":"https:\/\/quaidesbrumes.com\/ouvrage\/9782915120721\/je-ne-serai-pas-m"}]}