{"data":[{"id":"9782352701514","title":"La chambre des consolations","description":"Maria et Pierre qui se sont rencontr\u00e9s tr\u00e8s bri\u00e8vement \u00e0 vingt ans se retrouvent par hasard quinze ans apr\u00e8s et commencent une histoire d'amour. Ils ont l'un et l'autre v\u00e9cu, des moments lumineux et tragiques. L'ombre de la Shoa obscurcit la vie de Maria.\r\nIls se racontent des \u00e9pisodes importants de leurs existences, dressent des portraits de personnages fondateurs de ce qu'ils sont. Ils avancent ensemble dans une qu\u00eate de libert\u00e9 int\u00e9rieure, o\u00f9 le pardon, l'empathie, le go\u00fbt et la pratique de l'art les m\u00e8nent vers une forme de paix qui conduit au bonheur.\r\nLe r\u00e9cit se fonde sur la foi dans la capacit\u00e9 de l'homme \u00e0 se transformer et \u00e0 transformer le monde.\r\nL'amour des autres, le respect de la nature et des animaux, la non-violence s'expriment tout au long d'un r\u00e9cit vivant o\u00f9 la France, l'Allemagne, la Russie, le Maroc sont autant de terres de r\u00e9f\u00e9rences fortes pour les h\u00e9ros.\r","authors":["Nicole de Pontcharra"],"category_codes":["1000000","1010000"],"visuals":{"large":"https:\/\/images.epagine.fr\/514\/9782352701514_1_75.jpg","medium":"https:\/\/images.epagine.fr\/514\/9782352701514_1_m.jpg","thumbnail":"https:\/\/images.epagine.fr\/514\/9782352701514_1_v.jpg"},"orderable":true,"show_badge":true,"formatted_price":"13,00&nbsp;\u20ac","formatted_published_date":"20 mars 2013","publisher_availability_label":"Sur commande","short_details":"Nicole de Pontcharra \u2014 Non Lieu","translator":null,"weight":174,"page_count":120,"readership":null,"editor":"Non Lieu","price":1300,"published_date":"2013-03-19T23:00:00.000000Z","support":"Grand format","publisher_availability":1,"stock":0,"editions":[],"url":"https:\/\/quaidesbrumes.com\/ouvrage\/9782352701514\/la-chambre-des-consolations"},{"id":"9782702144701","title":"L'entre-temps","description":"Le petit Alex n\u00e9 dans un camp d'internement perdu au fond du Maroc est devenu un homme. Un homme plus vieux que ne l'a jamais \u00e9t\u00e9 son p\u00e8re, marin, qui l'a fa\u00e7onn\u00e9 et fascin\u00e9. Il lui a appris les bateaux, les avions, la contemplation du rayon vert des couchers de soleil, l'ouverture aux autres, et la loyaut\u00e9. C'est d'ailleurs par loyaut\u00e9 envers sa m\u00e8re et son p\u00e8re qu'Alex revient en terre natale : depuis trop longtemps s\u00e9par\u00e9s, ses parents doivent \u00eatre enfin r\u00e9unis, en France. Et l'enfant devenu adulte se nourrit du souvenir de Rose, sa m\u00e8re, jeune modiste italienne, sauvage et envo\u00fbtante, de ses grands-parents \u00e9pris de libert\u00e9, de Yemna la juive, de Mina la musulmane, de sa tante d'Am\u00e9rique, de ses cousins d'Afrique...\r\nDans ce roman sensible et fort, \u00e9crit avec pudeur et \u00e9l\u00e9gance, s'enchev\u00eatrent les alliances perverses de la Seconde Guerre mondiale qui pr\u00e9cipitent Rose en captivit\u00e9. Malgr\u00e9 la trag\u00e9die du monde qui s'\u00e9croule, le bonheur d'\u00eatre ensemble l'emporte sur la cruaut\u00e9. Au fil d'un \u00ab tu \u00bb timide et d\u00e9licat \u00e0 la voix sobre et retenue, le fils s'adresse au p\u00e8re, dans une qu\u00eate des origines visant \u00e0 saisir enfin quelques parcelles du myst\u00e8re de la filiation.","authors":["Ren\u00e9 Guitton"],"category_codes":["1000000","1020000","1021200"],"visuals":{"large":"https:\/\/images.epagine.fr\/701\/9782702144701_1_75.jpg","medium":"https:\/\/images.epagine.fr\/701\/9782702144701_1_m.jpg","thumbnail":"https:\/\/images.epagine.fr\/701\/9782702144701_1_v.jpg"},"orderable":true,"show_badge":true,"formatted_price":"17,00&nbsp;\u20ac","formatted_published_date":"21 ao\u00fbt 2013","publisher_availability_label":"Sur commande","short_details":"Ren\u00e9 Guitton \u2014 Calmann-L\u00e9vy","translator":null,"weight":260,"page_count":207,"readership":null,"editor":"Calmann-L\u00e9vy","price":1700,"published_date":"2013-08-20T22:00:00.000000Z","support":"Grand format","publisher_availability":1,"stock":0,"editions":[],"url":"https:\/\/quaidesbrumes.com\/ouvrage\/9782702144701\/lentre-temps"},{"id":"9782490364190","title":"Des gourmandises sur l'\u00e9tag\u00e8re","description":"Odilon et Marie-Gabrielle s\u00b4en vont pique-niquer sur l\u00b4\u00eele en ce joli mois de mai. \u00c0 l\u00b4heure de la sieste, les corps ronds et potel\u00e9s, \u00ab chairs exub\u00e9rantes \u00bb, se d\u00e9lassent. Au loin, Berthe, leur fille, les observe. Sur fond de petits plats et p\u00e2tisseries \u00e0 d\u00e9guster, Des Gourmandises sur l\u00b4\u00e9tag\u00e8re sont le r\u00e9cit d\u00b4une rupture et de la difficile reconqu\u00eate.\r","authors":["Fran\u00e7oise Moreau"],"category_codes":["1000000","1010000"],"visuals":{"large":"https:\/\/images.epagine.fr\/190\/9782490364190_1_75.jpg","medium":"https:\/\/images.epagine.fr\/190\/9782490364190_1_m.jpg","thumbnail":"https:\/\/images.epagine.fr\/190\/9782490364190_1_v.jpg"},"orderable":true,"show_badge":true,"formatted_price":"13,00&nbsp;\u20ac","formatted_published_date":"8 avril 2021","publisher_availability_label":"Sur commande","short_details":"Fran\u00e7oise Moreau \u2014 L'Oeil Ebloui","translator":null,"weight":110,"page_count":60,"readership":null,"editor":"L'Oeil Ebloui","price":1300,"published_date":"2021-04-07T22:00:00.000000Z","support":"Grand format","publisher_availability":1,"stock":0,"editions":[],"url":"https:\/\/quaidesbrumes.com\/ouvrage\/9782490364190\/des-gourmandises-sur-letagere"},{"id":"9782880864156","title":"Terre de mousson ; roman tha\u00eflandais","description":"Largement autobiographique, ce singulier roman d'apprentissage entra\u00eene le lecteur \u00e0 la suite du jeune Prem, depuis sa petite enfance dans une r\u00e9gion rurale tr\u00e8s pauvre de la Tha\u00eflande dans les ann\u00e9es cinquante, jusqu'\u00e0 son retour de l'\u00e9tranger en 1980, au moment d'une prise de d\u00e9cision qui d\u00e9terminera sa vie d'adulte.\r\nL'id\u00e9alisme humaniste face \u00e0 l'ignorance des paysans ainsi qu'une pertinente vision de l'exotisme europ\u00e9en observ\u00e9 \u00e0 travers les yeux de Prem s'y m\u00ealent en une r\u00e9flexion sensible.\r","authors":["Pira Sudham","Dominique Maeder"],"category_codes":["1000000","1010000"],"visuals":{"large":"https:\/\/images.epagine.fr\/156\/9782880864156_1_75.jpg","medium":"https:\/\/images.epagine.fr\/156\/9782880864156_1_m.jpg","thumbnail":"https:\/\/images.epagine.fr\/156\/9782880864156_1_v.jpg"},"orderable":true,"show_badge":true,"formatted_price":"23,00&nbsp;\u20ac","formatted_published_date":"28 mars 2013","publisher_availability_label":"Sur commande","short_details":"Pira Sudham, Dominique Maeder \u2014 OLIZANE","translator":"DOMINIQUE MAEDER","weight":356,"page_count":280,"readership":null,"editor":"OLIZANE","price":2300,"published_date":"2013-03-27T23:00:00.000000Z","support":"Grand format","publisher_availability":1,"stock":0,"editions":[],"url":"https:\/\/quaidesbrumes.com\/ouvrage\/9782880864156\/terre-de-mousson-roman-thailandais"},{"id":"9782930538471","title":"Les vrais h\u00e9ros ne portent pas de slip rouge","description":"Les sacs commencent alors \u00e0 circuler dans les rang\u00e9es. On entendait les coeurs battre. Tout le monde ne pensait qu'\u00e0 une chose : sauver sa peau et sortir de ce traquenard au plus vite. Surtout, ne pas mourir pour quelques euros.\r\nIl n'y avait que Jean-Claude qui tr\u00e9pignait sur son si\u00e8ge. Dans son supermarch\u00e9 du quinzi\u00e8me arrondissement, il n'arr\u00eatait que des garnements qui volaient des bonbons ou des clochards qui piquaient leur litron de rouge pour la journ\u00e9e. Jamais encore il n'avait pu montrer ce qu'il avait r\u00e9ellement dans le ventre, et l\u00e0, l'occasion s'offrait enfin \u00e0 lui. A sa place, Steven, Chuck ou Arnold n'auraient pas h\u00e9sit\u00e9 une seconde. C'\u00e9taient des h\u00e9ros, des vrais, il ne pouvait pas les d\u00e9cevoir apr\u00e8s tout ce qu'ils lui avaient apport\u00e9...\r","authors":["Axel S\u00e9n\u00e9quier"],"category_codes":["1000000","1010000"],"visuals":{"large":"https:\/\/images.epagine.fr\/471\/9782930538471_1_75.jpg","medium":"https:\/\/images.epagine.fr\/471\/9782930538471_1_m.jpg","thumbnail":"https:\/\/images.epagine.fr\/471\/9782930538471_1_v.jpg"},"orderable":true,"show_badge":true,"formatted_price":"16,00&nbsp;\u20ac","formatted_published_date":"17 septembre 2014","publisher_availability_label":"Sur commande","short_details":"Axel S\u00e9n\u00e9quier \u2014 Quadrature","translator":null,"weight":190,"page_count":128,"readership":null,"editor":"Quadrature","price":1600,"published_date":"2014-09-16T22:00:00.000000Z","support":"Grand format","publisher_availability":1,"stock":0,"editions":[],"url":"https:\/\/quaidesbrumes.com\/ouvrage\/9782930538471\/les-vrais-heros-ne-portent-pas-de-slip-rouge"},{"id":"9782875052216","title":"Invisibles et remuants","description":"\"\u00ab Nous sommes entr\u00e9s en r\u00e9sistance. Nous avons pris les armes. Vos armes. Et nous allons les retourner contre vous. \u00bb Le photographe Bruno Wagner accepte, pour un magazine prestigieux, de r\u00e9aliser un reportage sur l'Espagne ravag\u00e9e par la crise \u00e9conomique. Il retrouve dans les ruines du capitalisme sp\u00e9culatif les repr\u00e9sentants d'une humanit\u00e9 \u00e0 vif, lessiv\u00e9e par des ann\u00e9es de pr\u00e9carit\u00e9 et de col\u00e8re, anim\u00e9s d'une rage d\u00e9cupl\u00e9e par les humiliations.\r\nLe colonel Stadtler, lui, \u00e0 la t\u00eate d'une unit\u00e9 des services secrets fran\u00e7ais, suit les traces d'un bioterroriste susceptible de d\u00e9clencher une \u00e9pid\u00e9mie mortelle de masse. Entre parano\u00efa et crainte d'un massacre aveugle, il devra mettre \u00e0 l'\u00e9preuve ses ressources et son int\u00e9grit\u00e9 afin d'\u00e9viter la catastrophe.\r\nNicolas Ancion nous livre ici un roman haletant, au carrefour des genres, pointant sous le thriller les rouages implacables de notre modernit\u00e9.\"\r","authors":["Nicolas Ancion"],"category_codes":["1000000","1010000"],"visuals":{"large":"https:\/\/images.epagine.fr\/216\/9782875052216_1_75.jpg","medium":"https:\/\/images.epagine.fr\/216\/9782875052216_1_m.jpg","thumbnail":"https:\/\/images.epagine.fr\/216\/9782875052216_1_v.jpg"},"orderable":true,"show_badge":true,"formatted_price":"17,00&nbsp;\u20ac","formatted_published_date":"27 septembre 2015","publisher_availability_label":"Sur commande","short_details":"Nicolas Ancion \u2014 Maelstr\u00d6m re\u00c9volution","translator":null,"weight":400,"page_count":null,"readership":null,"editor":"Maelstr\u00d6m re\u00c9volution","price":1700,"published_date":"2015-09-26T22:00:00.000000Z","support":"Grand format","publisher_availability":1,"stock":0,"editions":[],"url":"https:\/\/quaidesbrumes.com\/ouvrage\/9782875052216\/invisibles-et-remuants"},{"id":"9782914839402","title":"Le 31 juin","description":"\u00ab Elle et moi n'avions eu qu'un m\u00eame souffle depuis bien des ann\u00e9es lorsqu'elle mit la mort entre nous. Ce geste demeur\u00e9 pour moi largement ind\u00e9chiffrable a scell\u00e9 son myst\u00e8re propre et je n'ai pas trouv\u00e9 de mot pour le d\u00e9signer [.]. \r\nAinsi commence Le 31 juin, l'un des tr\u00e8s rares r\u00e9cits po\u00e9tiques de Vincent Bounoure achev\u00e9 deux ans apr\u00e8s la disparition brutale, en 1981, de sa compagne, Micheline.\r\nN\u00e9 \u00e0 Strasbourg en 1928, ing\u00e9nieur des mines, membre du groupe surr\u00e9aliste, il est \u00e9crivain, po\u00e8te et aussi expert en arts oc\u00e9aniens. Il est mort en 1996 \u00e0 Paris.\r\n\u00c0 partir de 1955, il fut un des membres les plus actifs du groupe qui, autour d'Andr\u00e9 Breton, entendait se ranger aux exigences du surr\u00e9alisme. Il publia de nombreux articles dans chacune des revues du mouvement : Le Surr\u00e9alisme m\u00eame, Bief, La Br\u00e8che puis L'Archibras entre 1958 et 1969.\r","authors":["Vincent Bounoure"],"category_codes":["1000000","1010000"],"visuals":{"large":"https:\/\/images.epagine.fr\/402\/9782914839402_1_75.jpg","medium":"https:\/\/images.epagine.fr\/402\/9782914839402_1_m.jpg","thumbnail":"https:\/\/images.epagine.fr\/402\/9782914839402_1_v.jpg"},"orderable":true,"show_badge":true,"formatted_price":"13,00&nbsp;\u20ac","formatted_published_date":"11 mars 2011","publisher_availability_label":"Sur commande","short_details":"Vincent Bounoure \u2014 Urdla","translator":null,"weight":95,"page_count":null,"readership":null,"editor":"Urdla","price":1300,"published_date":"2011-03-10T23:00:00.000000Z","support":"Grand format","publisher_availability":1,"stock":0,"editions":[],"url":"https:\/\/quaidesbrumes.com\/ouvrage\/9782914839402\/le-31-juin"},{"id":"9791090126121","title":"Les parties honteuses","description":"Mon-con-sur-Glissi\u00e8re est une petite ville triste et ennuyeuse o\u00f9 vit Karl, un facteur trentenaire. Avec ses deux seuls amis, il passe beaucoup de temps \u00e0 boire. Il d\u00e9teste son travail, ses coll\u00e8gues, et surtout une vieille femme raciste et acari\u00e2tre qu'il livre souvent : Gis\u00e8le Grisot. Un jour, elle lui annonce que sa petite-fille, Cindy, va venir passer quelques temps chez elle. Cette derni\u00e8re vit dans la gal\u00e8re \u00e0 deux cents kilom\u00e8tres de l\u00e0 et veut trouver du travail sur place pour s'\u00e9loigner de son compagnon violent, Farid, et mettre la main sur la fortune de sa grand-m\u00e8re...\r","authors":["Thomas Pont\u00e9"],"category_codes":["1000000","1010000"],"visuals":{"large":"https:\/\/images.epagine.fr\/121\/9791090126121_1_75.jpg","medium":"https:\/\/images.epagine.fr\/121\/9791090126121_1_m.jpg","thumbnail":"https:\/\/images.epagine.fr\/121\/9791090126121_1_v.jpg"},"orderable":true,"show_badge":true,"formatted_price":"13,00&nbsp;\u20ac","formatted_published_date":"1er avril 2014","publisher_availability_label":"Sur commande","short_details":"Thomas Pont\u00e9 \u2014 ASTOBELARRA","translator":null,"weight":180,"page_count":186,"readership":null,"editor":"ASTOBELARRA","price":1300,"published_date":"2014-03-31T22:00:00.000000Z","support":"Grand format","publisher_availability":1,"stock":0,"editions":[],"url":"https:\/\/quaidesbrumes.com\/ouvrage\/9791090126121\/les-parties-honteuses"},{"id":"9788490276266","title":"Le pays basque face a la revolution francaise - 1789-1799","description":null,"authors":["Caroline Lugat"],"category_codes":["1000000","1010000"],"visuals":{"large":"https:\/\/images.epagine.fr\/266\/9788490276266_1_75.jpg","medium":"https:\/\/images.epagine.fr\/266\/9788490276266_1_m.jpg","thumbnail":"https:\/\/images.epagine.fr\/266\/9788490276266_1_v.jpg"},"orderable":true,"show_badge":true,"formatted_price":"12,85&nbsp;\u20ac","formatted_published_date":"3 novembre 2016","publisher_availability_label":"Sur commande","short_details":"Caroline Lugat \u2014 Elkar","translator":null,"weight":301,"page_count":null,"readership":null,"editor":"Elkar","price":1285,"published_date":"2016-11-02T23:00:00.000000Z","support":"Grand format","publisher_availability":1,"stock":0,"editions":[],"url":"https:\/\/quaidesbrumes.com\/ouvrage\/9788490276266\/le-pays-basque-face-a-la-revolution-francaise-1789-1799"},{"id":"9782914033497","title":"Le prehistorique a l'ile bourbon - les revelations du grand ocean","description":null,"authors":["Jules Hermann"],"category_codes":["1000000","1010000"],"visuals":{"large":"https:\/\/images.epagine.fr\/497\/9782914033497_1_75.jpg","medium":"https:\/\/images.epagine.fr\/497\/9782914033497_1_m.jpg","thumbnail":"https:\/\/images.epagine.fr\/497\/9782914033497_1_v.jpg"},"orderable":true,"show_badge":true,"formatted_price":"16,00&nbsp;\u20ac","formatted_published_date":"7 ao\u00fbt 2015","publisher_availability_label":"Sur commande","short_details":"Jules Hermann \u2014 Le Corridor Bleu","translator":null,"weight":320,"page_count":null,"readership":null,"editor":"Le Corridor Bleu","price":1600,"published_date":"2015-08-06T22:00:00.000000Z","support":"Grand format","publisher_availability":1,"stock":0,"editions":[],"url":"https:\/\/quaidesbrumes.com\/ouvrage\/9782914033497\/le-prehistorique-a-lile-bourbon-les-revelations-du-grand-ocean"},{"id":"9782882503008","title":"Dans le sillage des oies sauvages","description":null,"authors":["Mariusz Wilk","Laurence Dy\u00e8vre"],"category_codes":["1000000","1010000"],"visuals":{"large":"https:\/\/images.epagine.fr\/008\/9782882503008_1_75.jpg","medium":"https:\/\/images.epagine.fr\/008\/9782882503008_1_m.jpg","thumbnail":"https:\/\/images.epagine.fr\/008\/9782882503008_1_v.jpg"},"orderable":true,"show_badge":true,"formatted_price":"18,00&nbsp;\u20ac","formatted_published_date":"5 avril 2013","publisher_availability_label":"Sur commande","short_details":"Mariusz Wilk, Laurence Dy\u00e8vre \u2014 Les \u00c9ditions Noir sur Blanc","translator":"LAURENCE DYEVRE","weight":350,"page_count":160,"readership":null,"editor":"Les \u00c9ditions Noir sur Blanc","price":1800,"published_date":"2013-04-04T22:00:00.000000Z","support":"Grand format","publisher_availability":1,"stock":0,"editions":[],"url":"https:\/\/quaidesbrumes.com\/ouvrage\/9782882503008\/dans-le-sillage-des-oies-sauvages"},{"id":"9791090126367","title":"O - t19 - rigor noctis - o","description":null,"authors":["Thomas Pont\u00e9"],"category_codes":["1000000","1010000"],"visuals":{"large":"https:\/\/quaidesbrumes.com\/img\/book-placeholder.png","medium":"https:\/\/quaidesbrumes.com\/img\/book-placeholder.png","thumbnail":"https:\/\/quaidesbrumes.com\/img\/book-placeholder.png"},"orderable":true,"show_badge":true,"formatted_price":"15,00&nbsp;\u20ac","formatted_published_date":"22 mars 2021","publisher_availability_label":"Sur commande","short_details":"Thomas Pont\u00e9 \u2014 ASTOBELARRA","translator":null,"weight":300,"page_count":null,"readership":null,"editor":"ASTOBELARRA","price":1500,"published_date":"2021-03-21T23:00:00.000000Z","support":"Grand format","publisher_availability":1,"stock":0,"editions":[],"url":"https:\/\/quaidesbrumes.com\/ouvrage\/9791090126367\/o-t19-rigor-noctis-o"},{"id":"9791093606293","title":"Safe","description":"Une femme se r\u00e9veille seule dans une pi\u00e8ce blanche et close, une autre marche dans la lande bordant une falaise, tentant d'\u00e9viter l'homme qui vient vers elle, une autre enfin est plac\u00e9e en quarantaine, atteinte d'une syphilis \u00e9trange. Dans son premier roman, Safe, Lucie Ta\u00efeb met en sc\u00e8ne une ou plusieurs femmes, selon la lecture que l'on choisira de faire, aux prises avec une peur abstraite. Oscillant entre r\u00eave et r\u00e9alit\u00e9, cette peur se d\u00e9guise de diverses mani\u00e8res, la peur de l'autre, du dehors, du vide, elle p\u00e8se de tout son poids et elle nous t\u00e9tanise, elle n'a pas de nom, seulement des masques. Ces peurs, sont-elles l'\u00e9cho lointain d'une peur ancestrale, qui serait comme chevill\u00e9e au corps, ou sontelles au contraire le fruit d'une organisation de la protection par la soci\u00e9t\u00e9 ?\r","authors":["Lucie Ta\u00efeb"],"category_codes":["1000000","1010000"],"visuals":{"large":"https:\/\/images.epagine.fr\/293\/9791093606293_1_75.jpg","medium":"https:\/\/images.epagine.fr\/293\/9791093606293_1_m.jpg","thumbnail":"https:\/\/images.epagine.fr\/293\/9791093606293_1_v.jpg"},"orderable":true,"show_badge":true,"formatted_price":"18,00&nbsp;\u20ac","formatted_published_date":"5 f\u00e9vrier 2016","publisher_availability_label":"Sur commande","short_details":"Lucie Ta\u00efeb \u2014 L'Ogre","translator":null,"weight":200,"page_count":216,"readership":null,"editor":"L'Ogre","price":1800,"published_date":"2016-02-04T23:00:00.000000Z","support":"Grand format","publisher_availability":1,"stock":0,"editions":[],"url":"https:\/\/quaidesbrumes.com\/ouvrage\/9791093606293\/safe"},{"id":"9782915018813","title":"Bleu \u00e9perdument","description":null,"authors":["Kate Braverman"],"category_codes":["1000000","1010000","1010100"],"visuals":{"large":"https:\/\/images.epagine.fr\/813\/9782915018813_1_75.jpg","medium":"https:\/\/images.epagine.fr\/813\/9782915018813_1_m.jpg","thumbnail":"https:\/\/images.epagine.fr\/813\/9782915018813_1_v.jpg"},"orderable":true,"show_badge":true,"formatted_price":"20,00&nbsp;\u20ac","formatted_published_date":"6 janvier 2015","publisher_availability_label":"Sur commande","short_details":"Kate Braverman \u2014 Quidam \u00c9diteur","translator":null,"weight":326,"page_count":null,"readership":null,"editor":"Quidam \u00c9diteur","price":2000,"published_date":"2015-01-05T23:00:00.000000Z","support":"Grand format","publisher_availability":1,"stock":0,"editions":[],"url":"https:\/\/quaidesbrumes.com\/ouvrage\/9782915018813\/bleu-eperdument"},{"id":"9782842636388","title":"Mascarade","description":"On retrouve dans ce recueil de cinq r\u00e9cits, publi\u00e9 en 1948, la prose \u00e9lectrique de l'auteur de cet extraordinaire roman, La Peur. Des r\u00e9cits o\u00f9 l'on go\u00fbte la justesse du trait, l'\u00e2pret\u00e9 de la langue et le sens du rythme. D\u00e9cid\u00e9ment Gabriel Chevallier n'est pas que l'auteur de Clochemerle.\r","authors":["Gabriel Chevallier"],"category_codes":["1000000","1010000"],"visuals":{"large":"https:\/\/images.epagine.fr\/388\/9782842636388_1_75.jpg","medium":"https:\/\/images.epagine.fr\/388\/9782842636388_1_m.jpg","thumbnail":"https:\/\/images.epagine.fr\/388\/9782842636388_1_v.jpg"},"orderable":true,"show_badge":true,"formatted_price":"22,00&nbsp;\u20ac","formatted_published_date":"2 octobre 2010","publisher_availability_label":"Sur commande","short_details":"Gabriel Chevallier \u2014 Le Dilettante","translator":null,"weight":394,"page_count":320,"readership":null,"editor":"Le Dilettante","price":2200,"published_date":"2010-10-01T22:00:00.000000Z","support":"Grand format","publisher_availability":1,"stock":0,"editions":[],"url":"https:\/\/quaidesbrumes.com\/ouvrage\/9782842636388\/mascarade"},{"id":"9782918823100","title":"Round midnight express","description":"Un film peut-il agir comme un vaccin ?\r\nC'est le cas de \u00ab Midnight Express \u00bb, r\u00e9alis\u00e9 par Alan Parker en 1978, qui a vaccin\u00e9 des g\u00e9n\u00e9rations de spectateurs contre la Turquie, stigmatisant all\u00e8grement tout un peuple.\r\nDans un voyage qui prend le film pour point de d\u00e9part, pr\u00e9sent\u00e9 lors de sa sortie comme \u00ab une histoire vraie \u00bb , mais charg\u00e9 de clich\u00e9s, de pr\u00e9jug\u00e9s et de vieilles rancoeurs, l'auteur remonte le cours des si\u00e8cles sur les traces de la vision des Turcs d\u00e9velopp\u00e9e par les Europ\u00e9ens. Enfin, une autre histoire se fait jour, l'histoire toute personnelle qu'il vit depuis trente ans avec les Turcs et la Turquie. Au fil de ces p\u00e9r\u00e9grinations, il rencontre divers personnages qui nourrissent sa r\u00e9flexion - Alan Parker \u00e0 Londres, mais aussi Goethe et son \u00ab Divan \u00bb \u00e0 Weimar, les Camondo dans leur fragile r\u00eave de modernit\u00e9 \u00e0 Paris, N\u00e2zim Hikmet dans la prison o\u00f9 il composa ses \u00ab Paysages humains \u00bb, un certain Halil Usta, roi du kebab, de m\u00eame que les descendants des premiers chr\u00e9tiens de la plaine de M\u00e9sopotamie et bien d'autres personnages qui, ensemble, \u00e9laborent peu \u00e0 peu un antidote \u00e0 la x\u00e9nophobie et \u00e0 l'ignorance.\r","authors":["Olivier Delahaye"],"category_codes":["1000000","1010000"],"visuals":{"large":"https:\/\/images.epagine.fr\/100\/9782918823100_1_75.jpg","medium":"https:\/\/images.epagine.fr\/100\/9782918823100_1_m.jpg","thumbnail":"https:\/\/images.epagine.fr\/100\/9782918823100_1_v.jpg"},"orderable":true,"show_badge":true,"formatted_price":"18,00&nbsp;\u20ac","formatted_published_date":"15 octobre 2015","publisher_availability_label":"Sur commande","short_details":"Olivier Delahaye \u2014 Turquoise","translator":null,"weight":200,"page_count":160,"readership":null,"editor":"Turquoise","price":1800,"published_date":"2015-10-14T22:00:00.000000Z","support":"Grand format","publisher_availability":1,"stock":0,"editions":[],"url":"https:\/\/quaidesbrumes.com\/ouvrage\/9782918823100\/round-midnight-express"},{"id":"9782234071056","title":"Quartier charogne","description":"\u00ab Est-ce que notre enfance est importante pour quelqu'un d'autre que nous-m\u00eame ? C'est la question que je me suis pos\u00e9e avant d'\u00e9crire les premi\u00e8res lignes de Quartier charogne. Pourtant, une fois la premi\u00e8re phrase jet\u00e9e, le reste a suivi. Je ne voulais surtout pas faire un livre sur toute ma vie d'un coup, c'est pour \u00e7a que j'ai choisi la tranche de six \u00e0 quinze ans, de notre arriv\u00e9e rue des Mara\u00eechers dans le XXe, le quartier Charonne, jusqu'\u00e0 notre expulsion un matin de juin, quand ils nous ont jet\u00e9s sur le trottoir, ma m\u00e8re et nous, les cinq gosses, sans nulle part o\u00f9 aller. J'ai essay\u00e9 d'\u00eatre le plus franc possible, \u00e7a n'a pas \u00e9t\u00e9 toujours facile, il y a des choses qu'on pr\u00e9f\u00e9rerait garder secr\u00e8tes, d'autres qu'on aurait tendance \u00e0 romancer, on est tent\u00e9 de faire des petits arrangements avec sa m\u00e9moire. J'ai vraiment tout fait pour \u00eatre au plus pr\u00e8s de ce qui s'est pass\u00e9 pendant ces neuf ann\u00e9es. \u00bb N. A.Et c'est bien comme \u00e7a qu'il l'a \u00e9crit, ce livre, Aurousseau. Le parler brut et sans fioritures de l'ancien taulard fait revivre le gamin en culottes courtes dans le Paris populaire des ann\u00e9es 1950. Tout y est, les couleurs, les senteurs, les marchands de quatre saisons, les petits bals et l'accord\u00e9on, les f\u00eates foraines, les bars et les poivrots, les voyous et les bastons. Quartier charogne est le r\u00e9cit d'une enfance marqu\u00e9e par l'amour d'une m\u00e8re courage, l'alcool et la violence d'un p\u00e8re rat\u00e9 mais pardonn\u00e9, le basculement progressif dans la d\u00e9linquance. Quand on referme le livre, on est un peu triste, on aurait voulu que \u00e7a dure encore. On a ri (le braquage de la libraire de la place de la R\u00e9union est un morceau d'anthologie), on a pleur\u00e9, et, surtout, on s'est attach\u00e9. C'est qu'on n'est pas pr\u00e8s de les oublier, le grand Serge, la grosse Jos\u00e9e, le copain Jo, Jacky le Bordelais, Marco, Schtoro, Jojo Lezard et les autres...","authors":["Nan Aurousseau"],"category_codes":["1000000","1010000"],"visuals":{"large":"https:\/\/images.epagine.fr\/056\/9782234071056_1_75.jpg","medium":"https:\/\/images.epagine.fr\/056\/9782234071056_1_m.jpg","thumbnail":"https:\/\/images.epagine.fr\/056\/9782234071056_1_v.jpg"},"orderable":true,"show_badge":true,"formatted_price":"19,00&nbsp;\u20ac","formatted_published_date":"31 octobre 2012","publisher_availability_label":"Sur commande","short_details":"Nan Aurousseau \u2014 Stock","translator":null,"weight":260,"page_count":176,"readership":null,"editor":"Stock","price":1900,"published_date":"2012-10-30T23:00:00.000000Z","support":"Grand format","publisher_availability":1,"stock":0,"editions":[],"url":"https:\/\/quaidesbrumes.com\/ouvrage\/9782234071056\/quartier-charogne"},{"id":"9782070134885","title":"Par le feu","description":"Le 17 d\u00e9cembre 2010, Mohamed Bouazizi s'immolait par le feu.\r\nCe geste radical fut le signal d\u00e9clencheur de la R\u00e9volution de Jasmin en Tunisie. Tahar Ben Jelloun, dans une fiction br\u00e8ve, r\u00e9aliste et po\u00e9tique, reconstitue les jours qui ont pr\u00e9c\u00e9d\u00e9 ce sacrifice. Un superbe hommage aux r\u00e9volutions arabes et ces millions d'hommes et de femmes anonymes descendus dans les rues pour r\u00e9clamer libert\u00e9 et dignit\u00e9 dans leur pays.\r","authors":["Tahar Ben Jelloun"],"category_codes":["1000000","1010000"],"visuals":{"large":"https:\/\/images.epagine.fr\/885\/9782070134885_1_75.jpg","medium":"https:\/\/images.epagine.fr\/885\/9782070134885_1_m.jpg","thumbnail":"https:\/\/images.epagine.fr\/885\/9782070134885_1_v.jpg"},"orderable":true,"show_badge":true,"formatted_price":"8,50&nbsp;\u20ac","formatted_published_date":"6 juin 2011","publisher_availability_label":"Sur commande","short_details":"Tahar Ben Jelloun \u2014 Gallimard","translator":null,"weight":68,"page_count":49,"readership":null,"editor":"Gallimard","price":850,"published_date":"2011-06-05T22:00:00.000000Z","support":"Grand format","publisher_availability":1,"stock":0,"editions":[],"url":"https:\/\/quaidesbrumes.com\/ouvrage\/9782070134885\/par-le-feu"},{"id":"9791091633048","title":"La chute de Toulon","description":null,"authors":["Alain Leroux"],"category_codes":["1000000","1010000"],"visuals":{"large":"https:\/\/quaidesbrumes.com\/img\/book-placeholder.png","medium":"https:\/\/quaidesbrumes.com\/img\/book-placeholder.png","thumbnail":"https:\/\/quaidesbrumes.com\/img\/book-placeholder.png"},"orderable":true,"show_badge":true,"formatted_price":"12,00&nbsp;\u20ac","formatted_published_date":"1er novembre 2014","publisher_availability_label":"Sur commande","short_details":"Alain Leroux \u2014 Les Editions Du Delirium","translator":null,"weight":140,"page_count":192,"readership":null,"editor":"Les Editions Du Delirium","price":1200,"published_date":"2014-10-31T23:00:00.000000Z","support":"Grand format","publisher_availability":1,"stock":0,"editions":[],"url":"https:\/\/quaidesbrumes.com\/ouvrage\/9791091633048\/la-chute-de-toulon"},{"id":"9782352081951","title":"Les bessons de combescure","description":null,"authors":["Henry-no\u00ebl Ferraton"],"category_codes":["1000000","1010000"],"visuals":{"large":"https:\/\/images.epagine.fr\/951\/9782352081951_1_75.jpg","medium":"https:\/\/images.epagine.fr\/951\/9782352081951_1_m.jpg","thumbnail":"https:\/\/images.epagine.fr\/951\/9782352081951_1_v.jpg"},"orderable":true,"show_badge":true,"formatted_price":"17,00&nbsp;\u20ac","formatted_published_date":"23 janvier 2015","publisher_availability_label":"Sur commande","short_details":"Henry-no\u00ebl Ferraton \u2014 Bord Du Lot","translator":null,"weight":280,"page_count":null,"readership":null,"editor":"Bord Du Lot","price":1700,"published_date":"2015-01-22T23:00:00.000000Z","support":"Grand format","publisher_availability":1,"stock":0,"editions":["9782352083696"],"url":"https:\/\/quaidesbrumes.com\/ouvrage\/9782352081951\/les-bessons-de-combescure"},{"id":"9782913388734","title":"Les madones du trottoir","description":"Avoir dix-huit ans en 68, loin du Quartier latin, \u00e0 la fronti\u00e8re pascalienne de l'en-de\u00e7\u00e0 et de l'au-del\u00e0, dans une petite ville des Pyr\u00e9n\u00e9es.\r\nL'Histoire n'est pas pass\u00e9e par-l\u00e0. Dans les huit textes courts qui composent Les Madones du trottoir, l'auteur trace le portrait d'une \u00e9poque, celle de jeunes gens qui d\u00e9couvrent le plaisir interdit des premi\u00e8res Stuyvesant, carburent \u00e0 la bi\u00e8re jusqu'\u00e0 tourner de l'oeil, pr\u00e9f\u00e8rent les arri\u00e8re-salles des bars aux apr\u00e8s-midi dansantes fr\u00e9quent\u00e9es par les fils de notaires, et trouvent de la joie \u00e0 s'affronter aux gens de l'ordre\r","authors":["Sylvain Fourcassi\u00e9"],"category_codes":["1000000","1010000"],"visuals":{"large":"https:\/\/images.epagine.fr\/734\/9782913388734_1_75.jpg","medium":"https:\/\/images.epagine.fr\/734\/9782913388734_1_m.jpg","thumbnail":"https:\/\/images.epagine.fr\/734\/9782913388734_1_v.jpg"},"orderable":true,"show_badge":true,"formatted_price":"12,00&nbsp;\u20ac","formatted_published_date":"18 octobre 2010","publisher_availability_label":"Sur commande","short_details":"Sylvain Fourcassi\u00e9 \u2014 Cadex","translator":null,"weight":201,"page_count":null,"readership":null,"editor":"Cadex","price":1200,"published_date":"2010-10-17T22:00:00.000000Z","support":"Grand format","publisher_availability":1,"stock":0,"editions":[],"url":"https:\/\/quaidesbrumes.com\/ouvrage\/9782913388734\/les-madones-du-trottoir"},{"id":"9782931080320","title":"Mille m\u00e8res","description":"Le d\u00e9partement maternit\u00e9 d'une clinique, c'est un p\u00eale-m\u00eale de r\u00e9cits de vie. On y rencontre mille m\u00e8res, des fi\u00e8res-comme-des-paons, des presque-m\u00e8res, des d\u00e9sirantes, des abim\u00e9es, des-je-fais-de-mon-mieux, des impatientes, des courageuses, des b\u00e9b\u00e9s-m\u00e8res, des perdues, des \u00e9perdues.\r\n Dans une maternit\u00e9, la gravit\u00e9 et la l\u00e9g\u00e8ret\u00e9 se c\u00f4toient et nous font mesurer le prix de l'existence.","authors":["V\u00e9ronique Bitouz\u00e9"],"category_codes":["1000000","1010000","1010100"],"visuals":{"large":"https:\/\/images.epagine.fr\/320\/9782931080320_1_75.jpg","medium":"https:\/\/images.epagine.fr\/320\/9782931080320_1_m.jpg","thumbnail":"https:\/\/images.epagine.fr\/320\/9782931080320_1_v.jpg"},"orderable":true,"show_badge":true,"formatted_price":"18,00&nbsp;\u20ac","formatted_published_date":"4 avril 2023","publisher_availability_label":"Sur commande","short_details":"V\u00e9ronique Bitouz\u00e9 \u2014 Quadrature","translator":null,"weight":160,"page_count":134,"readership":null,"editor":"Quadrature","price":1800,"published_date":"2023-04-03T22:00:00.000000Z","support":"Grand format","publisher_availability":1,"stock":0,"editions":[],"url":"https:\/\/quaidesbrumes.com\/ouvrage\/9782931080320\/mille-meres"},{"id":"9782842682071","title":"Les pagodes d'or","description":null,"authors":["Pierre Loti"],"category_codes":["1000000","1010000"],"visuals":{"large":"https:\/\/images.epagine.fr\/071\/9782842682071_1_75.jpg","medium":"https:\/\/images.epagine.fr\/071\/9782842682071_1_m.jpg","thumbnail":"https:\/\/images.epagine.fr\/071\/9782842682071_1_v.jpg"},"orderable":true,"show_badge":true,"formatted_price":"10,00&nbsp;\u20ac","formatted_published_date":"15 d\u00e9cembre 2011","publisher_availability_label":"Sur commande","short_details":"Pierre Loti \u2014 Kailash","translator":null,"weight":84,"page_count":null,"readership":null,"editor":"Kailash","price":1000,"published_date":"2011-12-14T23:00:00.000000Z","support":"Grand format","publisher_availability":1,"stock":0,"editions":[],"url":"https:\/\/quaidesbrumes.com\/ouvrage\/9782842682071\/les-pagodes-dor"},{"id":"9782912667526","title":"Sous le crible","description":"\u00ab Une note par jour, disons. Jusqu'\u00e0 la fin de l'ann\u00e9e, par exemple. Ce n'est pas beaucoup, pas tout \u00e0 fait rien non plus. Une petite main courante, disons. Un brouillard journalier, mais o\u00f9 ne serait consign\u00e9e qu'une infime partie des \u00ab op\u00e9rations \u00e0 mesure qu'elles se font \u00bb, comme dit le dictionnaire ; ou qui ne se font pas. Crible, claie, bat\u00e9e, tr\u00e9mie, tamis - quel que soit le nom donn\u00e9 \u00e0 l'instrument, il ne pourra emp\u00eacher que p\u00e9pites et poussier, minerai et rebuts, ne soient, au bout du compte, intimement m\u00eal\u00e9s, confondus. \u00bb Sous le crible est le journal d'une ann\u00e9e dans lequel Gilles Ortlieb a consign\u00e9 tous ces petits riens que l'homme press\u00e9 ne voit pas.\r","authors":["Gilles Ortlieb"],"category_codes":["1000000","1010000"],"visuals":{"large":"https:\/\/images.epagine.fr\/526\/9782912667526_1_75.jpg","medium":"https:\/\/images.epagine.fr\/526\/9782912667526_1_m.jpg","thumbnail":"https:\/\/images.epagine.fr\/526\/9782912667526_1_v.jpg"},"orderable":true,"show_badge":true,"formatted_price":"12,00&nbsp;\u20ac","formatted_published_date":"4 avril 2008","publisher_availability_label":"Sur commande","short_details":"Gilles Ortlieb \u2014 \u00c9ditions Finitude","translator":null,"weight":112,"page_count":73,"readership":null,"editor":"\u00c9ditions Finitude","price":1200,"published_date":"2008-04-03T22:00:00.000000Z","support":"Grand format","publisher_availability":1,"stock":0,"editions":[],"url":"https:\/\/quaidesbrumes.com\/ouvrage\/9782912667526\/sous-le-crible"}]}