{"data":[{"id":"9782847618129","title":"Le patient","description":"Le Patient est le r\u00e9cit sans fard du quotidien d'une humanit\u00e9 bless\u00e9e, oubli\u00e9e, vid\u00e9e, \u00e9puis\u00e9e, mise \u00e0 l'\u00e9cart : celle des h\u00f4pitaux psychiatriques. \r\nJ\u00e9r\u00f4me Bertin nous raconte le quotidien de cet h\u00f4pital d'un quartier populaire de Lille, les gens qui y vivent (patients, mais \u00e9galement psychiatres, infirmiers, personnes de l'accueils.), et les rencontres, les menus \u00e9v\u00e9nements et autres incidents ponctuant un temps qui s'\u00e9tire dans l'ennuie et la d\u00e9prime.\r","authors":["J\u00e9r\u00f4me Bertin"],"category_codes":["1000000","1010000"],"visuals":{"large":"https:\/\/images.epagine.fr\/129\/9782847618129_1_75.jpg","medium":"https:\/\/images.epagine.fr\/129\/9782847618129_1_m.jpg","thumbnail":"https:\/\/images.epagine.fr\/129\/9782847618129_1_v.jpg"},"orderable":true,"show_badge":true,"formatted_price":"12,00&nbsp;\u20ac","formatted_published_date":"13 septembre 2012","publisher_availability_label":"Sur commande","short_details":"J\u00e9r\u00f4me Bertin \u2014 Al Dante","translator":null,"weight":68,"page_count":64,"readership":null,"editor":"Al Dante","price":1200,"published_date":"2012-09-12T22:00:00.000000Z","support":"Grand format","publisher_availability":1,"stock":0,"editions":[],"url":"https:\/\/quaidesbrumes.com\/ouvrage\/9782847618129\/le-patient"},{"id":"9782875681461","title":"Le grand menu","description":"Un univers ferm\u00e9. Une grande maison bourgeoise aux portes closes. \u00c0 l'int\u00e9rieur tout est impeccable, les cuivres sont polis, les meubles sont cir\u00e9s. L'air est irrespirable.\r\nUne petite fille est l\u00e0, docile et sage. Elle observe la maison et les deux adultes qui l'habitent. Papa est le meilleur. Maman est la plus forte. La petite fille est sous leur emprise absolue. Elle souffre de ne jamais leur convenir. Alors elle raconte ce qu'elle voit.\r\nLes repas sont pour elle des moments douloureux, interminables, o\u00f9 elle se trouve forc\u00e9e d'avaler ce qu'on lui impose, au sens propre comme au sens figur\u00e9. Son malaise, contenu toute la journ\u00e9e, s'amplifie le soir dans le noir de sa chambre. La nuit, c'est un frottement, une b\u00eate qui rampe : le bruit de sa pantoufle sur le parquet cir\u00e9.\r","authors":["Corinne Hoex"],"category_codes":["1000000","1010000"],"visuals":{"large":"https:\/\/images.epagine.fr\/461\/9782875681461_1_75.jpg","medium":"https:\/\/images.epagine.fr\/461\/9782875681461_1_m.jpg","thumbnail":"https:\/\/images.epagine.fr\/461\/9782875681461_1_v.jpg"},"orderable":true,"show_badge":true,"formatted_price":"8,50&nbsp;\u20ac","formatted_published_date":"2 mars 2017","publisher_availability_label":"Sur commande","short_details":"Corinne Hoex \u2014 Espace Nord","translator":null,"weight":156,"page_count":144,"readership":null,"editor":"Espace Nord","price":850,"published_date":"2017-03-01T23:00:00.000000Z","support":"Poche","publisher_availability":1,"stock":0,"editions":["9782874490903"],"url":"https:\/\/quaidesbrumes.com\/ouvrage\/9782875681461\/le-grand-menu"},{"id":"9782843046070","title":"La vie et les agissements d'Ilie Cazane","description":"Ilie Cazane m\u00e8nerait une existence plut\u00f4t paisible s'il n'avait le don extraordinaire de faire pousser des tomates g\u00e9antes. Sous le r\u00e9gime du Conducator Ceausescu, pareil myst\u00e8re passe pour un crime inconcevable.\r\n\r\nLe colonel Chirita, esprit rationnel qui ne jure que par un mat\u00e9rialisme forcen\u00e9, a vite fait de le mettre aux arr\u00eats. Mais rien n'y fait : malgr\u00e9 les supplices, Cazane demeure muet et ses surnaturels talents de jardinier restent inexplicables.\r\n\r\nPendant ce temps-l\u00e0, sa femme Georgette accouche d'un gar\u00e7on : Ilie Cazane fils qui, avec sa grosse t\u00eate de courge, va vite montrer des penchants d\u00e9sopilants pour le bricolage et, en digne fils de son p\u00e8re, s'attirer la sympathie g\u00e9n\u00e9rale.\r\n\r\nEntre la nature d\u00e9sinvolte et myst\u00e9rieuse d'Ilie Cazane p\u00e8re, l'enfance burlesque d'Ilie Cazane fils et les questionnements m\u00e9taphysiques du colonel Chirita, se d\u00e9ploie le spectacle d'une communaut\u00e9 \u00e0 l'innocence joyeuse, en proie \u00e0 un syst\u00e8me parano\u00efaque et absurde\r","authors":["Razvan Radulescu","Philippe Loubi\u00e8re"],"category_codes":["1000000","1010000"],"visuals":{"large":"https:\/\/images.epagine.fr\/070\/9782843046070_1_75.jpg","medium":"https:\/\/images.epagine.fr\/070\/9782843046070_1_m.jpg","thumbnail":"https:\/\/images.epagine.fr\/070\/9782843046070_1_v.jpg"},"orderable":true,"show_badge":true,"formatted_price":"21,50&nbsp;\u20ac","formatted_published_date":"7 mars 2013","publisher_availability_label":"Sur commande","short_details":"Razvan Radulescu, Philippe Loubi\u00e8re \u2014 \u00c9ditions Zulma","translator":"PHILIPPE LOUBIERE","weight":272,"page_count":272,"readership":null,"editor":"\u00c9ditions Zulma","price":2150,"published_date":"2013-03-06T23:00:00.000000Z","support":"Grand format","publisher_availability":1,"stock":0,"editions":[],"url":"https:\/\/quaidesbrumes.com\/ouvrage\/9782843046070\/la-vie-et-les-agissements-dilie-cazane"},{"id":"9782290042496","title":"Embrasez-moi","description":"Si l'on avait pr\u00e9dit \u00e0 Aurore qu'elle coucherait avec deux hommes le m\u00eame soir, et qu'un d'entre eux deviendrait le p\u00e8re de sa fille... Si l'on avait averti Farid qu'en s\u00e9duisant Brigit, sa vie tournerait au cauchemar... Si l'on avait dit \u00e0 la belle madame Bercoff qu'elle s'enticherait d'un idiot... Mais l'amour frappe par surprise dans ce recueil de nouvelles pour le moins inattendues. Car les mots qui le composent ne s'arr\u00eatent pas au seuil de la chambre.\r\nIls suivent les nouveaux amants dans leur lit, sans cesser de d\u00e9couvrir, avec eux, les chemins myst\u00e9rieux de l'entente.\r","authors":["Eric Holder"],"category_codes":["1000000","1010000"],"visuals":{"large":"https:\/\/images.epagine.fr\/496\/9782290042496_1_75.jpg","medium":"https:\/\/images.epagine.fr\/496\/9782290042496_1_m.jpg","thumbnail":"https:\/\/images.epagine.fr\/496\/9782290042496_1_v.jpg"},"orderable":true,"show_badge":true,"formatted_price":"6,50&nbsp;\u20ac","formatted_published_date":"15 f\u00e9vrier 2013","publisher_availability_label":"Sur commande","short_details":"Eric Holder \u2014 J'ai Lu","translator":null,"weight":90,"page_count":156,"readership":null,"editor":"J'ai Lu","price":650,"published_date":"2013-02-14T23:00:00.000000Z","support":"Poche","publisher_availability":1,"stock":0,"editions":["9782842636784"],"url":"https:\/\/quaidesbrumes.com\/ouvrage\/9782290042496\/embrasez-moi"},{"id":"9789954912225","title":"Le pain des corbeaux","description":"Ce roman est l'histoire d'un jeune journaliste recherch\u00e9 par la police militaire apr\u00e8s avoir \u00e9crit un article sur la situation qui pr\u00e9vaut dans son pays et voyage clandestinement dans la montagne. Inspir\u00e9 de faits r\u00e9els au cours des \" ann\u00e9es de plomb \", ce texte, traduit par l'auteur de l'amazigh au fran\u00e7ais, t\u00e9moigne d'une \u00e9poque r\u00e9volue, ant\u00e9rieure \u00e0 la cr\u00e9ation de l'Institut Royal de la Culture Amazigh et de l'inscription de cette langue dans la constitution marocaine en 2011.\r","authors":["Lhoussain Azergui"],"category_codes":["1000000","1010000"],"visuals":{"large":"https:\/\/images.epagine.fr\/225\/9789954912225_1_75.jpg","medium":"https:\/\/images.epagine.fr\/225\/9789954912225_1_m.jpg","thumbnail":"https:\/\/images.epagine.fr\/225\/9789954912225_1_v.jpg"},"orderable":true,"show_badge":true,"formatted_price":"16,00&nbsp;\u20ac","formatted_published_date":"1er f\u00e9vrier 2013","publisher_availability_label":"Sur commande","short_details":"Lhoussain Azergui \u2014 Casa-Express","translator":null,"weight":270,"page_count":154,"readership":null,"editor":"Casa-Express","price":1600,"published_date":"2013-01-31T23:00:00.000000Z","support":"Grand format","publisher_availability":1,"stock":0,"editions":[],"url":"https:\/\/quaidesbrumes.com\/ouvrage\/9789954912225\/le-pain-des-corbeaux"},{"id":"9782757834633","title":"Cet \u00e9t\u00e9-l\u00e0","description":"Sur la Grand-Place de ce village irlandais, l'\u00e9change fut discret. Quelques mots, un regard furtif, un sourire et la belle Ellie s'enfuit. Florian Kilderry, lui, h\u00e9site un instant, avant de repartir. Ellie est la seconde femme d'un fermier aimant mais solitaire, Florian un photographe nomade qui r\u00eave d'ailleurs. Fugitif et brillant, leur amour durera un \u00e9t\u00e9...","authors":["William Trevor","Bruno Boudard"],"category_codes":["1000000","1010000"],"visuals":{"large":"https:\/\/images.epagine.fr\/633\/9782757834633_1_75.jpg","medium":"https:\/\/images.epagine.fr\/633\/9782757834633_1_m.jpg","thumbnail":"https:\/\/images.epagine.fr\/633\/9782757834633_1_v.jpg"},"orderable":true,"show_badge":true,"formatted_price":"6,90&nbsp;\u20ac","formatted_published_date":"20 juin 2013","publisher_availability_label":"Sur commande","short_details":"William Trevor, Bruno Boudard \u2014 Points","translator":"BRUNO BOUDARD","weight":148,"page_count":264,"readership":null,"editor":"Points","price":690,"published_date":"2013-06-19T22:00:00.000000Z","support":"Poche","publisher_availability":1,"stock":0,"editions":[],"url":"https:\/\/quaidesbrumes.com\/ouvrage\/9782757834633\/cet-ete-la"},{"id":"9782742728121","title":"Le nom de l'arbre","description":"Dans l'enfance, entre un grand-p\u00e8re tout-puissant et une m\u00e8re possessive, Louis Quien a tent\u00e9 de se frayer un chemin. Mais de quels souvenirs, de quels mensonges, de quels imaginaires a-t-il finalement h\u00e9rit\u00e9 pour construire le pr\u00e9sent si fragile qu'il interpelle aujourd'hui ? Comme s'il \u00e9tait \u00e9tranger \u00e0 lui-m\u00eame, Louis Quien se traque, se d\u00e9voile et, dans le maquis de sa m\u00e9moire, il cherche les grands absents de sa vie : son p\u00e8re prisonnier et Juliette, l'absolu f\u00e9minin, d\u00e9port\u00e9e, et si vite effac\u00e9e. Ainsi s'impose \u00e0 lui, au-del\u00e0 des mis\u00e8res de l'Occupation, des esp\u00e9rances et des vengeances de l'apr\u00e8s-guerre, la recherche de l'arbre dont les racines descendent si profond et dont nous aimerions tant retrouver le nom.\r\nTout en traversant l'histoire tourment\u00e9e de la Belgique des ann\u00e9es trente aux ann\u00e9es soixante, ce foisonnant roman r\u00e9v\u00e8le le pouvoir des mots et de la fiction dans la rem\u00e9moration. A travers un jeu de miroirs, o\u00f9 le moi s'\u00e9parpille et se reconstruit sans fin, Hubert Nyssen mettait d\u00e9j\u00e0 en place, dans ce premier roman, les \u00e9l\u00e9ments constitutifs de son oeuvre : cette ample qu\u00eate du pass\u00e9, et surtout cette f\u00eate de l'imaginaire que sans cesse c\u00e9l\u00e8bre la multitude de poup\u00e9es gigognes que chacun porte en soi.\r","authors":["Hubert Nyssen"],"category_codes":["1000000","1010000"],"visuals":{"large":"https:\/\/images.epagine.fr\/121\/9782742728121_1_75.jpg","medium":"https:\/\/images.epagine.fr\/121\/9782742728121_1_m.jpg","thumbnail":"https:\/\/images.epagine.fr\/121\/9782742728121_1_v.jpg"},"orderable":true,"show_badge":true,"formatted_price":"9,20&nbsp;\u20ac","formatted_published_date":"2 juin 2000","publisher_availability_label":"Sur commande","short_details":"Hubert Nyssen \u2014 Actes Sud","translator":null,"weight":210,"page_count":320,"readership":null,"editor":"Actes Sud","price":920,"published_date":"2000-06-01T22:00:00.000000Z","support":"Poche","publisher_availability":1,"stock":0,"editions":["9782930646510"],"url":"https:\/\/quaidesbrumes.com\/ouvrage\/9782742728121\/le-nom-de-larbre"},{"id":"9782369143574","title":"Bifteck","description":"Chez Plomeur, \u00e0 Quimper, on est boucher de p\u00e8re en fils. D\u00e8s sa pubert\u00e9, en pleine guerre de 14, Andr\u00e9, fils unique de Lo\u00efc et Fernande, se d\u00e9couvre un don tr\u00e8s particulier, celui de faire \u00ab chanter la chair \u00bb - et pas n'importe laquelle. Celle des femmes qui viennent faire la queue \u00e0 la boucherie Plomeur, dans l'espoir de go\u00fbter au plaisir supr\u00eame. Andr\u00e9 assume gaiement et avec talent le devoir conjugal des absents partis sur le front. Mais l'armistice survient et les maris reviennent. Un matin, Andr\u00e9 trouve devant la boucherie un panier en osier avec \u00e0 l'int\u00e9rieur un b\u00e9b\u00e9, puis un deuxi\u00e8me, un troisi\u00e8me? Du jour au lendemain, le voil\u00e0 p\u00e8re de sept enfants et poursuivi par un mari jaloux d\u00e9cid\u00e9 \u00e0 lui nuire. Afin de prot\u00e9ger la chair de sa chair pour qui il se d\u00e9couvre un amour infini, il d\u00e9cide de prendre la mer et de rallier les lointaines Am\u00e9riques. En chemin, il \u00e9choue sur une \u00eele d\u00e9serte.\r","authors":["Martin Provost"],"category_codes":["1000000","1010000"],"visuals":{"large":"https:\/\/images.epagine.fr\/574\/9782369143574_1_75.jpg","medium":"https:\/\/images.epagine.fr\/574\/9782369143574_1_m.jpg","thumbnail":"https:\/\/images.epagine.fr\/574\/9782369143574_1_v.jpg"},"orderable":true,"show_badge":true,"formatted_price":"5,10&nbsp;\u20ac","formatted_published_date":"2 mars 2017","publisher_availability_label":"Sur commande","short_details":"Martin Provost \u2014 Libretto","translator":null,"weight":87,"page_count":90,"readership":null,"editor":"Libretto","price":510,"published_date":"2017-03-01T23:00:00.000000Z","support":"Grand format","publisher_availability":1,"stock":0,"editions":["9782752904768"],"url":"https:\/\/quaidesbrumes.com\/ouvrage\/9782369143574\/bifteck"},{"id":"9782809711028","title":"\u00e0 bicyclette","description":"\u00ab\u00a0Enfourchant ma toute premi\u00e8re bicyclette, je quittai l'entrep\u00f4t. Le soleil automnal d\u00e9versait sa chaleur sur les rues de Nankin, toujours aussi br\u00fblant, mon coeur br\u00fblait aussi car je savais qu'\u00e0 partir de ce jour-l\u00e0, ma vie allait changer. Maintenant que j'avais une bicyclette entre les mains, il me semblait entendre le signal d'un d\u00e9part vers une nouvelle vie, et ce d\u00e9part, il fallait \u00e0 tout prix que je le prenne.\u00a0\u00bb\r","authors":["Tong Su","Anne-Laure Fournier"],"category_codes":["1000000","1010000","1010100"],"visuals":{"large":"https:\/\/images.epagine.fr\/028\/9782809711028_1_75.jpg","medium":"https:\/\/images.epagine.fr\/028\/9782809711028_1_m.jpg","thumbnail":"https:\/\/images.epagine.fr\/028\/9782809711028_1_v.jpg"},"orderable":true,"show_badge":true,"formatted_price":"7,00&nbsp;\u20ac","formatted_published_date":"4 juin 2015","publisher_availability_label":"Sur commande","short_details":"Tong Su, Anne-Laure Fournier \u2014 \u00c9ditions Picquier","translator":"ANNE-LAURE FOURNIER","weight":152,"page_count":192,"readership":null,"editor":"\u00c9ditions Picquier","price":700,"published_date":"2015-06-03T22:00:00.000000Z","support":"Poche","publisher_availability":1,"stock":0,"editions":[],"url":"https:\/\/quaidesbrumes.com\/ouvrage\/9782809711028\/a-bicyclette"},{"id":"9782930646527","title":"Le conseiller du roi","description":"Trois romans en trois ans et deux prix litt\u00e9raires ont suffi \u00e0 Armel Job pour prendre une place remarqu\u00e9e parmi les nouveaux \u00e9crivains belges.0300Abdication ! Abdication ! Printemps 1950. Belgique. Le pays est au bord de la guerre civile. Sur le pav\u00e9 des villes wallonnes, les foules insultent le roi L\u00e9opold et, plus encore, Liliane Baels, la roturi\u00e8re promue princesse de R\u00e9thy, qu\u00b4il a \u00e9pous\u00e9e pendant la guerre au plus fort des souffrances de son peuple. Au fond des Ardennes, Henri Gansberg Van der Noot, le conseiller du roi, n\u00e9gocie et tire le lapin. Voil\u00e0 qu\u00b4il s\u00e9duit Aline, la fille du garde-chasse, en fait sa ma\u00eetresse, l\u00b4installe dans sa gentilhommi\u00e8re. Aline... Liliane... Bient\u00f4t, des injures s\u00b4\u00e9talent en lettres g\u00e9antes sur les murs de sa r\u00e9sidence. Une nuit, le conseiller tombe nez \u00e0 nez avec l\u00b4insulteur. Il le tue. Que faire ? Honn\u00eate homme, il veut se d\u00e9noncer. Mais ceux qui vivent autour de lui ? le garde-chasse, le jardinier, les servantes, sa ma\u00eetresse, et m\u00eame son \u00e9pouse ? font tout pour l\u00b4en dissuader : inutile scandale ! Puis voil\u00e0 que son refus de participer \u00e0 un complot pour le r\u00e9tablissement du roi L\u00e9opold devient une source d\u00b4angoisse suppl\u00e9mentaire! Le pauvre homme ne sait plus o\u00f9 donner de la t\u00eate... Armel Job aime les histoires complexes o\u00f9 sa subtilit\u00e9, son regard ironique et son humour se donnent libre cours. Tous les personnages qui gravitent autour du conseiller, les humbles comme les \u00abgrands\u00bb, constituent un petit monde color\u00e9 et dr\u00f4le. Le d\u00e9cor historique n\u00b4est que toile de fond: toute l\u00b4intrigue que d\u00e9roule Armel Job est pur roman ? m\u00eame si le h\u00e9ros est conseiller du roi. Cette histoire insolite, qui pourrait \u00eatre un drame, se r\u00e9v\u00e8le une com\u00e9die enlev\u00e9e et ma\u00eetris\u00e9e.0400\u00c0 trois kilom\u00e8tres de l\u00e0, dans le vestibule de la conciergerie, un semblable frisson d\u00e9vale l\u00b4\u00e9chine de Julien. \u00c9videmment, Julien est tremp\u00e9 et la fra\u00eecheur de la maison l\u00b4a saisi. Mais, surtout, sur le dallage, il y a pr\u00e9cis\u00e9ment un corps allong\u00e9 et, un peu plus loin, assis sur une marche de l\u00b4escalier, M. le conseiller, en chemise, tout d\u00e9braill\u00e9, le visage barbouill\u00e9 de noir autant qu\u00b4un mineur remontant de la fosse.\u00abAh, Julien! Vous voyez?? Plut\u00f4t, Monsieur.\u00bbLe conseiller g\u00e9mit. Il se l\u00e8ve, s\u00b4avance jusqu\u00b4au cadavre, mais quelque chose le retient de passer de l\u00b4autre c\u00f4t\u00e9, pr\u00e8s de Julien. Il s\u00b4arr\u00eate, les pieds derri\u00e8re la t\u00eate du mort.\u00abIl s\u00b4\u00e9tait introduit dans le parc. Il s\u00b4est mis \u00e0 courir. J\u00b4\u00e9tais dehors. Alors, b\u00eatement, je l\u00b4ai poursuivi. J\u00b4\u00e9tais s\u00fbr que je tenais l\u00b4homme qui venait d\u00b4insulter Aline. Jamais, je n\u00b4ai eu l\u00b4intention, non, pas une minute, je n\u00b4ai voulu... Je vous jure. Il courait, il courait. Il a compris qu\u00b4il ne pourrait pas repasser par l\u00b4entr\u00e9e, du fait que moi, je suivais l\u00b4all\u00e9e. Alors, il a essay\u00e9 de grimper au mur, il a gliss\u00e9, il s\u00b4est retrouv\u00e9 en bas, puis il a recommenc\u00e9. Entre-temps, je suis arriv\u00e9. Il s\u00b4\u00e9tait agripp\u00e9 au-dessus du mur. Il venait de se r\u00e9tablir. Mais je l\u00b4ai attrap\u00e9 avec le r\u00e2teau. Les dents sont rentr\u00e9es dans le col de sa chemise. J\u00b4ai tir\u00e9, j\u00b4ai tir\u00e9, je me suis acharn\u00e9, la rage m\u00b4a pris, je l\u00b4avoue, parce qu\u00b4il se d\u00e9menait pour m\u00b4\u00e9chapper. Si au moins il \u00e9tait rest\u00e9 tranquille\u00a0! Il a bascul\u00e9 en arri\u00e8re. \u00c7a a fait un bruit, comme quand on marche sur une branche morte. Mon Dieu, Julien\u00a0! Il \u00e9tait par terre. Il ne bougeait plus.? C\u00b4est un accident, Monsieur.? Un accident? Mais c\u00b4est moi qui...? C\u00b4est tout de m\u00eame un accident.\u00bbJulien a le ton p\u00e9remptoire de la confr\u00e9rie des irr\u00e9futables. La pluie et plus encore la douche froide de ce corps allong\u00e9 l\u00b4ont compl\u00e8tement d\u00e9gris\u00e9.Le conseiller ne conna\u00eet pas la confr\u00e9rie. Dans son entourage, \u00e0 l\u00b4exception du roi (et encore, si l\u00b4on peut dire), il n\u00b4y a pas eu de prisonnier. Les officiers ne comptent pas, ils \u00e9taient bien trait\u00e9s. Mais Julien est si cat\u00e9gorique, le conseiller si d\u00e9sempar\u00e9, qu\u00b4il se jette sur la premi\u00e8re bonne raison de s\u00b4en remettre \u00e0 sa voix tranquille: Julien est jardinier, oui; Julien est un brave type, d\u00b4accord; Julien a \u00e9t\u00e9 prisonnier, voil\u00e0! Un prisonnier doit s\u00b4y conna\u00eetre en morts. Combien de fois n\u00b4a-t-il\r","authors":["Armel Job"],"category_codes":["1000000","1010000"],"visuals":{"large":"https:\/\/images.epagine.fr\/527\/9782930646527_1_75.jpg","medium":"https:\/\/images.epagine.fr\/527\/9782930646527_1_m.jpg","thumbnail":"https:\/\/images.epagine.fr\/527\/9782930646527_1_v.jpg"},"orderable":true,"show_badge":true,"formatted_price":"10,00&nbsp;\u20ac","formatted_published_date":"14 mars 2013","publisher_availability_label":"Sur commande","short_details":"Armel Job \u2014 Espace Nord","translator":null,"weight":294,"page_count":320,"readership":null,"editor":"Espace Nord","price":1000,"published_date":"2013-03-13T23:00:00.000000Z","support":"Grand format","publisher_availability":1,"stock":0,"editions":["9782221098981"],"url":"https:\/\/quaidesbrumes.com\/ouvrage\/9782930646527\/le-conseiller-du-roi"},{"id":"9782253162285","title":"Un samedi entre amis","description":"Une grande ville italienne, de nos jours. La routine festive qui r\u00e9unit chaque week-end trois couples bon chic bon genre est perturb\u00e9e par la r\u00e9apparition d'un ami de jeunesse, Gianni, d\u00e9sormais lanc\u00e9 en politique. Co\u00efncidence ou manipulation, ce retour ranime chez les invit\u00e9s des souvenirs de leur adolescence, quand Matteo l'industriel, Fabio le magistrat, Andrea le m\u00e9decin, Giulia l'avocate, Anna la riche \u00e9pouse et Rena la femme fatale d\u00e9couvraient ensemble les m\u00e9andres de la vie amoureuse. L'\u00e2ge n'a rien assagi, ni pacifi\u00e9 ; car les \u00e9mois des sens et leur violence sont profond\u00e9ment enracin\u00e9s. Et ce samedi-l\u00e0, l'un d'entre eux est en danger...La veine non polici\u00e8re de Camilleri avait d\u00e9j\u00e0 livr\u00e9 d'excellentes surprises. Plus proche du Crash de Cronenberg que des enqu\u00eates de Montalbano, celle-ci laisse coi. Alexis Broca, Le Figaro Magazine.","authors":["Andrea Camilleri","Dominique Vittoz"],"category_codes":["1000000","1010000"],"visuals":{"large":"https:\/\/images.epagine.fr\/285\/9782253162285_1_75.jpg","medium":"https:\/\/images.epagine.fr\/285\/9782253162285_1_m.jpg","thumbnail":"https:\/\/images.epagine.fr\/285\/9782253162285_1_v.jpg"},"orderable":true,"show_badge":true,"formatted_price":"7,70&nbsp;\u20ac","formatted_published_date":"3 octobre 2012","publisher_availability_label":"Sur commande","short_details":"Andrea Camilleri, Dominique Vittoz \u2014 Le Livre de Poche","translator":"DOMINIQUE VITTOZ","weight":108,"page_count":160,"readership":null,"editor":"Le Livre de Poche","price":770,"published_date":"2012-10-02T22:00:00.000000Z","support":"Poche","publisher_availability":1,"stock":0,"editions":["9782213644400"],"url":"https:\/\/quaidesbrumes.com\/ouvrage\/9782253162285\/un-samedi-entre-amis"},{"id":"9782842637385","title":"La vraie vie est ailleurs","description":"Quelque chose d'ac\u00e9r\u00e9 et de morbide mine et lac\u00e8re le monde de Forton, un mal que l'on retrouve dans ce roman in\u00e9dit. \u00c9clatant roman qui trace le portrait d'une jeune homme, Lajus, d'une famille petite-bourgeoise, et d'une ville, d'une humanit\u00e9 qui se d\u00e9couvre dans la langue puissante et majestueuse du romancier bordelais. Roman d'apprentissage provincial et jeu de massacre sans concession o\u00f9 le d\u00e9sir de r\u00e9volte s'\u00e9crase contre le quotidien, la pesanteur d'\u00eatre comme moucheron sur la vitre. \u00a0Alors, Tu as bien fait de partir, Arthur Rimbaud (Ren\u00e9 Char), dont acte.\r","authors":["Jean Forton"],"category_codes":["1000000","1010000"],"visuals":{"large":"https:\/\/images.epagine.fr\/385\/9782842637385_1_75.jpg","medium":"https:\/\/images.epagine.fr\/385\/9782842637385_1_m.jpg","thumbnail":"https:\/\/images.epagine.fr\/385\/9782842637385_1_v.jpg"},"orderable":true,"show_badge":true,"formatted_price":"20,00&nbsp;\u20ac","formatted_published_date":"3 novembre 2012","publisher_availability_label":"Sur commande","short_details":"Jean Forton \u2014 Le Dilettante","translator":null,"weight":399,"page_count":null,"readership":null,"editor":"Le Dilettante","price":2000,"published_date":"2012-11-02T23:00:00.000000Z","support":"Grand format","publisher_availability":1,"stock":0,"editions":[],"url":"https:\/\/quaidesbrumes.com\/ouvrage\/9782842637385\/la-vraie-vie-est-ailleurs"},{"id":"9791070062814","title":"La corne de dieu","description":"1953, en Chalosse, dans les Landes. \u00c0 dix-neuf ans, Michel Lacaze, fils de m\u00e9tayers install\u00e9s sur les terres de la famille de Salians, consacre le plus clair de son temps au jeu dangereux de la course landaise dont il est une \u00e9toile montante. Tout son petit monde rural bien ordonn\u00e9 vacille quand il se laisse s\u00e9duire par une Bordelaise invit\u00e9e pour les grandes vacances par les Salians. Son fr\u00e8re a\u00een\u00e9, sous-officier en Indochine, prend cette liaison peu convenable avec philosophie, mais ses relations s'enveniment avec son autre fr\u00e8re, revenu infirme de Buchenwald, qui le jalouse. L'affrontement devient in\u00e9vitable quand l'a\u00een\u00e9 des Salians qui courtisait la vacanci\u00e8re, par repr\u00e9sailles, incite ses parents \u00e0 mettre un terme au contrat de m\u00e9tayage des Lacaze.","authors":["Alain Dubos"],"category_codes":["1000000","1010000"],"visuals":{"large":"https:\/\/images.epagine.fr\/814\/9791070062814_1_75.jpg","medium":"https:\/\/images.epagine.fr\/814\/9791070062814_1_m.jpg","thumbnail":"https:\/\/images.epagine.fr\/814\/9791070062814_1_v.jpg"},"orderable":true,"show_badge":true,"formatted_price":"10,00&nbsp;\u20ac","formatted_published_date":"4 septembre 2023","publisher_availability_label":"Sur commande","short_details":"Alain Dubos \u2014 Cairn","translator":null,"weight":201,"page_count":344,"readership":null,"editor":"Cairn","price":1000,"published_date":"2023-09-03T22:00:00.000000Z","support":"Poche","publisher_availability":1,"stock":0,"editions":[],"url":"https:\/\/quaidesbrumes.com\/ouvrage\/9791070062814\/la-corne-de-dieu"},{"id":"9782253144847","title":"Deux \u00e9t\u00e9s","description":"Une \u00eele au large de la Bretagne. Des \u00e9t\u00e9s charmeurs, la vaste \u00e9tendue bleue saupoudr\u00e9e de rochers roses...\r\nEt puis un jour, arrive un jeune homme, Gilles, qui a accept\u00e9 une mission impossible : traduire en fran\u00e7ais Ada ou l'Ardeur, le chef-d'oeuvre... intraduisible de Vladimir Nabokov. Impatience de l'\u00e9diteur, pressions d'un \u00e9crivain g\u00e9nial et insupportable... Ce sont finalement les voisins, les amis de passage, qui, sous l'impulsion d'une dame attendrie, vont entreprendre de venir en aide au malheureux traducteur. S'ensuivront deux \u00e9t\u00e9s d'aventure au coeur des mots. Deux \u00e9t\u00e9s o\u00f9 la musique d'un texte va na\u00eetre de la douceur de vivre, de l'harmonie environnante. De cet \u00e9pisode \u00e9tonnant et r\u00e9el, Erik Orsenna, vingt et quelques ann\u00e9es plus tard, a tir\u00e9 un r\u00e9cit tout de po\u00e9sie et d'humour, celui de l'apprentissage de l'enchantement.","authors":["Erik Orsenna"],"category_codes":["1000000","1010000"],"visuals":{"large":"https:\/\/images.epagine.fr\/847\/9782253144847_1_75.jpg","medium":"https:\/\/images.epagine.fr\/847\/9782253144847_1_m.jpg","thumbnail":"https:\/\/images.epagine.fr\/847\/9782253144847_1_v.jpg"},"orderable":true,"show_badge":true,"formatted_price":"6,90&nbsp;\u20ac","formatted_published_date":"2 septembre 1998","publisher_availability_label":"Sur commande","short_details":"Erik Orsenna \u2014 Le Livre de Poche","translator":null,"weight":115,"page_count":192,"readership":null,"editor":"Le Livre de Poche","price":690,"published_date":"1998-09-01T22:00:00.000000Z","support":"Poche","publisher_availability":1,"stock":0,"editions":["9782213599038"],"url":"https:\/\/quaidesbrumes.com\/ouvrage\/9782253144847\/deux-etes"},{"id":"9782915120837","title":"De l'univers visible et invisible","description":"Vous ouvrez le livre comme le narrateur entre chez les gens : clandestinement. Vous lisez une page au hasard, vous \u00eates chez vous. Fin pr\u00eat \u00e0 accueillir les absents qui peuplent ce roman, dont se souviennent le narrateur, jeune homme \u00e0 la p\u00e9riph\u00e9rie de sa propre vie, et Monsieur \u00c9douard, personnage rencontr\u00e9... sur un banc du BHV, avec qui le narrateur passe r\u00e9guli\u00e8rement ses apr\u00e8s-midis : deux \u00eatres au pass\u00e9 et aux r\u00e9cits radicalement diff\u00e9rents, si proches pourtant quand ils posent la question centrale du comment vivre : avec ses souvenirs, fant\u00f4mes ou apparitions. \r\nRoman aux confins de l'\u00e9trange et de la m\u00e9ditation, \u00e0 l'\u00e9criture distanci\u00e9e mais n\u00e9anmoins sensible, De l'univers visible et invisible lib\u00e8re une parole et donne foi en la litt\u00e9rature.\r","authors":["Cyrille Latour"],"category_codes":["1000000","1010000"],"visuals":{"large":"https:\/\/images.epagine.fr\/837\/9782915120837_1_75.jpg","medium":"https:\/\/images.epagine.fr\/837\/9782915120837_1_m.jpg","thumbnail":"https:\/\/images.epagine.fr\/837\/9782915120837_1_v.jpg"},"orderable":true,"show_badge":true,"formatted_price":"17,50&nbsp;\u20ac","formatted_published_date":"13 d\u00e9cembre 2012","publisher_availability_label":"Sur commande","short_details":"Cyrille Latour \u2014 L'Amourier","translator":null,"weight":220,"page_count":206,"readership":null,"editor":"L'Amourier","price":1750,"published_date":"2012-12-12T23:00:00.000000Z","support":"Grand format","publisher_availability":1,"stock":0,"editions":[],"url":"https:\/\/quaidesbrumes.com\/ouvrage\/9782915120837\/de-lunivers-visible-et-invisible"},{"id":"9782290070598","title":"L'homme qui regardait la nuit","description":"Gr\u00e8ce, \u00eele de Patmos. Un homme regarde la nuit.\r\nPourquoi ce chirurgien au fa\u00eete de la gloire a-t-il brusquement choisi l'exil ? Que cache le silence farouche qu'il maintient sur son pass\u00e9 ? Est-ce le hasard qui l'am\u00e8ne \u00e0 croiser la route de la jeune Antonia et de sa m\u00e8re, la fantasque B\u00e9ba ? Son fils peut-il l'aider \u00e0 panser ses plaies ?\r\nEnvo\u00fbtant, le nouveau roman de Gilbert Sinou\u00e9 est une aventure intime o\u00f9 chacun apprend \u00e0 faire face \u00e0 ses blessures les plus profondes.","authors":["Gilbert Sinou\u00e9"],"category_codes":["1000000","1010000"],"visuals":{"large":"https:\/\/images.epagine.fr\/598\/9782290070598_1_75.jpg","medium":"https:\/\/images.epagine.fr\/598\/9782290070598_1_m.jpg","thumbnail":"https:\/\/images.epagine.fr\/598\/9782290070598_1_v.jpg"},"orderable":true,"show_badge":true,"formatted_price":"7,50&nbsp;\u20ac","formatted_published_date":"5 mars 2014","publisher_availability_label":"Sur commande","short_details":"Gilbert Sinou\u00e9 \u2014 J'ai Lu","translator":null,"weight":174,"page_count":320,"readership":null,"editor":"J'ai Lu","price":750,"published_date":"2014-03-04T23:00:00.000000Z","support":"Poche","publisher_availability":1,"stock":0,"editions":["9782081219137"],"url":"https:\/\/quaidesbrumes.com\/ouvrage\/9782290070598\/lhomme-qui-regardait-la-nuit"},{"id":"9782864327820","title":"Meurtre sur la plage","description":"\u00ab Vendredi 16 juin 1933, vers dix heures et demie du soir, Ha\u00efm Arlozorov, chef de la section politique de l'Agence juive, fut tu\u00e9 d'une balle pendant qu'il se promenait avec sa femme Sima sur la plage de Tel-Aviv. Il d\u00e9c\u00e9da peu apr\u00e8s minuit \u00e0 l'h\u00f4pital Hadassah. Ayant achev\u00e9 une tourn\u00e9e de deux mois en Europe, il \u00e9tait rentr\u00e9 l'avant-veille \u00e0 J\u00e9rusalem. \u00bb Un voyage ponctu\u00e9 de myst\u00e8res que le narrateur, Isra\u00e9lien \u00e9migr\u00e9 d'Union sovi\u00e9tique, tente de reconstituer au cours d'une enqu\u00eate o\u00f9 il donne successivement la parole \u00e0 la veuve, aux experts, aux juges, aux t\u00e9moins.\r\nUn kal\u00e9idoscope de versions \u00e9galement convaincantes.\r\nArlozorov fut-il tu\u00e9 par des Arabes ? par des Juifs du Betar ? par les services secrets britanniques ? Mais voil\u00e0 que le journal intime, r\u00e9cemment retrouv\u00e9, d'une jeune fille allemande dont le lecteur sera peut-\u00eatre surpris de d\u00e9couvrir l'identit\u00e9, jette une nouvelle lumi\u00e8re sur l'affaire.\r\nLes Allemands et les Sovi\u00e9tiques avaient, eux aussi, toutes les raisons de vouloir se d\u00e9barrasser d'Arlozorov.\r\nOu peut-\u00eatre s'agit-il simplement d'un crime passionnel ?\r\n\u00c0 mesure que l'enqu\u00eate progresse, le lecteur s'enfonce dans le labyrinthe des variantes. C'est alors qu'une derni\u00e8re d\u00e9position, celle du narrateur lui-m\u00eame, livre la cl\u00e9 de l'\u00e9nigme : celui-ci la d\u00e9tenait depuis le d\u00e9but sans le savoir.\r","authors":["L\u00e9onid Guirchovitch","Luba Jurgenson"],"category_codes":["1000000","1010000"],"visuals":{"large":"https:\/\/images.epagine.fr\/820\/9782864327820_1_75.jpg","medium":"https:\/\/images.epagine.fr\/820\/9782864327820_1_m.jpg","thumbnail":"https:\/\/images.epagine.fr\/820\/9782864327820_1_v.jpg"},"orderable":true,"show_badge":true,"formatted_price":"14,50&nbsp;\u20ac","formatted_published_date":"8 janvier 2015","publisher_availability_label":"Sur commande","short_details":"L\u00e9onid Guirchovitch, Luba Jurgenson \u2014 \u00c9ditions Verdier","translator":"LUBA JURGENSON","weight":172,"page_count":128,"readership":null,"editor":"\u00c9ditions Verdier","price":1450,"published_date":"2015-01-07T23:00:00.000000Z","support":"Grand format","publisher_availability":1,"stock":0,"editions":[],"url":"https:\/\/quaidesbrumes.com\/ouvrage\/9782864327820\/meurtre-sur-la-plage"},{"id":"9782752908094","title":"Un certain mois d'avril \u00e0 Adana","description":"Nous sommes en avril 1909 \u00e0 Adana, au sud de la Turquie. Adana, dans l'opulente plaine de Cilicie, vit \u00e0 trente kilom\u00e8tres des c\u00f4tes m\u00e9diterran\u00e9ennes autour de ses champs de coton et de ses vergers.\r\nQui aurait pu pr\u00e9voir que des massacres visant la communaut\u00e9 chr\u00e9tienne arm\u00e9nienne ravageraient cette terre ? Que la folie saisirait le parti nationaliste Union et Progr\u00e8s cr\u00e9\u00e9 en 1889 et arriv\u00e9 au pouvoir un an plus t\u00f4t ? Il y a l\u00e0 des amis, des familles, des bergers, le po\u00e8te Diran M\u00e9likian, Atom Papazian le joaillier, Vahan le r\u00e9volutionnaire. Ils assistent \u00e0 la mont\u00e9e de la haine et de l'intol\u00e9rance.\r\nCertains prient, d'autres prennent les armes et combattent.\r\nLa mort frappera la plupart, l'exil sera le lot de certains. Le massacre d'Adana sera le pr\u00e9lude au g\u00e9nocide arm\u00e9nien de 1915-1916.\r\nC'est toute la puissance du roman de Daniel Arsand de r\u00e9inventer une ville et d'\u00e9voquer le destin d'un peuple. De donner un visage \u00e0 l'Histoire.\r","authors":["Daniel Arsand"],"category_codes":["1000000","1010000"],"visuals":{"large":"https:\/\/images.epagine.fr\/094\/9782752908094_1_75.jpg","medium":"https:\/\/images.epagine.fr\/094\/9782752908094_1_m.jpg","thumbnail":"https:\/\/images.epagine.fr\/094\/9782752908094_1_v.jpg"},"orderable":true,"show_badge":true,"formatted_price":"10,00&nbsp;\u20ac","formatted_published_date":"5 mars 2015","publisher_availability_label":"Sur commande","short_details":"Daniel Arsand \u2014 Libretto","translator":null,"weight":272,"page_count":336,"readership":null,"editor":"Libretto","price":1000,"published_date":"2015-03-04T23:00:00.000000Z","support":"Grand format","publisher_availability":1,"stock":0,"editions":["9782081258655"],"url":"https:\/\/quaidesbrumes.com\/ouvrage\/9782752908094\/un-certain-mois-davril-a-adana"},{"id":"9782757851968","title":"The kid","description":"Abdul, le fils de Precious, l'h\u00e9ro\u00efne de Push, a 9 ans \u00e0 la mort de sa m\u00e8re. Recueilli dans un foyer pour orphelins \u00e0 Harlem, il grandit dans un monde rendu toxique par la brutalit\u00e9 des enfants et la perversit\u00e9 des adultes. Sans rep\u00e8res, contamin\u00e9 peu \u00e0 peu par la violence qui l'entoure, Abdul est mal parti. Mais lorsqu'il d\u00e9couvre la danse, tout est transform\u00e9 : il vient peut-\u00eatre de trouver le moyen de sauver sa peau - et son \u00e2me.","authors":["Sapphire","Madeleine Nasalik"],"category_codes":["1000000","1010000"],"visuals":{"large":"https:\/\/images.epagine.fr\/968\/9782757851968_1_75.jpg","medium":"https:\/\/images.epagine.fr\/968\/9782757851968_1_m.jpg","thumbnail":"https:\/\/images.epagine.fr\/968\/9782757851968_1_v.jpg"},"orderable":true,"show_badge":true,"formatted_price":"8,20&nbsp;\u20ac","formatted_published_date":"12 mars 2015","publisher_availability_label":"Sur commande","short_details":"Sapphire, Madeleine Nasalik \u2014 Points","translator":"MADELEINE NASALIK","weight":276,"page_count":552,"readership":null,"editor":"Points","price":820,"published_date":"2015-03-11T23:00:00.000000Z","support":"Poche","publisher_availability":1,"stock":0,"editions":[],"url":"https:\/\/quaidesbrumes.com\/ouvrage\/9782757851968\/the-kid"},{"id":"9782952971263","title":"L'ivresse des sommets","description":"Depuis sa victoire dans le Grand Prix d'Ambert, Marc est devenu le porte-flambeau de tout Aiguefreide, au coeur de l'Auvergne.\r\nEt notamment des habitu\u00e9s du bistrot de la M\u00e8re Vincent. Ses succ\u00e8s lui valent bien s\u00fbr l'admiration de quelques jolies filles, mais suscitent aussi de f\u00e9roces jalousies. \r\nConvaincu qu'il en a les moyens, il va se lancer \u00e0 la conqu\u00eate des sommets. Ses victoires lui permettront de tutoyer la gloire. Pourtant, il se rendra compte que, m\u00eame adul\u00e9, le champion peut rester bien seul face \u00e0 l'adversit\u00e9. L'ivresse des sommets est l'histoire d'un r\u00eave d'adolescent, d'un amour, d'un drame.\r\nC'est aussi une incursion dans le milieu du cyclisme professionnel. C'est enfin la rencontre d'Auvergnats pittoresques et attachants.\r","authors":["Bernard Lhoste"],"category_codes":["1000000","1010000"],"visuals":{"large":"https:\/\/quaidesbrumes.com\/img\/book-placeholder.png","medium":"https:\/\/quaidesbrumes.com\/img\/book-placeholder.png","thumbnail":"https:\/\/quaidesbrumes.com\/img\/book-placeholder.png"},"orderable":true,"show_badge":true,"formatted_price":"19,00&nbsp;\u20ac","formatted_published_date":"30 juin 2010","publisher_availability_label":"Sur commande","short_details":"Bernard Lhoste \u2014 La Cle Du Chemin","translator":null,"weight":384,"page_count":null,"readership":null,"editor":"La Cle Du Chemin","price":1900,"published_date":"2010-06-29T22:00:00.000000Z","support":"Grand format","publisher_availability":1,"stock":0,"editions":[],"url":"https:\/\/quaidesbrumes.com\/ouvrage\/9782952971263\/livresse-des-sommets"},{"id":"9782952971270","title":"La fiancee des nuages","description":null,"authors":["Bernard Lhoste"],"category_codes":["1000000","1010000"],"visuals":{"large":"https:\/\/quaidesbrumes.com\/img\/book-placeholder.png","medium":"https:\/\/quaidesbrumes.com\/img\/book-placeholder.png","thumbnail":"https:\/\/quaidesbrumes.com\/img\/book-placeholder.png"},"orderable":true,"show_badge":true,"formatted_price":"19,00&nbsp;\u20ac","formatted_published_date":"23 mars 2011","publisher_availability_label":"Sur commande","short_details":"Bernard Lhoste \u2014 La Cle Du Chemin","translator":null,"weight":362,"page_count":null,"readership":null,"editor":"La Cle Du Chemin","price":1900,"published_date":"2011-03-22T23:00:00.000000Z","support":"Grand format","publisher_availability":1,"stock":0,"editions":[],"url":"https:\/\/quaidesbrumes.com\/ouvrage\/9782952971270\/la-fiancee-des-nuages"},{"id":"9782953644548","title":"La fili\u00e8re Esquiros","description":"Une langue alerte, joueuse, port\u00e9e par le supr\u00eame orgueil du style. Douze nouvelles, chacune d'elles situ\u00e9e en un temps distinct, une p\u00e9riode de l'histoire comprise entre la fin de l'Antiquit\u00e9 et l'\u00e9poque contemporaine. L'ensemble forme la dite fili\u00e8re tissant le canevas des liens r\u00e9v\u00e9lant les plagiats, r\u00e9els ou suppos\u00e9s, de l'utopiste et po\u00e8te fran\u00e7ais Alphonse Esquiros (1812 - 1876), romantique socialiste admir\u00e9 de Victor Hugo, auteur du Magicien (le plus connu de ses livres), de L'Evangile du peuple, d'une Histoire des Montagnards... On y voit comment certains plagiaires par anticipation, n\u00e9s \u00e0 l'\u00e9poque du Khan, sont demeur\u00e9s inconscients de leur dette \u00e0 l'\u00e9gard du po\u00e8te du XIXe si\u00e8cle. Plonger dans la fili\u00e8re revient \u00e0 chevaucher une conception du temps qui, sous la plume du po\u00e8te, redevient cet enfant hilare jouant aux d\u00e9s.\r","authors":["Serge Sautreau"],"category_codes":["1000000","1010000","1010100"],"visuals":{"large":"https:\/\/images.epagine.fr\/548\/9782953644548_1_75.jpg","medium":"https:\/\/images.epagine.fr\/548\/9782953644548_1_m.jpg","thumbnail":"https:\/\/images.epagine.fr\/548\/9782953644548_1_v.jpg"},"orderable":true,"show_badge":false,"formatted_price":"17,00&nbsp;\u20ac","formatted_published_date":"5 mars 2012","publisher_availability_label":"Sur commande","short_details":"Serge Sautreau \u2014 Impeccables","translator":null,"weight":226,"page_count":112,"readership":null,"editor":"Impeccables","price":1700,"published_date":"2012-03-04T23:00:00.000000Z","support":"Grand format","publisher_availability":1,"stock":1,"editions":[],"url":"https:\/\/quaidesbrumes.com\/ouvrage\/9782953644548\/la-filiere-esquiros"},{"id":"9782915841879","title":"La source aux loups","description":"Les hommes, sans leur femme, \u00e7a ne serait rien ! Tous des porcs ou des gourles, tout juste bon \u00e0 faire semblant de commander au grand jour pour marcher \u00e0 la braguette une fois la porte referm\u00e9e. \r\nEt comment masquer sa crainte quand on est plant\u00e9 dans un groupe et devant les femmes ! Comment montrer bonne figure face \u00e0 du jamais vu ni entendu quand nul ne dit plus mot et que chacun souffle fort !\r\n \r\n- On croirait une b\u00eate bless\u00e9e. \r\n- Une b\u00eate. Quelle sorte ? \r\n- Une b\u00eate f\u00e9roce. Mais bless\u00e9e.  \r\n- Un renard peut-\u00eatre. Ou un sanglier. \r\n- Fermez donc tous vos gueules !  \r\n- Tenez-vous pr\u00eats, \u00e7a d\u00e9barque par le chemin d'en bas. \r\n- Mis\u00e9ricorde ! Mais c'est quoi, \u00e7a ?\r","authors":["Patrick Chaussidi\u00e8re"],"category_codes":["1000000","1010000"],"visuals":{"large":"https:\/\/images.epagine.fr\/879\/9782915841879_1_75.jpg","medium":"https:\/\/images.epagine.fr\/879\/9782915841879_1_m.jpg","thumbnail":"https:\/\/images.epagine.fr\/879\/9782915841879_1_v.jpg"},"orderable":true,"show_badge":true,"formatted_price":"18,00&nbsp;\u20ac","formatted_published_date":"1er avril 2012","publisher_availability_label":"Sur commande","short_details":"Patrick Chaussidi\u00e8re \u2014 Monts D'Auvergne","translator":null,"weight":340,"page_count":200,"readership":null,"editor":"Monts D'Auvergne","price":1800,"published_date":"2012-03-31T22:00:00.000000Z","support":"Grand format","publisher_availability":1,"stock":0,"editions":[],"url":"https:\/\/quaidesbrumes.com\/ouvrage\/9782915841879\/la-source-aux-loups"},{"id":"9782070133413","title":"Plonger","description":"En France, le nom de Robert Enke n'est gu\u00e8re familier aux amateurs de football.\r\nPourtant, ce joueur allemand conserve dans son pays une \u00e9tonnante aura, et son suicide le 10 novembre 2009, vingt ans jour pour jour apr\u00e8s la chute du Mur de Berlin, l'a propuls\u00e9 au rang de mythe. Gardien de but d'anthologie, Robert Enke, n\u00e9 en 1977 \u00e0 I\u00e9na, en Allemagne de l'Est, d\u00e9bute v\u00e9ritablement sa carri\u00e8re de footballeur professionnel en 1998\/1999. Il triomphe entre 2004 et 2007 sous le maillot de l'\u00e9quipe de Hanovre, mais conna\u00eet une saison 2008 d\u00e9cevante.\r\nLe 10 novembre 2009, alors que son nom revient au premier plan, il est pressenti pour int\u00e9grer l'\u00e9quipe d'Allemagne lors du Mundial 2010, il se jette sous un train. Qui \u00e9tait vraiment Robert Enke ? Quelle m\u00e9lancolie, quelle f\u00ealure secr\u00e8te cachait cet homme dont le r\u00f4le, sur le terrain, \u00e9tait au contraire et par d\u00e9finition de toujours garder la t\u00eate froide ? Plonger est une enqu\u00eate sur l'\u00e9nigme Enke, \u00e0 la recherche de ses traces dans les villes o\u00f9 il a v\u00e9cu, de I\u00e9na o\u00f9 il a grandi \u00e0 Hanovre o\u00f9 il a connu la gloire, puis la mort \u00e0 32 ans.\r\nUne reconstitution attentive et m\u00e9lancolique, aussi, des derni\u00e8res vingt-quatre heures de la vie de ce personnage fragile, d\u00e9pressif depuis des ann\u00e9es, hant\u00e9 par la mort de sa petite fille de deux ans victime d'une malformation cardiaque\r","authors":["Bernard Chambaz"],"category_codes":["1000000","1010000"],"visuals":{"large":"https:\/\/images.epagine.fr\/413\/9782070133413_1_75.jpg","medium":"https:\/\/images.epagine.fr\/413\/9782070133413_1_m.jpg","thumbnail":"https:\/\/images.epagine.fr\/413\/9782070133413_1_v.jpg"},"orderable":true,"show_badge":true,"formatted_price":"19,30&nbsp;\u20ac","formatted_published_date":"6 mai 2011","publisher_availability_label":"Sur commande","short_details":"Bernard Chambaz \u2014 Gallimard","translator":null,"weight":204,"page_count":145,"readership":null,"editor":"Gallimard","price":1930,"published_date":"2011-05-05T22:00:00.000000Z","support":"Grand format","publisher_availability":1,"stock":0,"editions":[],"url":"https:\/\/quaidesbrumes.com\/ouvrage\/9782070133413\/plonger"}]}