{"data":[{"id":"9782877065368","title":"Fabien","description":"C'est la derni\u00e8re pi\u00e8ce de Marcel Pagnol, elle date de 1956. Le sujet : Milly, \"femme d'un tr\u00e8s grand volume\", a \u00e9pous\u00e9 le \"beau\" Fabien, un photographe atteint d'une sorte de maladie, \"l'allergique\", c'est-\u00e0-dire qu'il ne peut pas supporter l'odeur des produits chimiques. Et Milly doit faire tout le travail pendant qu'il dort jusqu'\u00e0 midi, \u00e0 cause de cet \"allergique\". Leur affaire va bien jusqu'au jour o\u00f9 la petite soeur de Milly, \u00e9lev\u00e9e par un oncle devenu libidineux, se r\u00e9fugie chez eux. \r\nElle a dix-sept ans, et est fort jolie...","authors":["Marcel Pagnol"],"category_codes":["1000000","1010000"],"visuals":{"large":"https:\/\/images.epagine.fr\/368\/9782877065368_1_75.jpg","medium":"https:\/\/images.epagine.fr\/368\/9782877065368_1_m.jpg","thumbnail":"https:\/\/images.epagine.fr\/368\/9782877065368_1_v.jpg"},"orderable":true,"show_badge":true,"formatted_price":"7,50&nbsp;\u20ac","formatted_published_date":"18 janvier 2017","publisher_availability_label":"Sur commande","short_details":"Marcel Pagnol \u2014 FALLOIS","translator":null,"weight":144,"page_count":250,"readership":null,"editor":"FALLOIS","price":750,"published_date":"2017-01-17T23:00:00.000000Z","support":"Poche","publisher_availability":1,"stock":0,"editions":[],"url":"https:\/\/quaidesbrumes.com\/ouvrage\/9782877065368\/fabien"},{"id":"9782226259745","title":"Cataract City","description":"\u00ab Je connais deux gar\u00e7ons qui suivent un sentier secret pour aller p\u00eacher des perches dans le bassin du Niagara, leurs cannes \u00e0 l'\u00e9paule comme des carabines. Je connais le flot sans fin des chutes qui rugit dans mes veines. Je connais des for\u00eats infest\u00e9es la nuit de loups gris. \u00bb Avec la puissance et la sensibilit\u00e9 r\u00e9v\u00e9l\u00e9es par Un go\u00fbt de rouille et d'os, adapt\u00e9 au cin\u00e9ma par Jacques Audiard, Craig Davidson explore dans ce roman vertigineux le conflit int\u00e9rieur de deux hommes li\u00e9s par un secret d'enfance.Duncan Diggs et Owen Stuckey ont grandi \u00e0 Niagara Falls, surnomm\u00e9e par ses habitants Cataract City, petite ville ouvri\u00e8re \u00e0 la fronti\u00e8re du Canada et des \u00c9tats-Unis. Ils se sont promis de quitter ce lieu sans avenir o\u00f9 l'on n'a d'autre choix que de travailler \u00e0 l'usine ou de vivoter de trafics et de paris.Mais Owen et Duncan ne sont pas \u00e9gaux devant le destin. Tandis que le premier, oblig\u00e9 de renoncer \u00e0 une brillante carri\u00e8re de basketteur, s'engage dans la police, le second collectionne les mauvaises fr\u00e9quentations. Un temps ins\u00e9parables, sont-ils pr\u00eats \u00e0 sacrifier le lien qui les a unis, pour le meilleur et pour le pire ? \u00ab Un v\u00e9ritable \u00e9crivain, qui cr\u00e9e son univers litt\u00e9raire en se nourrissant du corps, du coeur et de l'\u00e2me des hommes. \u00bb Joseph Boyden","authors":["Craig Davidson","Jean-Luc Piningre"],"category_codes":["1000000","1010000"],"visuals":{"large":"https:\/\/images.epagine.fr\/745\/9782226259745_1_75.jpg","medium":"https:\/\/images.epagine.fr\/745\/9782226259745_1_m.jpg","thumbnail":"https:\/\/images.epagine.fr\/745\/9782226259745_1_v.jpg"},"orderable":true,"show_badge":true,"formatted_price":"22,90&nbsp;\u20ac","formatted_published_date":"20 ao\u00fbt 2014","publisher_availability_label":"Sur commande","short_details":"Craig Davidson, Jean-Luc Piningre \u2014 Albin Michel","translator":"JEAN-LUC PININGRE","weight":526,"page_count":496,"readership":null,"editor":"Albin Michel","price":2290,"published_date":"2014-08-19T22:00:00.000000Z","support":"Grand format","publisher_availability":1,"stock":0,"editions":["9780857898838"],"url":"https:\/\/quaidesbrumes.com\/ouvrage\/9782226259745\/cataract-city"},{"id":"9782917743225","title":"La mort madame","description":"Auteur de pi\u00e8ces de th\u00e9\u00e2tre \u00e0 succ\u00e8s, Gilbert L\u00e9autier se consacre ensuite \u00e0 l'\u00e9criture de nouvelles. Cette oeuvre est r\u00e9compens\u00e9e \u00e0 de nombreuses reprises, en France comme \u00e0 l'\u00e9tranger, avec notamment, en 1986, le Prix de la Soci\u00e9t\u00e9 des Auteurs et Compositeurs Dramatiques. La Mort Madame a re\u00e7u le Premier prix de la communaut\u00e9 radiophonique des programmes de langue fran\u00e7aise.\r\n\r\nGilbert L\u00e9autier pratique une litt\u00e9rature qui m'excite. Il \u00e9crit \u00e0 petits coups de langue, c'est ainsi qu'il remplit votre verre, du meilleur, du meilleur seulement. Vie, eau, lit, or, feu, vent, mer, pain, mort, bl\u00e9, peau, coeur, toit, voix, oeil. tous les mots importants sont simples, monosyllabiques comme les galets de la C\u00e8ze ou du Luech, jour, mois, nuit, temps, tout, rien, Gilbert les choisit un \u00e0 un pour monter son mur sans ciment. C'est un \u00e9crivain de pierre s\u00e8che. Dans un si\u00e8cle ou deux, je serai fier de miauler : \" Moi, Gilbert L\u00e9autier, je l'ai connu de son vivant ! \" Jean-Pierre Chabrol","authors":["Gilbert L\u00e9autier"],"category_codes":["1000000","1010000"],"visuals":{"large":"https:\/\/images.epagine.fr\/225\/9782917743225_1_75.jpg","medium":"https:\/\/images.epagine.fr\/225\/9782917743225_1_m.jpg","thumbnail":"https:\/\/images.epagine.fr\/225\/9782917743225_1_v.jpg"},"orderable":true,"show_badge":true,"formatted_price":"3,00&nbsp;\u20ac","formatted_published_date":"30 mai 2011","publisher_availability_label":"Sur commande","short_details":"Gilbert L\u00e9autier \u2014 Alcide","translator":null,"weight":45,"page_count":31,"readership":null,"editor":"Alcide","price":300,"published_date":"2011-05-29T22:00:00.000000Z","support":"Grand format","publisher_availability":1,"stock":0,"editions":[],"url":"https:\/\/quaidesbrumes.com\/ouvrage\/9782917743225\/la-mort-madame"},{"id":"9782842066864","title":"M\u00e9m\u00e9 Rose raconte","description":"Rose et Ga\u00ebtan - la petite Savoyarde de quinze ans et le beau tailleur de pierres venu du Pi\u00e9mont - se marient pour toujours. Bien vite, le berceau abrite tour \u00e0 tour quatre b\u00e9b\u00e9s. Rose la tendre encourage, c\u00e2line, console. Rose l'infatigable coud, cuisine, astique ; plus tard, elle trimera \u00e0 l'usine, fera des m\u00e9nages...\r\nRose la g\u00e9n\u00e9reuse accueille, recueille, ouvre sa porte et ses bras \u00e0 tous les petits et grands malmen\u00e9s de la vie.\r\nMais le malheur n'attendra pas longtemps. Rose a trente ans quand la mort prend Ga\u00ebtan. \"La montagne vient de s'\u00e9crouler. Elle a tout englouti. Sa vie, ses projets, ses espoirs.\" \r\nPour de tr\u00e8s longues ann\u00e9es, d\u00e9sormais, il lui faudra \u00eatre Rose la courageuse, celle qui oublie de se voir vieillir, celle qui reste droite quand la maladie ou la guerre emporte les \u00eatres chers, celle qui dans la temp\u00eate continue \u00e0 tendre la main et \u00e0 donner son sourire.","authors":["Joseph Mino"],"category_codes":["1000000","1010000"],"visuals":{"large":"https:\/\/images.epagine.fr\/864\/9782842066864_1_75.jpg","medium":"https:\/\/images.epagine.fr\/864\/9782842066864_1_m.jpg","thumbnail":"https:\/\/images.epagine.fr\/864\/9782842066864_1_v.jpg"},"orderable":true,"show_badge":true,"formatted_price":"19,90&nbsp;\u20ac","formatted_published_date":"17 janvier 2019","publisher_availability_label":"Sur commande","short_details":"Joseph Mino \u2014 La Fontaine de Silo\u00e9","translator":null,"weight":530,"page_count":272,"readership":null,"editor":"La Fontaine de Silo\u00e9","price":1990,"published_date":"2019-01-16T23:00:00.000000Z","support":"Grand format","publisher_availability":1,"stock":0,"editions":[],"url":"https:\/\/quaidesbrumes.com\/ouvrage\/9782842066864\/meme-rose-raconte"},{"id":"9782357070851","title":"La nuit immobile","description":"La nuit immobile est dernier volet de la trilogie qu'Alfons Cervera consacre \u00e0 la m\u00e9moire des vaincus de la Guerre civile. Si la trilogie est une chronique d'un village de la province de Valence sous le franquisme, chacun des romans le fait depuis le point de vue d'une g\u00e9n\u00e9ration : La couleur du cr\u00e9puscule montre le point de vue des enfants, Maquis celui des parents, et La nuit immobile se centre sur la g\u00e9n\u00e9ration des grands-parents.\r\nLe vieux F\u00e9lix et Mar\u00eda ont perdu un fils, mort de pneumonie \u00e0 son retour de la guerre du Maroc. Depuis Mar\u00eda est devenue sourde, et F\u00e9lix vit une longue nuit immobile, restant assis sur le seuil de sa porte, \u00e0 converser avec sa petite-fille Sunta (l'h\u00e9ro\u00efne de La couleur du cr\u00e9puscule) et avec les amis qui lui rendent visite, ou bien dont il entend les voix.","authors":["Alfonso Cervera","Georges Tyras"],"category_codes":["1000000","1010000"],"visuals":{"large":"https:\/\/images.epagine.fr\/851\/9782357070851_1_75.jpg","medium":"https:\/\/images.epagine.fr\/851\/9782357070851_1_m.jpg","thumbnail":"https:\/\/images.epagine.fr\/851\/9782357070851_1_v.jpg"},"orderable":true,"show_badge":true,"formatted_price":"18,00&nbsp;\u20ac","formatted_published_date":"6 octobre 2016","publisher_availability_label":"Sur commande","short_details":"Alfonso Cervera, Georges Tyras \u2014 La Fosse aux Ours","translator":"GEORGES TYRAS","weight":222,"page_count":192,"readership":null,"editor":"La Fosse aux Ours","price":1800,"published_date":"2016-10-05T22:00:00.000000Z","support":"Grand format","publisher_availability":1,"stock":0,"editions":[],"url":"https:\/\/quaidesbrumes.com\/ouvrage\/9782357070851\/la-nuit-immobile"},{"id":"9782848763088","title":"Un passe en noir et blanc","description":"Un matin de janvier 2010, Peter Jacobs, journaliste et \u00e9crivain vivant \u00e0 Londres, d\u00e9barque \u00e0 Al-fredville, sa ville natale, qu'il a quitt\u00e9e il y a plus de vingt ans. Curieux de voir ce qu'est devenu, depuis la fin du r\u00e9gime d'apartheid, ce gros bourg au coeur du Little Karoo, l'une des provinces les plus Afrikaners d'Afrique du Sud. Mais attir\u00e9 surtout par l'id\u00e9e d'\u00e9crire une s\u00e9rie d'articles sur l'assassinat de sa cousine, Desir\u00e9e. D\u00e9sir\u00e9e, une belle jeune femme, dipl\u00f4m\u00e9e d'une grande uni-versit\u00e9, avait \u00e9pous\u00e9, au grand scandale de sa famille, le chef de la police locale : Hector Williams, un Noir. Qui est bien entendu soup\u00e7onn\u00e9 du meurtre de sa femme. Le motif est \u00e9vident : la jalou-sie. Et de toute fa\u00e7on, qu'attendre d'autre d'un tel mariage...\r\nL'enqu\u00eate de Peter, dont il nous offre le r\u00e9cit, va durer dix jours. Afflux de souvenirs, rencontres cocasses, constat du peu de changement des mentalit\u00e9s, notamment chez les Blancs, et surtout profond bouleversement affectif. Peter, qui vient de se s\u00e9parer de son compagnon James, noir ja-ma\u00efcain, comprend, en retrouvant Bennie, son meilleur ami de jeunesse, que le lien qui les unis-sait \u00e9tait en r\u00e9alit\u00e9 beaucoup plus complexe. Or Bennie, devenu policier, et qui dirige le commissa-riat en attendant le proc\u00e8s de Williams, semble \u00e9trangement m\u00eal\u00e9 au meurtre...\r\nNous voici donc dans une enqu\u00eate aux multiples rebondissements, mais aussi dans une histoire profond\u00e9ment fascinante, au terme de laquelle Peter, s'il d\u00e9couvre qui est l'assassin, remet sa vie totalement en question, \u00e0 commencer par ses rapports avec son pays perdu.","authors":["Michiel Heyns","Francoise Adelstain"],"category_codes":["1000000","1010000"],"visuals":{"large":"https:\/\/images.epagine.fr\/088\/9782848763088_1_75.jpg","medium":"https:\/\/images.epagine.fr\/088\/9782848763088_1_m.jpg","thumbnail":"https:\/\/images.epagine.fr\/088\/9782848763088_1_v.jpg"},"orderable":true,"show_badge":true,"formatted_price":"20,00&nbsp;\u20ac","formatted_published_date":"10 mai 2013","publisher_availability_label":"Sur commande","short_details":"Michiel Heyns, Francoise Adelstain \u2014 \u00c9ditions Philippe Rey","translator":"FRANCOISE ADELSTAIN","weight":378,"page_count":320,"readership":null,"editor":"\u00c9ditions Philippe Rey","price":2000,"published_date":"2013-05-09T22:00:00.000000Z","support":"Grand format","publisher_availability":1,"stock":0,"editions":[],"url":"https:\/\/quaidesbrumes.com\/ouvrage\/9782848763088\/un-passe-en-noir-et-blanc"},{"id":"9782374911380","title":"Sez ner","description":"Sez Ner est le r\u00e9cit d\u00e9taill\u00e9 d'un \u00e9t\u00e9 \u00e0 l'alpage, dans la Sursilva des Grisons, au pied du Sez Ner. Un texte \u00e0 la fois po\u00e9tique et documentaire. Quatre hommes y passent l'\u00e9t\u00e9: l'armailli, l'aide-armailli, le vacher et le porcher, dans l'ordre hi\u00e9rarchique, r\u00e9duits \u00e0 leur fonction. Avec eux, les vaches, les cochons, la ch\u00e8vre et le bouc, plusieurs chiens, un chat, des poules et leur coq. Pas de femmes, sauf la berg\u00e8re du chalet voisin, qu'on voit rarement. En trois cents fragments, Camenisch diss\u00e8que le quotidien du petit groupe en autant d'images fortes. Sans commentaires ni psychologie, il restitue le travail, la routine, le temps qu'il fait, le temps qui passe.\r\nUn travail sur la langue pour une musique ironique, parfois d\u00e9chirante. \"J'aime le texte sous le texte\", dit Arno Camenisch.","authors":["Arno Camenisch","Camille Luscher"],"category_codes":["1000000","1010000"],"visuals":{"large":"https:\/\/images.epagine.fr\/380\/9782374911380_1_75.jpg","medium":"https:\/\/images.epagine.fr\/380\/9782374911380_1_m.jpg","thumbnail":"https:\/\/images.epagine.fr\/380\/9782374911380_1_v.jpg"},"orderable":true,"show_badge":true,"formatted_price":"13,00&nbsp;\u20ac","formatted_published_date":"10 novembre 2020","publisher_availability_label":"Sur commande","short_details":"Arno Camenisch, Camille Luscher \u2014 Quidam \u00c9diteur","translator":"CAMILLE LUSCHER","weight":162,"page_count":112,"readership":null,"editor":"Quidam \u00c9diteur","price":1300,"published_date":"2020-11-09T23:00:00.000000Z","support":"Grand format","publisher_availability":1,"stock":0,"editions":[],"url":"https:\/\/quaidesbrumes.com\/ouvrage\/9782374911380\/sez-ner"},{"id":"9782081289178","title":"Un amour impossible","description":"Pierre et Rachel vivent une liaison courte mais intense \u00e0 Ch\u00e2teauroux \u00e0 la fin des ann\u00e9es 1950. Pierre, \u00e9rudit, issu d'une famille bourgeoise, fascine Rachel, employ\u00e9e \u00e0 la S\u00e9curit\u00e9 sociale. Refusant de l'\u00e9pouser, il d\u00e9cide pourtant de lui faire un enfant, Christine, qu'il ne verra qu'\u00e9pisodiquement. Rachel n'apprend que plus tard qu'il la viole depuis des ann\u00e9es. Le choc est immense. Un sentiment de culpabilit\u00e9 larv\u00e9 s'immisce progressivement entre la m\u00e8re et la fille. Christine Angot entreprend ici de mettre \u00e0 nu une relation des plus complexes, entre amour inconditionnel pour la m\u00e8re et ressentiment, d\u00e9peignant sans concession une guerre sociale amoureuse et le parcours de cette femme, d\u00e9truite par ce p\u00e9ch\u00e9 originel ? : la passion vou\u00e9e \u00e0 l'homme qui aura finalement an\u00e9anti tous les rep\u00e8res qu'elle s'\u00e9tait construits.","authors":["Christine Angot"],"category_codes":["1000000","1010000"],"visuals":{"large":"https:\/\/images.epagine.fr\/178\/9782081289178_1_75.jpg","medium":"https:\/\/images.epagine.fr\/178\/9782081289178_1_m.jpg","thumbnail":"https:\/\/images.epagine.fr\/178\/9782081289178_1_v.jpg"},"orderable":true,"show_badge":true,"formatted_price":"18,00&nbsp;\u20ac","formatted_published_date":"19 ao\u00fbt 2015","publisher_availability_label":"Sur commande","short_details":"Christine Angot \u2014 Flammarion","translator":null,"weight":230,"page_count":224,"readership":null,"editor":"Flammarion","price":1800,"published_date":"2015-08-18T22:00:00.000000Z","support":"Grand format","publisher_availability":1,"stock":0,"editions":["9782070178339"],"url":"https:\/\/quaidesbrumes.com\/ouvrage\/9782081289178\/un-amour-impossible"},{"id":"9782290102268","title":"L'ombre de nous-m\u00eames","description":"Elles ne sont plus que l'ombre d'elles-m\u00eames. Alma, jeune m\u00e8re incarc\u00e9r\u00e9e, \u00e9crit comme autant de bouteilles \u00e0 la mer de longues lettres \u00e0 son ex-compagnon et p\u00e8re de ses enfants. Mais celles-ci restent sans r\u00e9ponse. Sa fille a\u00een\u00e9e, Sarah, tente d'all\u00e9ger son mal-\u00eatre en se confiant \u00e0 son ordinateur. Lucinda, sa voisine de cellule, tomb\u00e9e pour trafic de drogue, apaise sa d\u00e9tresse en faisant d\u00e9filer les souvenirs enchant\u00e9s d'une enfance dont le fil s'est brutalement bris\u00e9.Trois voix de femmes s'entrelacent pour exprimer la douleur de l'enfermement. Dans cette existence interminable, le futur est le meilleur espoir qu'il leur reste.","authors":["Karine Reysset"],"category_codes":["1000000","1010000"],"visuals":{"large":"https:\/\/images.epagine.fr\/268\/9782290102268_1_75.jpg","medium":"https:\/\/images.epagine.fr\/268\/9782290102268_1_m.jpg","thumbnail":"https:\/\/images.epagine.fr\/268\/9782290102268_1_v.jpg"},"orderable":true,"show_badge":true,"formatted_price":"7,90&nbsp;\u20ac","formatted_published_date":"6 janvier 2016","publisher_availability_label":"Sur commande","short_details":"Karine Reysset \u2014 J'ai Lu","translator":null,"weight":192,"page_count":352,"readership":null,"editor":"J'ai Lu","price":790,"published_date":"2016-01-05T23:00:00.000000Z","support":"Poche","publisher_availability":1,"stock":0,"editions":["9782081314184"],"url":"https:\/\/quaidesbrumes.com\/ouvrage\/9782290102268\/lombre-de-nous-memes"},{"id":"9782490746736","title":"Les Gardiennes","description":"Suivez le quotidien de la grande Hortense, Francine, L\u00e9a et Solange, des femmes au quotidien extraordinaire, emport\u00e9es dans le tourbillon de la Grande Guerre.\r\nAvec le d\u00e9part des hommes pour le front, elles doivent s'organiser, se mobiliser et se battre pour faire vivre les fermes. Elles se font ainsi les gardiennes de leur milieu rural, charg\u00e9es de pr\u00e9server leur patrimoine en attendant la paix.\r\nErnest P\u00e9rochon illustre \u00e0 sa mani\u00e8re le long combat des femmes pour leur \u00e9mancipation, avec ses succ\u00e8s mais aussi ses \u00e9checs cruels.","authors":["Ernest P\u00e9rochon"],"category_codes":["1000000","1010000"],"visuals":{"large":"https:\/\/images.epagine.fr\/736\/9782490746736_1_75.jpg","medium":"https:\/\/images.epagine.fr\/736\/9782490746736_1_m.jpg","thumbnail":"https:\/\/images.epagine.fr\/736\/9782490746736_1_v.jpg"},"orderable":true,"show_badge":true,"formatted_price":"7,50&nbsp;\u20ac","formatted_published_date":"10 novembre 2021","publisher_availability_label":"Sur commande","short_details":"Ernest P\u00e9rochon \u2014 Moissons noires","translator":null,"weight":243,"page_count":336,"readership":null,"editor":"Moissons noires","price":750,"published_date":"2021-11-09T23:00:00.000000Z","support":"Grand format","publisher_availability":1,"stock":0,"editions":["9782824914930","9782387160102"],"url":"https:\/\/quaidesbrumes.com\/ouvrage\/9782490746736\/les-gardiennes"},{"id":"9782809711707","title":"Dans la barque de dieu","description":"Y\u00f4ko vit dans le souvenir de son seul amour, qui lui a donn\u00e9 sa fille S\u00f4ko. L'homme est parti avant de savoir qu'il allait \u00eatre p\u00e8re, mais en affirmant qu'il reviendrait et la retrouverait o\u00f9 qu'elle soit. Depuis, Y\u00f4ko change de ville tous les ans, comme dans un jeu de cache-cache avec cet homme suppos\u00e9 \u00eatre \u00e0 sa recherche. C'est ainsi qu'elle vit \u00ab dans la barque de Dieu \u00bb, remettant volontairement son destin entre les mains du hasard. Ce roman \u00e9l\u00e9gant, subtil, m\u00e9lancolique, alterne les voix de Y\u00f4ko et de sa fille, comme deux visions f\u00e9minines et d\u00e9cal\u00e9es d'une m\u00eame r\u00e9alit\u00e9 : l'une, S\u00f4ko, qui d\u00e9couvre en m\u00eame temps que la libert\u00e9 les mensonges et l'irr\u00e9ductible \u00e9tranget\u00e9 de sa m\u00e8re, l'autre, Y\u00f4ko, qui ne s'est jamais laiss\u00e9 apprivoiser par personne, si ce n'est par ce fugitif amour.","authors":["Kaori Ekuni"],"category_codes":["1000000","1010000"],"visuals":{"large":"https:\/\/images.epagine.fr\/707\/9782809711707_1_75.jpg","medium":"https:\/\/images.epagine.fr\/707\/9782809711707_1_m.jpg","thumbnail":"https:\/\/images.epagine.fr\/707\/9782809711707_1_v.jpg"},"orderable":true,"show_badge":true,"formatted_price":"7,50&nbsp;\u20ac","formatted_published_date":"3 mars 2016","publisher_availability_label":"Sur commande","short_details":"Kaori Ekuni \u2014 \u00c9ditions Picquier","translator":null,"weight":206,"page_count":252,"readership":null,"editor":"\u00c9ditions Picquier","price":750,"published_date":"2016-03-02T23:00:00.000000Z","support":"Poche","publisher_availability":1,"stock":0,"editions":[],"url":"https:\/\/quaidesbrumes.com\/ouvrage\/9782809711707\/dans-la-barque-de-dieu"},{"id":"9782864326748","title":"Mes treize oncles","description":null,"authors":["Vladislav Otrochenko","Anne-Marie Tatsis-Botton"],"category_codes":["1000000","1010000"],"visuals":{"large":"https:\/\/images.epagine.fr\/748\/9782864326748_1_75.jpg","medium":"https:\/\/images.epagine.fr\/748\/9782864326748_1_m.jpg","thumbnail":"https:\/\/images.epagine.fr\/748\/9782864326748_1_v.jpg"},"orderable":true,"show_badge":true,"formatted_price":"13,50&nbsp;\u20ac","formatted_published_date":"20 septembre 2012","publisher_availability_label":"Sur commande","short_details":"Vladislav Otrochenko, Anne-Marie Tatsis-Botton \u2014 \u00c9ditions Verdier","translator":"ANNE-MARIE TATSIS-BOTTON","weight":169,"page_count":122,"readership":null,"editor":"\u00c9ditions Verdier","price":1350,"published_date":"2012-09-19T22:00:00.000000Z","support":"Grand format","publisher_availability":1,"stock":0,"editions":[],"url":"https:\/\/quaidesbrumes.com\/ouvrage\/9782864326748\/mes-treize-oncles"},{"id":"9791091192217","title":"La cl\u00e9 du tiroir","description":null,"authors":["Bernard Lhoste"],"category_codes":["1000000","1010000"],"visuals":{"large":"https:\/\/images.epagine.fr\/217\/9791091192217_1_75.jpg","medium":"https:\/\/images.epagine.fr\/217\/9791091192217_1_m.jpg","thumbnail":"https:\/\/images.epagine.fr\/217\/9791091192217_1_v.jpg"},"orderable":true,"show_badge":true,"formatted_price":"19,00&nbsp;\u20ac","formatted_published_date":"20 mars 2017","publisher_availability_label":"Sur commande","short_details":"Bernard Lhoste \u2014 La Cle Du Chemin","translator":null,"weight":409,"page_count":null,"readership":null,"editor":"La Cle Du Chemin","price":1900,"published_date":"2017-03-19T23:00:00.000000Z","support":"Grand format","publisher_availability":1,"stock":0,"editions":[],"url":"https:\/\/quaidesbrumes.com\/ouvrage\/9791091192217\/la-cle-du-tiroir"},{"id":"9782752909367","title":"Nous \u00e9tions des hommes","description":"Publi\u00e9 pour la premi\u00e8re fois en 1929 sous le pseudonyme d'un \u00ab certain soldat de 2e classe 19 022 \u00bb, imprim\u00e9 \u00e0 six cents exemplaires et diffus\u00e9 de fa\u00e7on priv\u00e9e avant d'\u00eatre un an plus tard un succ\u00e8s de librairie, Nous \u00e9tions des hommes est l'une des \u00e9vocations litt\u00e9raires les plus crues et les plus puissantes jamais \u00e9crites sur ce que fut la Premi\u00e8re Guerre mondiale. Un livre monument.","authors":["Frederic Manning","Francis Grembert"],"category_codes":["1000000","1010000"],"visuals":{"large":"https:\/\/images.epagine.fr\/367\/9782752909367_1_75.jpg","medium":"https:\/\/images.epagine.fr\/367\/9782752909367_1_m.jpg","thumbnail":"https:\/\/images.epagine.fr\/367\/9782752909367_1_v.jpg"},"orderable":true,"show_badge":true,"formatted_price":"10,00&nbsp;\u20ac","formatted_published_date":"22 octobre 2012","publisher_availability_label":"Sur commande","short_details":"Frederic Manning, Francis Grembert \u2014 Libretto","translator":"FRANCIS GREMBERT","weight":300,"page_count":368,"readership":null,"editor":"Libretto","price":1000,"published_date":"2012-10-21T22:00:00.000000Z","support":"Grand format","publisher_availability":1,"stock":0,"editions":[],"url":"https:\/\/quaidesbrumes.com\/ouvrage\/9782752909367\/nous-etions-des-hommes"},{"id":"9782253175407","title":"L'homme qui aimait ma femme","description":"Paris, ann\u00e9es 1960. Deux fr\u00e8res, Alexandre et Yann, aiment la m\u00eame femme, Maria, rencontr\u00e9e par hasard alors qu'ils sont tous les trois \u00e9tudiants. Pendant plus de quarante ans, elle va \u00eatre le pivot de leur vie et la spectatrice intime de ce triangle amoureux dans la capitale fran\u00e7aise, noyau politique, litt\u00e9raire et artistique d'un pays en mutation. Alexandre, l'a\u00een\u00e9, deviendra professeur de lettres, Yann, avocat, et Maria \u00e9crira des biographies. Bient\u00f4t, le mouvement pacifiste et hippie fera place aux paillettes du premier n\u00e9olib\u00e9ralisme puis aux diff\u00e9rentes crises \u00e9conomiques, Truffaut tournera Jules et Jim, Lacan endoctrinera des cohortes de jeunes psychanalystes, Jank\u00e9l\u00e9vitch et Levinas croiseront Derrida, Deleuze, et m\u00eame Lagarde et Michard. L'homme qui aimait ma femme est l'histoire belle mais terrible de ces quarante ann\u00e9es d'amour - et de trahison.Sur un air de Jules et Jim, une brillante g\u00e9ographie des sentiments. Marianne Payot, L'Express.","authors":["Simonetta Greggio"],"category_codes":["1000000","1010000"],"visuals":{"large":"https:\/\/images.epagine.fr\/407\/9782253175407_1_75.jpg","medium":"https:\/\/images.epagine.fr\/407\/9782253175407_1_m.jpg","thumbnail":"https:\/\/images.epagine.fr\/407\/9782253175407_1_v.jpg"},"orderable":true,"show_badge":true,"formatted_price":"7,70&nbsp;\u20ac","formatted_published_date":"20 ao\u00fbt 2014","publisher_availability_label":"Sur commande","short_details":"Simonetta Greggio \u2014 Le Livre de Poche","translator":null,"weight":144,"page_count":264,"readership":null,"editor":"Le Livre de Poche","price":770,"published_date":"2014-08-19T22:00:00.000000Z","support":"Poche","publisher_availability":1,"stock":0,"editions":["9782234064966"],"url":"https:\/\/quaidesbrumes.com\/ouvrage\/9782253175407\/lhomme-qui-aimait-ma-femme"},{"id":"9782366540130","title":"La terre noire du ruisseau","description":"Tous les villageois sont r\u00e9unis dans la vaste salle de l'\u00e9cole primaire pour y d\u00e9battre d'un projet important : l'heure est venue du remembrement. S'il n'a pas encore fait couler beaucoup d'encre, il a le m\u00e9rite d'alimenter, depuis plusieurs semaines, bon nombre de conversations dans les chaumi\u00e8res. Mais ce projet ne fait pas l'unanimit\u00e9, la r\u00e9volte gronde, la contestation s'organise.","authors":["Nicole Andrieux"],"category_codes":["1000000","1010000"],"visuals":{"large":"https:\/\/images.epagine.fr\/130\/9782366540130_1_75.jpg","medium":"https:\/\/images.epagine.fr\/130\/9782366540130_1_m.jpg","thumbnail":"https:\/\/images.epagine.fr\/130\/9782366540130_1_v.jpg"},"orderable":true,"show_badge":true,"formatted_price":"19,00&nbsp;\u20ac","formatted_published_date":"23 avril 2013","publisher_availability_label":"Sur commande","short_details":"Nicole Andrieux \u2014 Monts D'Auvergne","translator":null,"weight":412,"page_count":248,"readership":null,"editor":"Monts D'Auvergne","price":1900,"published_date":"2013-04-22T22:00:00.000000Z","support":"Grand format","publisher_availability":1,"stock":0,"editions":[],"url":"https:\/\/quaidesbrumes.com\/ouvrage\/9782366540130\/la-terre-noire-du-ruisseau"},{"id":"9782373111521","title":"Le griot de la peinture","description":"Basquiat est non seulement un artiste g\u00e9nial mais aussi une \u00e9nigme primitive de l'art des ann\u00e9es 80. N\u00e9 le 22 d\u00e9cembre 1960 \u00e0 Park Slope dans le quartier new-yorkais de Brooklyn, il va mourir d'une overdose le 12 Ao\u00fbt 1988 apr\u00e8s une vie fulgurante et en tout point mythique. Un tel parcours m\u00e9ritait un roman atypique.\r\nComment \u00e9voquer des origines multiples, ha\u00eftiennes et portoricaines, brass\u00e9es par le monde am\u00e9ricain, sans comprendre que c'est \u00e0 une r\u00e9\u00e9criture de la peinture qu'il se livre \u00e0 partir de graffitis insolites et pourtant lucides ?\r\nC'est pourquoi l'auteur Ernest P\u00e9pin a choisi une forme qui s'apparente au roman biographique. En clair, il nous propose une po\u00e9tique inspir\u00e9e par la vie et l'oeuvre de Basquiat. On y retrouve l'explosion d'un talent qui n'oublia jamais sa n\u00e9gritude.\r\nErnest P\u00e9pin a su se hisser au niveau de la r\u00e9bellion de Basquiat.\r\nIl nous livre un roman surprenant qui entre avec \u00e9clat dans l'univers complexe du g\u00e9nie comme s'il voulait l'habiter de l'int\u00e9rieur en toute intimit\u00e9.","authors":["Ernest P\u00e9pin"],"category_codes":["1000000","1010000"],"visuals":{"large":"https:\/\/images.epagine.fr\/521\/9782373111521_1_75.jpg","medium":"https:\/\/images.epagine.fr\/521\/9782373111521_1_m.jpg","thumbnail":"https:\/\/images.epagine.fr\/521\/9782373111521_1_v.jpg"},"orderable":true,"show_badge":true,"formatted_price":"8,60&nbsp;\u20ac","formatted_published_date":"14 avril 2023","publisher_availability_label":"Sur commande","short_details":"Ernest P\u00e9pin \u2014 CARAIBEDITIONS","translator":null,"weight":129,"page_count":152,"readership":null,"editor":"CARAIBEDITIONS","price":860,"published_date":"2023-04-13T22:00:00.000000Z","support":"Grand format","publisher_availability":1,"stock":0,"editions":["9782917623855"],"url":"https:\/\/quaidesbrumes.com\/ouvrage\/9782373111521\/le-griot-de-la-peinture"},{"id":"9782874491153","title":"Un peu de vie dans la mienne","description":"Il y a trois ans que Paul s'est retir\u00e9 dans une maison de repos, assumant son incapacit\u00e9 \u00e0 vivre sa vie, plus \u00e0 son aise avec les fous qu'avec les gens normaux. Il y trouve une forme d'harmonie, tout entier absorb\u00e9 dans sa grande passion, la po\u00e9sie, et dans des rituels ponctu\u00e9s par les visites de son infirmier.\r\nUn jour il re\u00e7oit la lettre d'une femme qu'il a aim\u00e9e. Il lui faut sortir, affronter une derni\u00e8re fois ses souvenirs, et finalement se confronter au monde.\r\n\u00c0 travers la conscience troubl\u00e9e de son attachant personnage principal, se rem\u00e9morant son amour impossible pour mieux lui dire adieu, ce roman prend ses racines dans la po\u00e9sie pour raconter la difficult\u00e9 de vivre et l'\u00e9tranget\u00e9 cach\u00e9e dans la normalit\u00e9 quotidienne.","authors":["Emmanuelle Lambert"],"category_codes":["1000000","1010000"],"visuals":{"large":"https:\/\/images.epagine.fr\/153\/9782874491153_1_75.jpg","medium":"https:\/\/images.epagine.fr\/153\/9782874491153_1_m.jpg","thumbnail":"https:\/\/images.epagine.fr\/153\/9782874491153_1_v.jpg"},"orderable":true,"show_badge":true,"formatted_price":"13,20&nbsp;\u20ac","formatted_published_date":"18 ao\u00fbt 2011","publisher_availability_label":"Sur commande","short_details":"Emmanuelle Lambert \u2014 IMPRESSIONS NOUVELLES","translator":null,"weight":200,"page_count":128,"readership":null,"editor":"IMPRESSIONS NOUVELLES","price":1320,"published_date":"2011-08-17T22:00:00.000000Z","support":"Grand format","publisher_availability":1,"stock":0,"editions":[],"url":"https:\/\/quaidesbrumes.com\/ouvrage\/9782874491153\/un-peu-de-vie-dans-la-mienne"},{"id":"9791092173437","title":"L'arrivant et l'autre","description":"Eric Chevance a dirig\u00e9 plusieurs \u00e9tablissements culturels dont le TNT- Manufacture de chaussures qu'il a cofond\u00e9 \u00e0 Bordeaux en 1997. Il est aujourd'hui enseignant associ\u00e9 \u00e0 la fili\u00e8re d'\u00e9tudes th\u00e9\u00e2trales de l'universit\u00e9 Bordeaux-Montaigne. Engag\u00e9 aupr\u00e8s de plusieurs associations artistiques et culturelles, il l'est aussi aux c\u00f4t\u00e9s des migrants et r\u00e9fugi\u00e9s. L'arrivant et l'autre est son premier \u00e9crit ayant vocation \u00e0 \u00eatre pr\u00e9sent\u00e9 publiquement.\r\n\r\nMichel Richard est com\u00e9dien. N\u00e9 en 1946, il grandit entre la Martinique et le Niger. Apr\u00e8s trois ann\u00e9es pass\u00e9es aupr\u00e8s de Pierre Debauche et Antoine Vitez au Th\u00e9\u00e2tre des Amandiers, il cr\u00e9e le Th\u00e9\u00e2tre de la Gronde et l'anime pendant dix ans, puis travaille avec Les Op\u00e9ras Autrement, les Percussions de Strasbourg, Les Musiques \u00e0 Ou\u00efr. Depuis 1992, tout en dirigeant le festival des Soir\u00e9es d'\u00e9t\u00e9 en Luberon, il ne cesse de voyager un carnet de bord \u00e0 la main, un espace public sous les pieds pour y jouer. L'arrivant et l'autre est son premier texte publi\u00e9.\r\n\r\n1\u20ac revers\u00e9 en soutien \u00e0 SOS M\u00e9diterran\u00e9e","authors":["Eric Chevance","Michel Richard"],"category_codes":["1000000","1010000"],"visuals":{"large":"https:\/\/images.epagine.fr\/437\/9791092173437_1_75.jpg","medium":"https:\/\/images.epagine.fr\/437\/9791092173437_1_m.jpg","thumbnail":"https:\/\/images.epagine.fr\/437\/9791092173437_1_v.jpg"},"orderable":true,"show_badge":true,"formatted_price":"8,00&nbsp;\u20ac","formatted_published_date":"26 f\u00e9vrier 2018","publisher_availability_label":"Sur commande","short_details":"Eric Chevance, Michel Richard \u2014 L'IRE DES MARGES","translator":null,"weight":200,"page_count":32,"readership":null,"editor":"L'IRE DES MARGES","price":800,"published_date":"2018-02-25T23:00:00.000000Z","support":"Grand format","publisher_availability":1,"stock":0,"editions":[],"url":"https:\/\/quaidesbrumes.com\/ouvrage\/9791092173437\/larrivant-et-lautre"},{"id":"9782253134428","title":"Le coeur en dehors","description":"Ce roman, c'est l'histoire de Charlie Traor\u00e9, un gamin (dix ans), black d'origine malienne, adorable, vivant en banlieue, entre la Tour Rimbaud et la Tour Simone de Beauvoir, et dont tout l'univers se r\u00e9sume aux copains, \u00e0 une amoureuse pr\u00e9nomm\u00e9e M\u00e9lanie, \u00e0 son fr\u00e8re drogu\u00e9, et \u00e0 sa m\u00e8re surtout - qui, au d\u00e9but du livre, est \u00ab appr\u00e9hend\u00e9e \u00bb par la police car ses papiers ne sont pas en r\u00e8gle. Pendant toute cette journ\u00e9e (les chapitres du livre, d'ailleurs, se contentent d'\u00eatre titr\u00e9s par l'heure qui tourne), Charlie va errer dans sa cit\u00e9. Il va chercher son fr\u00e8re Henry, rendre viste \u00e0 des braves gens, fr\u00f4ler des voyous, jouer au foot, s\u00e9cher l'\u00e9cole, r\u00eaver, suivre ses folles associations d'id\u00e9es, ses digressions d'enfant-adulte, attendre sa m\u00e8re, si douce, si aimante... Mais ce roman, c'est surtout une langue, un style, une vision innocente du monde. Ici, c'est Charlie qui parle, pense, regarde - et il est alors difficile de ne pas \u00e9voquer \u00e0 son sujet le l\u00e9gendaire Attrape-coeur de Salinger. Car le petit Charlie est vraiment attachant et le regard qu'il pose sur sa \u00ab cit\u00e9 \u00bb sordide et magnifi\u00e9e est, \u00e0 chaque ligne, rempli de dr\u00f4lerie et d'\u00e9blouissement. Au d\u00e9but du livre, il croit que Rimbaud n'est qu'une Tour. A la fin du roman, il saura que c'\u00e9tait un po\u00e8te qui dit des choses qui lui semblent vraies et proches. Son Odyss\u00e9e de l'aube jusqu'au soir, est de celles qui ne s'oublient pas. Pas l'ombre d'un mis\u00e9rabilisme ici : un enchantement de tendresse et d'humour.","authors":["Samuel Benchetrit"],"category_codes":["1000000","1010000"],"visuals":{"large":"https:\/\/images.epagine.fr\/428\/9782253134428_1_75.jpg","medium":"https:\/\/images.epagine.fr\/428\/9782253134428_1_m.jpg","thumbnail":"https:\/\/images.epagine.fr\/428\/9782253134428_1_v.jpg"},"orderable":true,"show_badge":true,"formatted_price":"8,40&nbsp;\u20ac","formatted_published_date":"1er juin 2011","publisher_availability_label":"Sur commande","short_details":"Samuel Benchetrit \u2014 Le Livre de Poche","translator":null,"weight":144,"page_count":247,"readership":null,"editor":"Le Livre de Poche","price":840,"published_date":"2011-05-31T22:00:00.000000Z","support":"Poche","publisher_availability":1,"stock":0,"editions":["9782246731818"],"url":"https:\/\/quaidesbrumes.com\/ouvrage\/9782253134428\/le-coeur-en-dehors"},{"id":"9782363390141","title":"La gardienne du ch\u00e2teau de sable","description":"D'elle. Je sais que sa propre m\u00e8re l'appelait la b\u00e2tarde. Je sais qu'elle \u00e9tait cruelle et enj\u00f4leuse, je sais qu'elle avait aim\u00e9 mon p\u00e8re, je sais qu'elle m'aimait \u00e9perdument, plus que tout autre, et qu'elle me l'a fait payer. Tout ce que je peux faire maintenant, c'est laisser l'\u00e9crivain que je suis devenu se pencher doucement sur sa douleur de fils pour, mot apr\u00e8s mot, essayer de panser la plaie. \r\nChristian Est\u00e8be signe ici un livre intense, tout \u00e0 la fois bouleversant et attachant, un hymne \u00e0 la vie.","authors":["Christian Est\u00e8be"],"category_codes":["1000000","1010000"],"visuals":{"large":"https:\/\/images.epagine.fr\/141\/9782363390141_1_75.jpg","medium":"https:\/\/images.epagine.fr\/141\/9782363390141_1_m.jpg","thumbnail":"https:\/\/images.epagine.fr\/141\/9782363390141_1_v.jpg"},"orderable":true,"show_badge":true,"formatted_price":"16,50&nbsp;\u20ac","formatted_published_date":"21 ao\u00fbt 2012","publisher_availability_label":"Sur commande","short_details":"Christian Est\u00e8be \u2014 \u00c9ditions Finitude","translator":null,"weight":190,"page_count":null,"readership":null,"editor":"\u00c9ditions Finitude","price":1650,"published_date":"2012-08-20T22:00:00.000000Z","support":"Grand format","publisher_availability":1,"stock":0,"editions":[],"url":"https:\/\/quaidesbrumes.com\/ouvrage\/9782363390141\/la-gardienne-du-chateau-de-sable"},{"id":"9782081347465","title":"Une histoire d'amour africaine","description":"Daphn\u00e9 Sheldrick, celle qu'on surnommera \u00abla m\u00e8re des \u00e9l\u00e9phants\u00bb, voit le jour en juin 1934 dans une ferme de colons britanniques, au Kenya. Tout la pr\u00e9destine \u00e0 vivre au plus pr\u00e8s de la nature, surtout son extraordinaire empathie envers les animaux. Mais rien n'annonce qu'elle se lancera \u00e0 corps perdu dans la guerre contre les chasseurs d'ivoire, ni qu'elle consacrera sa vie aux b\u00e9b\u00e9s orphelins victimes du braconnage.Le r\u00e9cit de cette femme d'exception traverse le XXe si\u00e8cle et rend compte des soubresauts de l'histoire : les guerres mondiales, la r\u00e9volte mau-mau, l'ind\u00e9pendance kenyane...Un destin romanesque, au coeur du monde sauvage, plein de chair, de passions et de violence.D\u00e9c\u00e9d\u00e9e en 2018, Daphn\u00e9 Sheldrick a re\u00e7u de nombreuses distinctions et s'est fait conna\u00eetre dans le monde entier par son travail pour la protection des \u00e9l\u00e9phants. Le David Sheldrick Wildlife Trust, qu'elle a fond\u00e9 en l'honneur de son mari, oeuvre pour la sauvegarde de la faune sauvage au Kenya.","authors":["Daphne Sheldrick","Johan-Fr\u00e9d\u00e9rik Hel-Guedj"],"category_codes":["1000000","1050000"],"visuals":{"large":"https:\/\/images.epagine.fr\/465\/9782081347465_1_75.jpg","medium":"https:\/\/images.epagine.fr\/465\/9782081347465_1_m.jpg","thumbnail":"https:\/\/images.epagine.fr\/465\/9782081347465_1_v.jpg"},"orderable":true,"show_badge":true,"formatted_price":"9,00&nbsp;\u20ac","formatted_published_date":"17 octobre 2018","publisher_availability_label":"Sur commande","short_details":"Daphne Sheldrick, Johan-Fr\u00e9d\u00e9rik Hel-Guedj \u2014 Flammarion","translator":"JOHAN-FREDERIK HEL-GUEDJ","weight":300,"page_count":432,"readership":null,"editor":"Flammarion","price":900,"published_date":"2018-10-16T22:00:00.000000Z","support":"Poche","publisher_availability":1,"stock":0,"editions":[],"url":"https:\/\/quaidesbrumes.com\/ouvrage\/9782081347465\/une-histoire-damour-africaine"},{"id":"9782070140138","title":"Mes sc\u00e8nes primitives","description":"Avec ce livre, No\u00ebl Herpe poursuit son travail autobiographique sous la forme d'un r\u00e9cit fragment\u00e9. Il y retrace son adolescence solitaire, hant\u00e9e par de myst\u00e9rieux rituels \u00e9rotiques. Et par la passion d'un certain th\u00e9\u00e2tre, d\u00e9couvert dans les pages de La Petite Illustration ou dans les \u00abdramatiques\u00bb de l'ORTF... Un r\u00e9pertoire d\u00e9licieusement d\u00e9suet, qu'il s'effor\u00e7ait de faire revivre sur les planches avec une ferveur donquichottesque.\r\n\r\n\u00abCe sont les sc\u00e8nes en miniatures, effac\u00e9es aussit\u00f4t que r\u00eav\u00e9es, qui entre ma dixi\u00e8me et ma vingt-cinqui\u00e8me ann\u00e9e m'ont soutenu au-dessus du vide.\u00bb En les \u00e9voquant ici, ce n'est pas \u00e0 la nostalgie que c\u00e8de l'auteur - mais bien \u00e0 l'envie de d\u00e9chiffrer la naissance d'un imaginaire.","authors":["No\u00ebl Herpe"],"category_codes":["1000000","1010000"],"visuals":{"large":"https:\/\/images.epagine.fr\/138\/9782070140138_1_75.jpg","medium":"https:\/\/images.epagine.fr\/138\/9782070140138_1_m.jpg","thumbnail":"https:\/\/images.epagine.fr\/138\/9782070140138_1_v.jpg"},"orderable":true,"show_badge":true,"formatted_price":"19,00&nbsp;\u20ac","formatted_published_date":"31 janvier 2013","publisher_availability_label":"Sur commande","short_details":"No\u00ebl Herpe \u2014 Gallimard","translator":null,"weight":206,"page_count":152,"readership":null,"editor":"Gallimard","price":1900,"published_date":"2013-01-30T23:00:00.000000Z","support":"Grand format","publisher_availability":1,"stock":0,"editions":[],"url":"https:\/\/quaidesbrumes.com\/ouvrage\/9782070140138\/mes-scenes-primitives"},{"id":"9782847421941","title":"Avant la chute","description":"En Colombie, la famille Mastillo tente de survivre sur son lopin de terre dans la jungle. Au Mexique, le s\u00e9nateur Fernando Urribal, \u00e0 l'abri de son grand domaine, partage son temps entre la capitale et l'\u00e9tat de Chihuahua. En France, dans une cit\u00e9, le petit Naadir vit paisiblement au milieu des siens en t\u00e2chant de ne pas voir l'irruption des dangers. Progressivement, ceux-ci vont pourtant voir leur existence basculer.\r\nEmanuel Mastillo est tu\u00e9 et ses deux filles, Norma et Sonia, deviennent des migrantes, remontant toute l'Am\u00e9rique centrale pour rejoindre les Etats-Unis. Le s\u00e9nateur Urribal voit sa position menac\u00e9e de toutes parts, entre les soup\u00e7ons politiques et les menaces des cartels de la drogue. Quant \u00e0 Naadir, la mort d'un jeune du quartier et la blessure de son propre fr\u00e8re en font le t\u00e9moin contrari\u00e9 et pourtant visionnaire de la chute.\r\nVaste fresque d'un monde qui se d\u00e9fait, le roman de Fabrice Humbert raconte la mont\u00e9e des p\u00e9rils, le basculement des soci\u00e9t\u00e9s mais aussi l'\u00e9nergie de la vie. Avec le sens de la narration qui a fait le succ\u00e8s de L'Origine de la violence et de La Fortune de Sila, il relate notre histoire \u00e0 tous.","authors":["Fabrice Humbert"],"category_codes":["1000000","1010000"],"visuals":{"large":"https:\/\/images.epagine.fr\/941\/9782847421941_1_75.jpg","medium":"https:\/\/images.epagine.fr\/941\/9782847421941_1_m.jpg","thumbnail":"https:\/\/images.epagine.fr\/941\/9782847421941_1_v.jpg"},"orderable":true,"show_badge":true,"formatted_price":"19,00&nbsp;\u20ac","formatted_published_date":"23 ao\u00fbt 2012","publisher_availability_label":"Sur commande","short_details":"Fabrice Humbert \u2014 LE PASSAGE","translator":null,"weight":352,"page_count":288,"readership":null,"editor":"LE PASSAGE","price":1900,"published_date":"2012-08-22T22:00:00.000000Z","support":"Grand format","publisher_availability":1,"stock":0,"editions":[],"url":"https:\/\/quaidesbrumes.com\/ouvrage\/9782847421941\/avant-la-chute"}]}