{"data":[{"id":"9782930646299","title":"Le Perce-oreille du Luxembourg","description":null,"authors":["Andr\u00e9 Baillon"],"category_codes":["1000000","1010000"],"visuals":{"large":"https:\/\/quaidesbrumes.com\/img\/book-placeholder.png","medium":"https:\/\/quaidesbrumes.com\/img\/book-placeholder.png","thumbnail":"https:\/\/quaidesbrumes.com\/img\/book-placeholder.png"},"orderable":true,"show_badge":true,"formatted_price":"8,50&nbsp;\u20ac","formatted_published_date":"27 juin 2012","publisher_availability_label":"Sur commande","short_details":"Andr\u00e9 Baillon \u2014 Espace Nord","translator":null,"weight":200,"page_count":null,"readership":null,"editor":"Espace Nord","price":850,"published_date":"2012-06-26T22:00:00.000000Z","support":"Poche","publisher_availability":1,"stock":0,"editions":["9782493135391"],"url":"https:\/\/quaidesbrumes.com\/ouvrage\/9782930646299\/le-perce-oreille-du-luxembourg"},{"id":"9782743654672","title":"Les \u00e9ph\u00e9m\u00e9rides","description":"Le gouvernement anglais vient d'annoncer qu'un \u00e9v\u00e9nement exceptionnel aura lieu le 21 mars. Chacun est sur le qui-vive. Tara et Patty dans leur ferme d'\u00c9cosse, le peintre Simon Black \u00e0 Londres, son amante Ecuador, Alice qui retourne \u00e0 son premier amour et n'est pas au bout de ses surprises. Pendant trois mois, avant la date fatidique, un climat d'insurrection s'installe, c'est l'heure du d\u00e9voilement. Le passage de l'hiver au printemps n'a jamais \u00e9t\u00e9 aussi prometteur.","authors":["St\u00e9phanie Hochet"],"category_codes":["1000000","1010000"],"visuals":{"large":"https:\/\/images.epagine.fr\/672\/9782743654672_1_75.jpg","medium":"https:\/\/images.epagine.fr\/672\/9782743654672_1_m.jpg","thumbnail":"https:\/\/images.epagine.fr\/672\/9782743654672_1_v.jpg"},"orderable":true,"show_badge":true,"formatted_price":"8,00&nbsp;\u20ac","formatted_published_date":"6 octobre 2021","publisher_availability_label":"Sur commande","short_details":"St\u00e9phanie Hochet \u2014 Rivages","translator":null,"weight":98,"page_count":300,"readership":null,"editor":"Rivages","price":800,"published_date":"2021-10-05T22:00:00.000000Z","support":"Poche","publisher_availability":1,"stock":0,"editions":[],"url":"https:\/\/quaidesbrumes.com\/ouvrage\/9782743654672\/les-ephemerides"},{"id":"9782915841909","title":"Tante Lucie ou l'\u00e9t\u00e9 de nos dix ans","description":"Il y a Mimile, le charron, fort comme un boeuf et qui va boire son coup chez la D\u00e9dette, la tenanci\u00e8re du bistrot sur la place.\r\nIl y a Raoul, le paysan, l'oeil malicieux et la cave accueillante.\r\nIl y a Mademoiselle Bertrand, qui anime les cantiques \u00e0 la messe et surveille les couples isol\u00e9s les soirs de f\u00eate.\r\nEt puis il y a Pierrot et son petit fr\u00e8re Michou qui passent leurs vacances dans ce microcosme auvergnat et qui, avec leur copain Jojo, regardent la vie campagnarde du haut de leurs dix ans.\r\nC'est un roman tendre et dr\u00f4le qui nous replonge dans le pittoresque d'un village typiquement rural et dans l'atmosph\u00e8re tranquille des ann\u00e9es soixante, lorsque Poulidor affrontait Anquetil sur les pentes du puy de D\u00f4me, lorsqu'on \u00e9coutait Lucien Jeunesse et la famille Duraton \u00e0 la radio, lorsque les 4 CV rivalisaient avec les Motob\u00e9cane et lorsque les enfants pouvaient aller \u00e0 la p\u00eache aux \u00e9crevisses ou garder les ch\u00e8vres dans les vergers.","authors":["Gis\u00e8le Dutheil"],"category_codes":["1000000","1010000"],"visuals":{"large":"https:\/\/images.epagine.fr\/909\/9782915841909_1_75.jpg","medium":"https:\/\/images.epagine.fr\/909\/9782915841909_1_m.jpg","thumbnail":"https:\/\/images.epagine.fr\/909\/9782915841909_1_v.jpg"},"orderable":true,"show_badge":true,"formatted_price":"19,00&nbsp;\u20ac","formatted_published_date":"1er avril 2012","publisher_availability_label":"Sur commande","short_details":"Gis\u00e8le Dutheil \u2014 Monts D'Auvergne","translator":null,"weight":450,"page_count":272,"readership":null,"editor":"Monts D'Auvergne","price":1900,"published_date":"2012-03-31T22:00:00.000000Z","support":"Grand format","publisher_availability":1,"stock":0,"editions":[],"url":"https:\/\/quaidesbrumes.com\/ouvrage\/9782915841909\/tante-lucie-ou-lete-de-nos-dix-ans"},{"id":"9782070447961","title":"Un jour, le crime","description":"Au commencement \u00e9tait l'acte. Cet acte \u00e9tait la mise \u00e0 mort du p\u00e8re selon Freud, du fr\u00e8re selon la Bible. \r\nCe commencement est sans fin. \r\n Nous aurons beau nous \u00e9crier : ' Plus jamais \u00e7a ! ', les faits ne cesseront de nous d\u00e9mentir, de montrer la vanit\u00e9 de nos cris. Les faits sont t\u00eatus, disait cet ent\u00eat\u00e9 de L\u00e9nine. \r\nLa violence est souveraine. Partout, dehors, visible, \u00e9tal\u00e9e au grand jour. Partout, dedans, cach\u00e9e, tapie dans l'ombre d'o\u00f9 elle est pr\u00eate \u00e0 surgir. \r\nLa passion meurtri\u00e8re, qu'elle soit collective ou individuelle, la rage de d\u00e9truire, l'amour de la haine ne connaissent pas de limites. Face \u00e0 la d\u00e9mesure, nos instruments de mesure sont d\u00e9faillants.","authors":["J.-b. Pontalis"],"category_codes":["1000000","1010000"],"visuals":{"large":"https:\/\/images.epagine.fr\/961\/9782070447961_1_75.jpg","medium":"https:\/\/images.epagine.fr\/961\/9782070447961_1_m.jpg","thumbnail":"https:\/\/images.epagine.fr\/961\/9782070447961_1_v.jpg"},"orderable":true,"show_badge":true,"formatted_price":"8,10&nbsp;\u20ac","formatted_published_date":"6 septembre 2012","publisher_availability_label":"Sur commande","short_details":"J.-b. Pontalis \u2014 Folio","translator":null,"weight":108,"page_count":176,"readership":null,"editor":"Folio","price":810,"published_date":"2012-09-05T22:00:00.000000Z","support":"Poche","publisher_availability":1,"stock":0,"editions":["9782070132768"],"url":"https:\/\/quaidesbrumes.com\/ouvrage\/9782070447961\/un-jour-le-crime"},{"id":"9782221219614","title":"Pension de famille","description":"\" Une provision de bonne humeur, avec cette chronique au jour le jour d'une pension de famille. Elle serait \u00e9videmment pittoresque en elle-m\u00eame, \u00e9tant donn\u00e9 la diversit\u00e9 et l'originalit\u00e9 des pensionnaires. S'y ajoutent l'humour, l'excentricit\u00e9 de Margaret, son amour pour les non-conformistes. \" Le Figaro En 1947, Margaret Durrell doit faire face \u00e0 un divorce, avec deux enfants \u00e0 \u00e9lever, et \u00e0 la menace d'un d\u00e9sastre financier. Sur les conseils de sa tante Patience, une redoutable vieille fille, et malgr\u00e9 les sarcasmes de ses fr\u00e8res Lawrence et Gerald, elle ouvre alors une pension de famille pr\u00e9tendument BCBG \u00e0 Bornemouth, ville respectable du bord de mer britannique. Un peintre et son mod\u00e8le, une schizophr\u00e8ne, des infirmi\u00e8res, deux musiciens de jazz... Sous le regard narquois des voisins, la pension de Margo tourne \u00e0 la m\u00e9nagerie humaine. S'ajoutent \u00e0 ce joyeux d\u00e9sordre les visites de Gerald, qui ram\u00e8ne une troupe de singes et un \u00e9norme python. Margo ne se laisse pas d\u00e9monter pour si peu et s'embarque m\u00eame dans une histoire d'amour clandestine avec un joueur de trombone.\r\n \u00c0 travers ces excentriques personnages de l'Angleterre d'apr\u00e8s-guerre se d\u00e9couvre le talent de Margaret Durrell, qui compl\u00e8te ainsi le trio familial d'\u00e9crivains.","authors":["Margaret Durrell"],"category_codes":["1000000","1010000"],"visuals":{"large":"https:\/\/images.epagine.fr\/614\/9782221219614_1_75.jpg","medium":"https:\/\/images.epagine.fr\/614\/9782221219614_1_m.jpg","thumbnail":"https:\/\/images.epagine.fr\/614\/9782221219614_1_v.jpg"},"orderable":true,"show_badge":true,"formatted_price":"11,00&nbsp;\u20ac","formatted_published_date":"23 ao\u00fbt 2018","publisher_availability_label":"Sur commande","short_details":"Margaret Durrell \u2014 Robert Laffont","translator":null,"weight":210,"page_count":352,"readership":null,"editor":"Robert Laffont","price":1100,"published_date":"2018-08-22T22:00:00.000000Z","support":"Poche","publisher_availability":1,"stock":0,"editions":[],"url":"https:\/\/quaidesbrumes.com\/ouvrage\/9782221219614\/pension-de-famille"},{"id":"9782070772100","title":"Souterrain-blues ; un drame en stations","description":"Le train souterrain traverse la ville de part et d'autre. La distance entre les stations donne son rythme au trajet, les intervalles sont plus ou moins longs. Dans un des wagons un homme sauvage attaque les passagers par ces mots:\u00abEt encore vous. Et encore devoir \u00eatre parmi vous. All\u00e9luia! Mis\u00e9r\u00e9r\u00e9. Mar\u00e9e basse sans mar\u00e9e haute. Si au moins vous \u00e9tiez des malfaiteurs.\u00bb Personne ne r\u00e9pond. C'est seulement quand une femme sauvage monte \u00e0 son tour que la donne change...","authors":["Peter Handke","Anne Weber"],"category_codes":["1000000","1010000"],"visuals":{"large":"https:\/\/images.epagine.fr\/100\/9782070772100_1_75.jpg","medium":"https:\/\/images.epagine.fr\/100\/9782070772100_1_m.jpg","thumbnail":"https:\/\/images.epagine.fr\/100\/9782070772100_1_v.jpg"},"orderable":true,"show_badge":true,"formatted_price":"11,00&nbsp;\u20ac","formatted_published_date":"7 mars 2013","publisher_availability_label":"Sur commande","short_details":"Peter Handke, Anne Weber \u2014 Gallimard","translator":"ANNE WEBER","weight":108,"page_count":84,"readership":null,"editor":"Gallimard","price":1100,"published_date":"2013-03-06T23:00:00.000000Z","support":"Grand format","publisher_availability":1,"stock":0,"editions":[],"url":"https:\/\/quaidesbrumes.com\/ouvrage\/9782070772100\/souterrain-blues-un-drame-en-stations"},{"id":"9782915841916","title":"Des sabots dans la neige","description":"La guerre est termin\u00e9e. Firmin va rejoindre son Auvergne natale o\u00f9 ses parents lui ont choisi une fille \u00e0 marier. La jeune et belle Ana\u00efs saura t-elle lui faire oublier Irma avec qui il s'\u00e9tait jur\u00e9 de fonder un foyer et qu'il a d\u00fb, contraint et forc\u00e9, abandonner de l'autre c\u00f4t\u00e9 du Rhin ? Parviendra t-elle \u00e0 l'arracher \u00e0 ce souvenir ? \r\n\r\nUne belle histoire d'amour au sein de ce milieu rural o\u00f9 l'entraide et la discorde se retrouvent parfois c\u00f4te \u00e0 c\u00f4te.","authors":["Nicole Andrieux"],"category_codes":["1000000","1010000"],"visuals":{"large":"https:\/\/images.epagine.fr\/916\/9782915841916_1_75.jpg","medium":"https:\/\/images.epagine.fr\/916\/9782915841916_1_m.jpg","thumbnail":"https:\/\/images.epagine.fr\/916\/9782915841916_1_v.jpg"},"orderable":true,"show_badge":true,"formatted_price":"20,00&nbsp;\u20ac","formatted_published_date":"1er avril 2012","publisher_availability_label":"Sur commande","short_details":"Nicole Andrieux \u2014 Monts D'Auvergne","translator":null,"weight":475,"page_count":288,"readership":null,"editor":"Monts D'Auvergne","price":2000,"published_date":"2012-03-31T22:00:00.000000Z","support":"Grand format","publisher_availability":1,"stock":0,"editions":[],"url":"https:\/\/quaidesbrumes.com\/ouvrage\/9782915841916\/des-sabots-dans-la-neige"},{"id":"9782917084472","title":"Ma m\u00e8re, musicienne, est morte de maladie maligne \u00e0 minuit, mardi \u00e0 mercredi, au milieu du mois de mai mille977 au mouroir memorial \u00e0 Manhattan","description":"La litt\u00e9rature fran\u00e7aise contemporaine compte un \u00e9crivain, d'origine am\u00e9ricaine, dont le premier texte fut d\u00e9couvert et d\u00e9fendu avec ardeur par Raymond Queneau et J.R. Pontalis, publi\u00e9 aux \u00e9ditions Gallimard avec une pr\u00e9face de Gilles Deleuze, acclam\u00e9 par des sensibilit\u00e9s aussi diff\u00e9rentes que celles de Paul Auster, J. M. G. Le Cl\u00e9zio ou encore Michel Foucault, qui invoqu\u00e8rent tour \u00e0 tour D.A.F.\r\nDe Sade, Lautr\u00e9amont et Raymond Roussel. Bref, en 1970, faisait sensation avec la parution de son livre Le Schico et les langues. Depuis, sa trace s'\u00e9tait un peu perdue. Le voici de retour.","authors":["Louis Wolfson"],"category_codes":["1000000","1010000"],"visuals":{"large":"https:\/\/images.epagine.fr\/472\/9782917084472_1_75.jpg","medium":"https:\/\/images.epagine.fr\/472\/9782917084472_1_m.jpg","thumbnail":"https:\/\/images.epagine.fr\/472\/9782917084472_1_v.jpg"},"orderable":true,"show_badge":true,"formatted_price":"19,00&nbsp;\u20ac","formatted_published_date":"3 mai 2012","publisher_availability_label":"Sur commande","short_details":"Louis Wolfson \u2014 Le Tripode","translator":null,"weight":362,"page_count":301,"readership":null,"editor":"Le Tripode","price":1900,"published_date":"2012-05-02T22:00:00.000000Z","support":"Grand format","publisher_availability":1,"stock":0,"editions":[],"url":"https:\/\/quaidesbrumes.com\/ouvrage\/9782917084472\/ma-mere-musicienne-est-morte-de-maladie-maligne-a-minuit-mardi-a-mercredi-au-milieu-du-mois-de-mai-mille977-au-mouroir-memorial-a-manhattan"},{"id":"9791091504881","title":"Une volupt\u00e9 nouvelle","description":"On conna\u00eet mal les contes de Pierre Lou\u00ffs qui sont pourtant des joyaux d'intelligence, d'\u00e9rudition et d'ironie. Celui qui donne son nom au recueil nous pr\u00e9sente les d\u00e9ambulations d'une femme de l'antiquit\u00e9 revenue \u00e0 la vie apr\u00e8s des mill\u00e9naires de sommeil.\r\nL'homme qui l'accueille va passer avec elle une nuit de plaisirs ponctu\u00e9s d'\u00e9changes \u00e9rudits sur les progr\u00e8s de l'humanit\u00e9 en mati\u00e8re de volupt\u00e9 : rien ne la convainc d'une r\u00e9elle d\u00e9couverte dans ce domaine. Rien, sauf...\r\nUne histoire d\u00e9sormais incorrecte en ces temps d'objurgations sanitaires.\r\nDans les autres contes, les femmes mises en sc\u00e8ne, souvent jeunes ou tr\u00e8s jeunes, d\u00e9couvrent avec stup\u00e9faction ou joie les tourments que la vie peut r\u00e9server et de quelle fa\u00e7on l'amour et la mort sont li\u00e9s.\r\nC'est d'une finesse sans \u00e9gal !","authors":["Pierre Lou\u00ffs"],"category_codes":["1000000","1010000","1010100"],"visuals":{"large":"https:\/\/images.epagine.fr\/881\/9791091504881_1_75.jpg","medium":"https:\/\/images.epagine.fr\/881\/9791091504881_1_m.jpg","thumbnail":"https:\/\/images.epagine.fr\/881\/9791091504881_1_v.jpg"},"orderable":true,"show_badge":true,"formatted_price":"5,00&nbsp;\u20ac","formatted_published_date":"21 f\u00e9vrier 2019","publisher_availability_label":"Sur commande","short_details":"Pierre Lou\u00ffs \u2014 \u00c9ditions de l'Arbre vengeur","translator":null,"weight":88,"page_count":120,"readership":null,"editor":"\u00c9ditions de l'Arbre vengeur","price":500,"published_date":"2019-02-20T23:00:00.000000Z","support":"Grand format","publisher_availability":1,"stock":0,"editions":[],"url":"https:\/\/quaidesbrumes.com\/ouvrage\/9791091504881\/une-volupte-nouvelle"},{"id":"9782070141753","title":"Les Trois Don Juan","description":"\u00ab Je t'envoie aujourd'hui un livre qui \u00e9tait sous presse avant la guerre et qui vient de para\u00eetre.\r\nC'est sans valeur mais \u00e7a t'amusera peut-\u00eatre venant de moi. Tu verras \u00e0 quoi on est oblig\u00e9 de descendre p[ou]r gagner sa vie \u00e0 Paris et j'ai toujours r\u00e9sist\u00e9 \u00e0 faire des travaux plus bas comme ont fait Willy ou les auteurs de romans feuilletons. N\u00e9anmoins, tu te rendras compte que j'ai autre chose \u00e0 \u00e9crire. J'ai fait cela en m'amusant, mais c'est triste quand m\u00eame et plus mal pay\u00e9 que les trucs \u00e0 Willy et surtout aux feuilletonistes sentimentaux. C'est \u00e9crit rapidement avec les diverses histoires de Don Juan. J'ai pris tout ce que j'ai pu \u00e0 Moli\u00e8re p[ou]r le Tenorio et le dernier n'est que le r\u00e9sum\u00e9 sous la traduction mot \u00e0 mot du Don Juan de Byron. N\u00e9anmoins, je ne mets pas ces choses parmi mes ouvrages et n'y fais m\u00eame pas mention \u00e0 l'endroit du Du m\u00eame auteur, de L'H\u00e9r\u00e9siarque, Alcools, etc. \u00bb Quand il pr\u00e9sente ainsi Les trois Don Juan \u00e0 Madeleine Pag\u00e8s, dans une lettre dat\u00e9e d'octobre 1915, Apollinaire plaide un peu trop facilement coupable aupr\u00e8s de la jeune fille, \u00e0 laquelle il tient \u00e0 appara\u00eetre sous le jour le plus noble.\r\nLes trois Don Juan - constitu\u00e9 de trois parties intitul\u00e9es respectivement : \u00ab Don Juan Tenorio ou le Don Juan d'Espagne \u00bb, \u00ab Don Juan de Mara\u00f1a ou le Don Juan des Flandres \u00bb et \u00ab Don Juan d'Angleterre ou le songe de Lord Byron \u00bb - est un ensemble de \u00ab collages \u00bb. Apollinaire ne \u00ab r\u00e9sume \u00bb pas, comme il a pu le dire, les histoires de Don Juan, il en transcrit, avec d'infimes modifications, des passages entiers qu'il se contente de juxtaposer ou de relier par quelques mots.\r\nCe livre est donc fabriqu\u00e9 de pi\u00e8ces et de morceaux, mais ne reste cependant pas indiff\u00e9rent au lecteur d'Apollinaire. Ce n'est pas seulement parce qu'il y a mis sa marque en glissant par exemple une expression qui lui est famili\u00e8re comme \u00ab endoctrin\u00e9 dans les sept arts \u00bb ou qu'il s'est amus\u00e9 \u00e0 introduire ici un Max Jacobi, l\u00e0 un Saqui-Guitra qui devait r\u00e9jouir ses amis. Ni m\u00eame parce que certaines additions le r\u00e9v\u00e8lent plus qu'il ne pourrait y para\u00eetre. Mais surtout, nous le saisissons la main \u00e0 la plume dans ce double travail, auquel il excelle, de citations avou\u00e9es ou non, et d'assemblage. L'\u00e9tonnant est qu'il r\u00e9ussisse \u00e0 donner une unit\u00e9 et un ton \u00e0 cet ensemble disparate, par la simple vertu de son choix et de son d\u00e9coupage. En 1924 d\u00e9j\u00e0, Henri Hertz constatait : \u00ab Loin de retrouver les anciens livres dans les oeuvres d'Apollinaire, c'est bien plut\u00f4t l'image d'Apollinaire que nous ne pouvons plus d\u00e9sormais nous emp\u00eacher, de retrouver dans les anciens livres. Ce diable de gar\u00e7on a r\u00e9ussi \u00e0 les absorber. \u00bb","authors":["Guillaume Apollinaire"],"category_codes":["1000000","1010000"],"visuals":{"large":"https:\/\/images.epagine.fr\/753\/9782070141753_1_75.jpg","medium":"https:\/\/images.epagine.fr\/753\/9782070141753_1_m.jpg","thumbnail":"https:\/\/images.epagine.fr\/753\/9782070141753_1_v.jpg"},"orderable":true,"show_badge":true,"formatted_price":"9,50&nbsp;\u20ac","formatted_published_date":"30 mai 2013","publisher_availability_label":"Sur commande","short_details":"Guillaume Apollinaire \u2014 Gallimard","translator":null,"weight":289,"page_count":279,"readership":null,"editor":"Gallimard","price":950,"published_date":"2013-05-29T22:00:00.000000Z","support":"Grand format","publisher_availability":1,"stock":0,"editions":["9782329907307","9783849130992","9783849141998"],"url":"https:\/\/quaidesbrumes.com\/ouvrage\/9782070141753\/les-trois-don-juan"},{"id":"9782384870509","title":"La passion selon cinq matous","description":"Paresseusement, Tiger fait sa sieste au soleil avant d'aller retrouver ses comp\u00e8res, Doudou la fripouille, le beau F\u00e9lix, Rapapou\u00e8gue le sans-famille et la belle Calamity, seul \u00e9l\u00e9ment f\u00e9minin de cette confr\u00e9rie. \u00c0 l'heure de l'ap\u00e9ro, dans ce village du Sud, les cinq chats rejoignent les pap\u00e9s qui n'en finissent pas de refaire le monde, et surtout de commenter les derniers potins du cru. Justement, l'installation d'Andr\u00e9, un Parisien vieux gar\u00e7on qui vient d'acheter une maison vigneronne, attise la curiosit\u00e9 des uns et des autres. Celle des anciens, qui se mettent en t\u00eate de lui trouver une femme, et surtout celle de Rapapou\u00e8gue, qui r\u00eave de se faire adopter et de go\u00fbter \u00e0 la vie douce de ses compagnons...\r\nSait-on jamais ce qui se passe dans la t\u00eate des hommes et dans celle des chats ?","authors":["Martine Pilate"],"category_codes":["1000000","1010000"],"visuals":{"large":"https:\/\/images.epagine.fr\/509\/9782384870509_1_75.jpg","medium":"https:\/\/images.epagine.fr\/509\/9782384870509_1_m.jpg","thumbnail":"https:\/\/images.epagine.fr\/509\/9782384870509_1_v.jpg"},"orderable":true,"show_badge":true,"formatted_price":"9,90&nbsp;\u20ac","formatted_published_date":"1er juin 2023","publisher_availability_label":"Sur commande","short_details":"Martine Pilate \u2014 \u00c9ditions Christine Bonneton","translator":null,"weight":174,"page_count":300,"readership":null,"editor":"\u00c9ditions Christine Bonneton","price":990,"published_date":"2023-05-31T22:00:00.000000Z","support":"Poche","publisher_availability":1,"stock":0,"editions":[],"url":"https:\/\/quaidesbrumes.com\/ouvrage\/9782384870509\/la-passion-selon-cinq-matous"},{"id":"9782253068464","title":"Mes trois z\u00e8bres","description":"Trois hommes ont enchant\u00e9 l'id\u00e9e que je me fais de la France. Trois rebelles-n\u00e9s qui m'ont fa\u00e7onn\u00e9. Trois cr\u00e9ateurs d'eux-m\u00eames qui, en s'emparant de la vie, l'ont magnifi\u00e9e. Trois id\u00e9es de soi qui, chaque jour, chamboulent la mienne et pourraient bien f\u00e9conder la v\u00f4tre... Sacha Guitry joue avec le r\u00e9el ; Charles de Gaulle le d\u00e9fie ; Casanova en jouit. Ces z\u00e8bres incarnent trois attitudes hautement fran\u00e7aises : prendre les choses graves \u00e0 la l\u00e9g\u00e8re, r\u00e9sister avec superbe, empocher son plaisir insouciamment. J'ai longtemps h\u00e9sit\u00e9 \u00e0 leur ressembler. C'est fini. Tout commence. Marchons sur les traces ensoleill\u00e9es de ces affranchis... Embellissons notre sort de leurs libert\u00e9s dissonantes... L'ampleur de l'existence ne doit plus nous \u00e9chapper. A. J.\r\n\r\nGr\u00e2ce \u00e0 l'\u00e9nergie, \u00e0 la vitalit\u00e9 de ces trois grands fauves et \u00e0 sa propre d\u00e9mesure, Jardin signe son texte le plus \u00e9tonnant. Alexandre Fillon, Livres Hebdo.","authors":["Alexandre Jardin"],"category_codes":["1000000","1010000"],"visuals":{"large":"https:\/\/images.epagine.fr\/464\/9782253068464_1_75.jpg","medium":"https:\/\/images.epagine.fr\/464\/9782253068464_1_m.jpg","thumbnail":"https:\/\/images.epagine.fr\/464\/9782253068464_1_v.jpg"},"orderable":true,"show_badge":true,"formatted_price":"7,10&nbsp;\u20ac","formatted_published_date":"7 janvier 2015","publisher_availability_label":"Sur commande","short_details":"Alexandre Jardin \u2014 Le Livre de Poche","translator":null,"weight":154,"page_count":288,"readership":null,"editor":"Le Livre de Poche","price":710,"published_date":"2015-01-06T23:00:00.000000Z","support":"Poche","publisher_availability":1,"stock":0,"editions":["9782246804550"],"url":"https:\/\/quaidesbrumes.com\/ouvrage\/9782253068464\/mes-trois-zebres"},{"id":"9782290262771","title":"Jayne Mansfield 1967","description":"Aux basses heures de la nuit, le 29 juin 1967, sur un tron\u00e7on de la route US 90 qui relie la ville de Biloxi \u00e0 La Nouvelle-Orl\u00e9ans, une Buick Electra 225 bleu m\u00e9tallis\u00e9, mod\u00e8le 66, se trouva engag\u00e9e dans une collision mortelle. Cette Buick broy\u00e9e transportait l'actrice la plus photographi\u00e9e au monde, Jayne Mansfield. Simon Liberati fouille amoureusement dans les recoins les plus t\u00e9n\u00e9breux de sa vie, retrace ses derni\u00e8res heures en plein \u00e9t\u00e9 hippie, qui disent aussi le cr\u00e9puscule de l'\u00e2ge d'or hollywoodien. Au programme : perruques-poufs, LSD 26, satanisme, chihuahuas, amants cogneurs, vie d\u00e9sax\u00e9e et saut de l'ange dans l'underground. Une oraison fun\u00e8bre, une histoire de chaos et de mort r\u00e9compens\u00e9e par le prix Femina 2011.","authors":["Simon Liberati"],"category_codes":["1000000","1010000"],"visuals":{"large":"https:\/\/images.epagine.fr\/771\/9782290262771_1_75.jpg","medium":"https:\/\/images.epagine.fr\/771\/9782290262771_1_m.jpg","thumbnail":"https:\/\/images.epagine.fr\/771\/9782290262771_1_v.jpg"},"orderable":true,"show_badge":true,"formatted_price":"6,90&nbsp;\u20ac","formatted_published_date":"13 octobre 2021","publisher_availability_label":"Sur commande","short_details":"Simon Liberati \u2014 J'ai Lu","translator":null,"weight":94,"page_count":160,"readership":null,"editor":"J'ai Lu","price":690,"published_date":"2021-10-12T22:00:00.000000Z","support":"Poche","publisher_availability":1,"stock":0,"editions":["9782246771814"],"url":"https:\/\/quaidesbrumes.com\/ouvrage\/9782290262771\/jayne-mansfield-1967"},{"id":"9782070132577","title":"Valjoie","description":"Venu \u00e0 Valjoie, o\u00f9 des citoyens de Boston tentent, dans les ann\u00e9es 1830, une exp\u00e9rience de vie collective, Miles Coverdale tombe en plein myst\u00e8re. Voici Zenobia, parfaitement belle et dominatrice, voici Priscilla, d'une gr\u00e2ce timide et fr\u00e9missante, entra\u00een\u00e9es toutes deux dans l'orbite d'un inqui\u00e9tant r\u00e9formateur qu'obs\u00e8de l'amendement des criminels, rivales et cependant unies, semble-t-il, par un lien inexplicable. Dans le cadre de ce phalanst\u00e8re quelque peu fantaisiste, le lecteur est tenu en haleine par un drame psychologique cont\u00e9 au fil des souvenirs de Miles Coverdale, le porte-parole de Nathaniel Hawthorne, avec un humour savant et mesur\u00e9, souriant et m\u00e9lancolique, qui projette un jour in\u00e9dit sur le g\u00e9nie sombre et passionn\u00e9 de l'auteur de La lettre \u00e9carlate, ce compatriote d'Edgar Poe, cet ami de Melville, puritain et po\u00e8te.","authors":["Nathaniel Hawthorne"],"category_codes":["1000000","1010000"],"visuals":{"large":"https:\/\/images.epagine.fr\/577\/9782070132577_1_75.jpg","medium":"https:\/\/images.epagine.fr\/577\/9782070132577_1_m.jpg","thumbnail":"https:\/\/images.epagine.fr\/577\/9782070132577_1_v.jpg"},"orderable":true,"show_badge":true,"formatted_price":"9,95&nbsp;\u20ac","formatted_published_date":"3 f\u00e9vrier 2011","publisher_availability_label":"Sur commande","short_details":"Nathaniel Hawthorne \u2014 Gallimard","translator":null,"weight":368,"page_count":361,"readership":null,"editor":"Gallimard","price":995,"published_date":"2011-02-02T23:00:00.000000Z","support":"Grand format","publisher_availability":1,"stock":0,"editions":[],"url":"https:\/\/quaidesbrumes.com\/ouvrage\/9782070132577\/valjoie"},{"id":"9782714311146","title":"L'extr\u00eame-occidentale","description":null,"authors":["Gh\u00e9rasim Luca"],"category_codes":["1000000","1010000"],"visuals":{"large":"https:\/\/images.epagine.fr\/146\/9782714311146_1_75.jpg","medium":"https:\/\/images.epagine.fr\/146\/9782714311146_1_m.jpg","thumbnail":"https:\/\/images.epagine.fr\/146\/9782714311146_1_v.jpg"},"orderable":true,"show_badge":true,"formatted_price":"17,00&nbsp;\u20ac","formatted_published_date":"2 mai 2013","publisher_availability_label":"Sur commande","short_details":"Gh\u00e9rasim Luca \u2014 \u00c9ditions Corti","translator":null,"weight":120,"page_count":55,"readership":null,"editor":"\u00c9ditions Corti","price":1700,"published_date":"2013-05-01T22:00:00.000000Z","support":"Grand format","publisher_availability":1,"stock":0,"editions":[],"url":"https:\/\/quaidesbrumes.com\/ouvrage\/9782714311146\/lextreme-occidentale"},{"id":"9782369143512","title":"Sans rel\u00e2che","description":"Nous sommes en d\u00e9cembre 1815 et les consignes d'Adam Bolitho sont sans \u00e9quivoque. En tant que capitaine de la fr\u00e9gate Le Sans-Pareil, il doit se rendre de toute urgence \u00e0 Freetown, capitale de la Sierra Leone, pour pr\u00eater main-forte \u00e0 l'officier de l'escadron actuellement en poste. Mais tous les efforts de la marine anglaise pour juguler la florissante et lucrative traite des Noirs pratiqu\u00e9e par des \u00ab pirates barbaresques \u00bb sont entrav\u00e9s par l'indiff\u00e9rence d'un gouvernement plus occup\u00e9 par son vieil ennemi fran\u00e7ais et par les menaces du Dey d'Alger, qui ne pr\u00e9sagent rien de bon.\r\nPour Adam, aussi, il n'y a pas de place pour la paix. Toujours esseul\u00e9, toujours aussi inconsolable depuis la perte de Z\u00e9noria, pein\u00e9 par l'\u00e9loignement de Lady Catherine Somervell, d\u00e9sormais ma\u00eetresse de Lord Sillitoe, retrouvera-t-il l'apaisement dans les bras de Lowenna ?","authors":["Alexander Kent","Luc de Rancourt"],"category_codes":["1000000","1010000"],"visuals":{"large":"https:\/\/images.epagine.fr\/512\/9782369143512_1_75.jpg","medium":"https:\/\/images.epagine.fr\/512\/9782369143512_1_m.jpg","thumbnail":"https:\/\/images.epagine.fr\/512\/9782369143512_1_v.jpg"},"orderable":true,"show_badge":true,"formatted_price":"11,30&nbsp;\u20ac","formatted_published_date":"11 mai 2017","publisher_availability_label":"Sur commande","short_details":"Alexander Kent, Luc de Rancourt \u2014 Libretto","translator":"LUC DE RANCOURT","weight":375,"page_count":450,"readership":null,"editor":"Libretto","price":1130,"published_date":"2017-05-10T22:00:00.000000Z","support":"Grand format","publisher_availability":1,"stock":0,"editions":["9782752906229"],"url":"https:\/\/quaidesbrumes.com\/ouvrage\/9782369143512\/sans-relache"},{"id":"9782812624742","title":"Une m\u00e8re \u00e0 aimer","description":"En 1905, \u00e0 l'\u00e2ge de 17 ans, Jeanne Ducamp entre comme apprentie brodeuse aux Nouveaut\u00e9s Parisiennes, \u00e0 Millau, le magasin le plus chic de la ville. La vraie vie commence enfin ! Car Jeanne a grandi dans l'atmosph\u00e8re confin\u00e9e de l'orphelinat Notre-Dame, \u00e0 Rodez, o\u00f9 elle a \u00e9t\u00e9 abandonn\u00e9e toute petite. C'est le drame de cette jeune fille jolie et intelligente : ne rien conna\u00eetre de ses origines.\r\nParviendra-t-elle un jour \u00e0 retrouver la trace de celle qui lui a donn\u00e9 le jour ?\r\nUne m\u00e8re \u00e0 aimer est un beau roman sensible sur le destin des femmes au d\u00e9but du XXe si\u00e8cle. On y d\u00e9couvre la condition des apprenties et des servantes de ferme soumises \u00e0 leurs employeurs, celle des filles m\u00e8res et des nourrices. Avec Daniel Crozes, on arpente les paysages aveyronnais contrast\u00e9s qu'il conna\u00eet si bien, ainsi que les villes de Paris et de Toulouse. Une nouvelle fois, cet auteur sait jouer de son sa- voir-faire de romancier et d'historien pour nous plonger au coeur d'une \u00e9poque et cr\u00e9er des personnages criants de v\u00e9rit\u00e9.","authors":["Daniel Crozes"],"category_codes":["1000000","1010000"],"visuals":{"large":"https:\/\/images.epagine.fr\/742\/9782812624742_1_75.jpg","medium":"https:\/\/images.epagine.fr\/742\/9782812624742_1_m.jpg","thumbnail":"https:\/\/images.epagine.fr\/742\/9782812624742_1_v.jpg"},"orderable":true,"show_badge":true,"formatted_price":"9,90&nbsp;\u20ac","formatted_published_date":"3 mai 2023","publisher_availability_label":"Sur commande","short_details":"Daniel Crozes \u2014 Rouergue","translator":null,"weight":256,"page_count":400,"readership":null,"editor":"Rouergue","price":990,"published_date":"2023-05-02T22:00:00.000000Z","support":"Poche","publisher_availability":1,"stock":0,"editions":["9782812605857"],"url":"https:\/\/quaidesbrumes.com\/ouvrage\/9782812624742\/une-mere-a-aimer"},{"id":"9782369142782","title":"Second ne daigne","description":"Juin 1815. \u00c0 la veille de la bataille de Waterloo, le peuple britannique, las de plusieurs d\u00e9cennies de guerre avec la France, sent que le d\u00e9nouement approche et se prend \u00e0 esp\u00e9rer.\r\nLa d\u00e9faite de Napol\u00e9on inaugure en effet une p\u00e9riode de domination anglaise et de paix. Comment Adam Bolitho, officier de Sa Majest\u00e9 aux commandes du Sans-Rival, va-t-il aborder celle-ci ?\r\nL'existence d'un capitaine de vaisseau est par nature solitaire. Cependant, cette solitude p\u00e8se plus que jamais \u00e0 Adam, endeuill\u00e9 par la perte de son oncle, Sir Richard Bolitho. De plus, il s'inqui\u00e8te des bouleversements qui attendent la Royal Navy, \u00e0 l'aube d'une nouvelle \u00e8re. Pour lui, les ennemis d'hier ne rev\u00eatent le masque de l'amiti\u00e9 que pour mieux conspirer contre l'Angleterre.","authors":["Alexander Kent","Luc de Rancourt"],"category_codes":["1000000","1010000"],"visuals":{"large":"https:\/\/images.epagine.fr\/782\/9782369142782_1_75.jpg","medium":"https:\/\/images.epagine.fr\/782\/9782369142782_1_m.jpg","thumbnail":"https:\/\/images.epagine.fr\/782\/9782369142782_1_v.jpg"},"orderable":true,"show_badge":true,"formatted_price":"12,50&nbsp;\u20ac","formatted_published_date":"2 mai 2016","publisher_availability_label":"Sur commande","short_details":"Alexander Kent, Luc de Rancourt \u2014 Libretto","translator":"LUC DE RANCOURT","weight":380,"page_count":452,"readership":null,"editor":"Libretto","price":1250,"published_date":"2016-05-01T22:00:00.000000Z","support":"Grand format","publisher_availability":1,"stock":0,"editions":["9782752906212"],"url":"https:\/\/quaidesbrumes.com\/ouvrage\/9782369142782\/second-ne-daigne"},{"id":"9782330026653","title":"Les annees cerises","description":"Au village, on l'appelle l'An\u00e9anti, parce que sa maison va bient\u00f4t dispara\u00eetre avec la falaise qui s'effrite. Quand il en a marre des z\u00e9ros \u00e0 l'\u00e9cole et des claques de sa m\u00e8re, il va retrouver Paulo et sa grande soeur, qui le fait r\u00eaver \u00e0 l'amour. Un roman tendre et douloureux, par l'auteur des \"D\u00e9ferlantes\" (Grand prix des lectrices de Elle 2009).","authors":["Claudie Gallay"],"category_codes":["1000000","1010000"],"visuals":{"large":"https:\/\/images.epagine.fr\/653\/9782330026653_1_75.jpg","medium":"https:\/\/images.epagine.fr\/653\/9782330026653_1_m.jpg","thumbnail":"https:\/\/images.epagine.fr\/653\/9782330026653_1_v.jpg"},"orderable":true,"show_badge":true,"formatted_price":"8,20&nbsp;\u20ac","formatted_published_date":"17 septembre 2013","publisher_availability_label":"Sur commande","short_details":"Claudie Gallay \u2014 Actes Sud","translator":null,"weight":130,"page_count":176,"readership":null,"editor":"Actes Sud","price":820,"published_date":"2013-09-16T22:00:00.000000Z","support":"Poche","publisher_availability":1,"stock":0,"editions":["9782841565801"],"url":"https:\/\/quaidesbrumes.com\/ouvrage\/9782330026653\/les-annees-cerises"},{"id":"9782916109886","title":"Les anciennes for\u00eats d'Ard\u00e8che ; quelle histoires ?","description":"Associer un forestier dont les anc\u00eatres ont fa\u00e7onn\u00e9 des massifs d'Ard\u00e8che et un jeune photographe qui sait nous faire admirer la beaut\u00e9 de l'\u00e9cosyst\u00e8me bois\u00e9 permet de mieux comprendre ce que le pr\u00e9sent doit au pass\u00e9. \u00c9cosyst\u00e8me de luxe quand il n'est pas trop simplifi\u00e9 et riche d'une histoire dans laquelle l'homme joue le r\u00f4le principal. Pour l'\u00e9roder souvent, puis le reconstruire ou le maintenir avec passion et... patience. Dans le Parc naturel r\u00e9gional des Monts d'Ard\u00e8che, la place de la for\u00eat justifiait ce double regard. Pour que, d\u00e9sormais, le n\u00f4tre voit nos for\u00eats un peu diff\u00e9remment, riches de patrimoines dans lesquels le vivant d'aujourd'hui et l'histoire d'autrefois sont indissociables. Prot\u00e9geons-les et sachons les g\u00e9rer avec soin et prudence, ils ne vivent pas au m\u00eame rythme que nous.","authors":["Michel Bartoli","Simon Bugnon"],"category_codes":["1000000","1010000"],"visuals":{"large":"https:\/\/images.epagine.fr\/886\/9782916109886_1_75.jpg","medium":"https:\/\/images.epagine.fr\/886\/9782916109886_1_m.jpg","thumbnail":"https:\/\/images.epagine.fr\/886\/9782916109886_1_v.jpg"},"orderable":true,"show_badge":true,"formatted_price":"24,60&nbsp;\u20ac","formatted_published_date":"9 octobre 2020","publisher_availability_label":"Sur commande","short_details":"Michel Bartoli, Simon Bugnon \u2014 Septeditions","translator":null,"weight":665,"page_count":176,"readership":null,"editor":"Septeditions","price":2460,"published_date":"2020-10-08T22:00:00.000000Z","support":"Grand format","publisher_availability":1,"stock":0,"editions":[],"url":"https:\/\/quaidesbrumes.com\/ouvrage\/9782916109886\/les-anciennes-forets-dardeche-quelle-histoires"},{"id":"9782363080851","title":"Un jour par la for\u00eat","description":"(Texte provisoire)  Qu'est-ce qui pousse Sabine, petite \u00e9l\u00e8ve de 5e, solitaire et r\u00eaveuse, \u00e0 ne pas se rendre en classe, ce matin de printemps ? Pourquoi d\u00e9cide-t-elle ce jour-l\u00e0 de faire l'\u00e9cole buissonni\u00e8re, et d'aller \u00e0 la d\u00e9couverte d'un Paris qu'elle ne conna\u00eet pas tr\u00e8s bien et qui l'a toujours fascin\u00e9e ? Ce n'est pas seulement pour \u00e9chapper au rendez-vous que la prof de fran\u00e7ais, exc\u00e9d\u00e9e par son d\u00e9sint\u00e9r\u00eat, a fix\u00e9 \u00e0 sa m\u00e8re. \r\n\r\n \r\n\r\nLa fuite de Sabine parle de honte et d'incompr\u00e9hension. Honte de sa m\u00e8re, qu'elle sent ne pas correspondre \u00e0 l'image qu'on se fait d'une m\u00e8re attentive, soucieuse de la scolarit\u00e9 de son enfant ; mais aussi honte de son milieu social o\u00f9 la culture reste un mot opaque, presque hostile. La petite prend soudain conscience que ce monde du lyc\u00e9e lui est ferm\u00e9, comme il l'a \u00e9t\u00e9 aux siens. \r\n\r\n \r\n\r\nMais, au cours de sa journ\u00e9e vagabonde, bien des choses vont changer pour elle. Le hasard d'une rencontre lui fera d\u00e9couvrir le tr\u00e9sor qu'elle porte en elle et qui ne demande qu'\u00e0 \u00eatre r\u00e9v\u00e9l\u00e9. \r\n\r\n \r\n\r\nMarie Sizun est n\u00e9e en 1940. Elle a \u00e9t\u00e9 enseignante de lettres classiques \u00e0 Paris, en Allemagne ainsi qu'en Belgique. Elle a trois enfants et vit \u00e0 Paris depuis 2001. Marie Sizun a re\u00e7u Le grand prix litt\u00e9raire des lectrices de ELLE pour son roman La Femme de l'Allemand, ainsi que le sixi\u00e8me Prix des lecteurs du T\u00e9l\u00e9gramme, le Prix Jean-Pierre Coudurier.","authors":["Marie Sizun"],"category_codes":["1000000","1010000"],"visuals":{"large":"https:\/\/images.epagine.fr\/851\/9782363080851_1_75.jpg","medium":"https:\/\/images.epagine.fr\/851\/9782363080851_1_m.jpg","thumbnail":"https:\/\/images.epagine.fr\/851\/9782363080851_1_v.jpg"},"orderable":true,"show_badge":true,"formatted_price":"10,00&nbsp;\u20ac","formatted_published_date":"11 juin 2015","publisher_availability_label":"Sur commande","short_details":"Marie Sizun \u2014 Arl\u00e9a","translator":null,"weight":204,"page_count":280,"readership":null,"editor":"Arl\u00e9a","price":1000,"published_date":"2015-06-10T22:00:00.000000Z","support":"Poche","publisher_availability":1,"stock":0,"editions":["9782848685311","9782363080295"],"url":"https:\/\/quaidesbrumes.com\/ouvrage\/9782363080851\/un-jour-par-la-foret"},{"id":"9782752905567","title":"Le collectionneur de mondes","description":"Quand il d\u00e9barque en 1842 dans le Bombay des marchands d'opium et des courtisanes, Richard Francis Burton est un jeune officier anglais d'\u00e0 peine vingt et un ans. \u00c0 sa mort en 1890 \u00e0 Trieste, il est devenu l'aventurier le plus extravagant, le plus \u00e9nigmatique et le plus captivant du XIXe si\u00e8cle. Ma\u00eetre soufi, grand amateur des perversions et des passions humaines, explorateur ayant d\u00e9couvert le lac Tankanika en cherchant les sources du Nil, Richard Burton est l'auteur de la traduction originelle (in\u00e9gal\u00e9e \u00e0 ce jour) des Mille et Une Nuits. Espion de g\u00e9nie, il est aussi le premier voyageur occidental \u00e0 \u00eatre entr\u00e9 dans La Mecque et M\u00e9dine.\r\nC'est de cette incroyable vie qu'Ilija Trojanow s'est inspir\u00e9 pour livrer un roman tout \u00e0 la fois historique et d'aventures.","authors":["Ilija Trojanow","Dominique Venard"],"category_codes":["1000000","1010000"],"visuals":{"large":"https:\/\/images.epagine.fr\/567\/9782752905567_1_75.jpg","medium":"https:\/\/images.epagine.fr\/567\/9782752905567_1_m.jpg","thumbnail":"https:\/\/images.epagine.fr\/567\/9782752905567_1_v.jpg"},"orderable":true,"show_badge":true,"formatted_price":"12,80&nbsp;\u20ac","formatted_published_date":"5 mai 2011","publisher_availability_label":"Sur commande","short_details":"Ilija Trojanow, Dominique Venard \u2014 Libretto","translator":"DOMINIQUE VENARD","weight":416,"page_count":521,"readership":null,"editor":"Libretto","price":1280,"published_date":"2011-05-04T22:00:00.000000Z","support":"Poche","publisher_availability":1,"stock":0,"editions":[],"url":"https:\/\/quaidesbrumes.com\/ouvrage\/9782752905567\/le-collectionneur-de-mondes"},{"id":"9782379131257","title":"Et le jour pour eux sera comme la nuit","description":"Denis d'Aubign\u00e9 est bien mort, ce 23 janvier \u00e0 huit heures du matin, dans la cour d'un immeuble bourgeois d'une rue paisible du XVe arrondissement de Paris.\r\nVingt ans, sept \u00e9tages. Pourquoi un jeune homme met-il brutalement fin \u00e0 ses jours ? Un p\u00e8re, une m\u00e8re, une grande soeur et un petit fr\u00e8re cherchent \u00e0 r\u00e9pondre \u00e0 cette question d\u00e9chirante. O\u00f9 est Denis ? O\u00f9 sont-ils sans lui ? On ne sait rien de la mort sauf qu'elle change des vies.","authors":["Ariane Bois"],"category_codes":["1000000","1010000"],"visuals":{"large":"https:\/\/images.epagine.fr\/257\/9782379131257_1_75.jpg","medium":"https:\/\/images.epagine.fr\/257\/9782379131257_1_m.jpg","thumbnail":"https:\/\/images.epagine.fr\/257\/9782379131257_1_v.jpg"},"orderable":true,"show_badge":true,"formatted_price":"6,50&nbsp;\u20ac","formatted_published_date":"12 janvier 2023","publisher_availability_label":"Sur commande","short_details":"Ariane Bois \u2014 \u00c9ditions Mon Poche","translator":null,"weight":104,"page_count":136,"readership":null,"editor":"\u00c9ditions Mon Poche","price":650,"published_date":"2023-01-11T23:00:00.000000Z","support":"Poche","publisher_availability":1,"stock":0,"editions":[],"url":"https:\/\/quaidesbrumes.com\/ouvrage\/9782379131257\/et-le-jour-pour-eux-sera-comme-la-nuit"},{"id":"9782913886643","title":"T\u00e9tralogie d'une femme serpent","description":"Recueil de po\u00e9sies sur les th\u00e8mes du p\u00e9ch\u00e9 originel, d'Adam et Eve et du paradis.","authors":["Sheila Concari"],"category_codes":["1000000","1010000"],"visuals":{"large":"https:\/\/images.epagine.fr\/643\/9782913886643_1_75.jpg","medium":"https:\/\/images.epagine.fr\/643\/9782913886643_1_m.jpg","thumbnail":"https:\/\/images.epagine.fr\/643\/9782913886643_1_v.jpg"},"orderable":true,"show_badge":true,"formatted_price":"14,00&nbsp;\u20ac","formatted_published_date":"1er septembre 2008","publisher_availability_label":"Sur commande","short_details":"Sheila Concari \u2014 Harpo & Editions","translator":null,"weight":100,"page_count":60,"readership":null,"editor":"Harpo & Editions","price":1400,"published_date":"2008-08-31T22:00:00.000000Z","support":"Grand format","publisher_availability":1,"stock":0,"editions":[],"url":"https:\/\/quaidesbrumes.com\/ouvrage\/9782913886643\/tetralogie-dune-femme-serpent"}]}