{"data":[{"id":"9780340822784","title":"Cloud Atlas : The epic bestseller, shortlisted for the Booker Prize","description":"'ONE OF THE MOST BRILLIANTLY INVENTIVE WRITERS OF THIS, OR ANY, COUNTRY' INDEPENDENT\r\nShortlisted for the Booker Prize, the James Tait Black Memorial Prize and the Arthur C. Clarke Award, winner of Richard & Judy Best Read of the Year and a BBC Two Between the Covers Book Club pick\r\n'Miraculous'\r\nSUNDAY TIMES\r\n'Gorgeous and life-affirming'\r\nR. F. KUANG\r\n'A masterful feast'\r\nEVENING STANDARD\r\n'Shamelessly exciting'\r\nSPECTATOR\r\n'Remarkable'\r\nGUARDIAN\r\n'Stunning'\r\nDAILY MAIL\r\nA novel of mind-bending imagination and scope from the author of Ghostwritten and Utopia Avenue\r\nSouls cross ages like clouds cross skies . . .\r\nSix interlocking lives - one amazing adventure. In a narrative that circles the globe and reaches from the 19th century to a post-apocalyptic future, Cloud Atlas erases the boundaries of time, genre and language to offer an enthralling vision of humanity's will to power, and where it will lead us.\r\n*Please note that the end of p. 39 and p. 40 are intentionally blank*\r\nPRAISE FOR DAVID MITCHELL\r\n'A thrilling and gifted writer'\r\nFINANCIAL TIMES\r\n'Dizzyingly, dazzlingly good'\r\nDAILY MAIL\r\n'Mitchell is, clearly, a genius'\r\nNEW YORK TIMES BOOK REVIEW\r\n'An author of extraordinary ambition and skill'\r\nINDEPENDENT ON SUNDAY\r\n'A superb storyteller'\r\nTHE NEW YORKER","authors":["David Mitchell"],"category_codes":["1000000","1010000"],"visuals":{"large":"https:\/\/images.epagine.fr\/784\/9780340822784_1_75.jpg","medium":"https:\/\/images.epagine.fr\/784\/9780340822784_1_m.jpg","thumbnail":"https:\/\/images.epagine.fr\/784\/9780340822784_1_v.jpg"},"orderable":true,"show_badge":true,"formatted_price":"16,40&nbsp;\u20ac","formatted_published_date":"21 f\u00e9vrier 2005","publisher_availability_label":"Sur commande","short_details":"David Mitchell \u2014 Sceptre","translator":null,"weight":376,"page_count":544,"readership":null,"editor":"Sceptre","price":1640,"published_date":"2005-02-20T23:00:00.000000Z","support":"Grand format","publisher_availability":1,"stock":0,"editions":[],"url":"https:\/\/quaidesbrumes.com\/ouvrage\/9780340822784\/cloud-atlas-the-epic-bestseller-shortlisted-for-the-booker-prize"},{"id":"9781035032280","title":"Before the Coffee Gets Cold","description":"The cosy, heartwarming first book in the multi-million copy bestselling series, presented in beautiful hardback.\r\nWhat would you do if you could travel back in time? More importantly, who would you want to meet, maybe for one last time? Toshikazu Kawaguchi's Before the Coffee Gets Cold, translated from Japanese, explores this age-old question . . .\r\nIn a cosy back alley in Tokyo, there is a cafe which has been serving carefully brewed coffee for more than one hundred years. But this coffee shop offers its customers a unique experience: the chance to travel back in time.\r\nPrepare to meet four visitors, each of whom is hoping to make use of the cafe's time-travelling offer in order to:\r\n- confront the man who left them\r\n- receive a letter from their husband whose memory has been taken by Alzheimer's\r\n- see their sister one last time\r\n- meet the daughter they never got the chance to know.\r\nBut the journey into the past does not come without risks: customers must sit in a particular seat. They cannot leave the cafe. And finally, they must return to the present before the coffee gets cold . . .\r\n'This book broke my heart, took the pieces, and put them back together in a messy and beautiful way. . . ' - well.read.woman on Instagram \r\nContinue the beautifully moving storytelling with Tales from the Cafe, Before Your Memory Fades, Before We Say Goodbye and Before We Forget Kindness.\r\n**Before I knew I loved you, the sixth book in the series, is available to pre-order now!**","authors":["Toshikazu Kawaguchi","Geoffrey Trousselot"],"category_codes":["1000000","1010000"],"visuals":{"large":"https:\/\/images.epagine.fr\/280\/9781035032280_1_75.jpg","medium":"https:\/\/images.epagine.fr\/280\/9781035032280_1_m.jpg","thumbnail":"https:\/\/images.epagine.fr\/280\/9781035032280_1_v.jpg"},"orderable":true,"show_badge":true,"formatted_price":"21,40&nbsp;\u20ac","formatted_published_date":"3 octobre 2023","publisher_availability_label":"Sur commande","short_details":"Toshikazu Kawaguchi, Geoffrey Trousselot \u2014 Picador UK","translator":"Geoffrey Trousselot","weight":297,"page_count":224,"readership":"+ de 18 ans","editor":"Picador UK","price":2140,"published_date":"2023-10-02T22:00:00.000000Z","support":"Grand format","publisher_availability":1,"stock":0,"editions":[],"url":"https:\/\/quaidesbrumes.com\/ouvrage\/9781035032280\/before-the-coffee-gets-cold"},{"id":"9782378910693","title":"Petites le\u00e7ons de grammaire pour trouver l'amour","description":"Grace Hammond voit sa vie partir \u00e0 la d\u00e9rive. Au ch\u00f4mage, c\u00e9libataire et sans domicile, cette experte en grammaire quitte New York et part se r\u00e9fugier dans sa ville natale, sur la c\u00f4te du Connecticut. Elle y revoit Peter, son amour d'adolescence, et rencontre Mitch, qu'elle exasp\u00e8re par son obsession de vouloir toujours tout corriger...\r\nPour mieux embrasser l'avenir, Grace va devoir revenir sur un \u00e9v\u00e9nement douloureux qui ne cesse de la culpabiliser et ce qui devait \u00eatre un court s\u00e9jour chez ses parents va se transformer en un retour sur soi. Aura-t-elle le courage de laisser tomber le Bescherelle et d'\u00e9dicter ses propres r\u00e8gles ?\r\nApr\u00e8s le succ\u00e8s de L'Irr\u00e9sistible Histoire du Caf\u00e9 Myrtille, Mary Simses revient avec un roman qui nous r\u00e9gale par son charme et son humour.\r","authors":["Mary Simses","Jessica Shapiro"],"category_codes":["1000000","1010000"],"visuals":{"large":"https:\/\/images.epagine.fr\/693\/9782378910693_1_75.jpg","medium":"https:\/\/images.epagine.fr\/693\/9782378910693_1_m.jpg","thumbnail":"https:\/\/images.epagine.fr\/693\/9782378910693_1_v.jpg"},"orderable":true,"show_badge":true,"formatted_price":"20,00&nbsp;\u20ac","formatted_published_date":"3 juin 2021","publisher_availability_label":"Sur commande","short_details":"Mary Simses, Jessica Shapiro \u2014 NIL","translator":"JESSICA SHAPIRO","weight":398,"page_count":441,"readership":null,"editor":"NIL","price":2000,"published_date":"2021-06-02T22:00:00.000000Z","support":"Grand format","publisher_availability":1,"stock":0,"editions":[],"url":"https:\/\/quaidesbrumes.com\/ouvrage\/9782378910693\/petites-lecons-de-grammaire-pour-trouver-lamour"},{"id":"9782714493996","title":"D'or et de col\u00e8re","description":"H\u00e9ritiers de la riche famille Michelin, Victor Lesage et sa femme Jessie sont envoy\u00e9s \u00e0 Hano\u00ef pour reprendre en main les exploitations d'h\u00e9v\u00e9as, ces arbres au caoutchouc naturel si convoit\u00e9, au centre des tensions anticoloniales.\r\nTandis que Victor s'investit dans sa mission, Jessie, elle, tente de naviguer dans le milieu ferm\u00e9 des expat'. Pour cette Am\u00e9ricaine, tr\u00e8s secr\u00e8te sur son pass\u00e9, trouver sa place dans cette nouvelle vie n'est cependant pas chose ais\u00e9e... jusqu'\u00e0 sa rencontre avec l'intr\u00e9pide et passionn\u00e9e Marcelle de Fabry. Avec elle, Jessie fait l'exp\u00e9rience d'un autre Hano\u00ef, interlope, sensuel, nimb\u00e9 de vapeurs d'opium.\r\n \r\nMais Jessie le sent : l'amiti\u00e9 de Marcelle n'est pas d\u00e9sint\u00e9ress\u00e9e. Comme elle, la belle Parisienne cache des choses, une v\u00e9rit\u00e9 indicible sur les r\u00e9elles motivations de sa pr\u00e9sence sur ces terres du bout du monde o\u00f9 gronde la col\u00e8re communiste... Combien de temps pourront-elles poursuivre ce jeu de dupes ? Car le destin d'une nation enti\u00e8re est en route, irr\u00e9versible, et ces deux femmes auront chacune un r\u00f4le \u00e0 jouer dans sa chute, et sa renaissance.\r","authors":["Karin Tanabe","Laureline Chaplain"],"category_codes":["1000000","1010000"],"visuals":{"large":"https:\/\/images.epagine.fr\/996\/9782714493996_1_75.jpg","medium":"https:\/\/images.epagine.fr\/996\/9782714493996_1_m.jpg","thumbnail":"https:\/\/images.epagine.fr\/996\/9782714493996_1_v.jpg"},"orderable":true,"show_badge":true,"formatted_price":"22,00&nbsp;\u20ac","formatted_published_date":"3 juin 2021","publisher_availability_label":"Sur commande","short_details":"Karin Tanabe, Laureline Chaplain \u2014 Belfond","translator":"LAURELINE CHAPLAIN","weight":468,"page_count":424,"readership":null,"editor":"Belfond","price":2200,"published_date":"2021-06-02T22:00:00.000000Z","support":"Grand format","publisher_availability":1,"stock":0,"editions":[],"url":"https:\/\/quaidesbrumes.com\/ouvrage\/9782714493996\/dor-et-de-colere"},{"id":"9791092159103","title":"Effets ind\u00e9sirables","description":"Piliers de bars, prostituees, receleurs, clochards, arnaqueurs en tout genre... tels sont les personnages qui jalonnent le recit nerveux de Larry Fondation, assemblage de vignettes, d'eclats de voix, de bribes d'action, d'inventaires aberrants ou de nouvelles laconiques. Dans une Los Angeles hallucinee, vue au ras du sol, tout semble regi par une violence brute, epidermique, desinvolte ; chaque situation, meme la plus banale, peut basculer vers l'irremediable.\r\nAutant marque par les romans-collages de Dos Passos, la photo de Cartier-Bresson ou le rap de NWA, Larry Fondation construit des pi\u00e8ces composites, d'o\u00f9 jailli une poesie inattendue. Avec une economie qui evoque le minimalisme de Felix Feneon ou l'ironie des Crimes exemplaires de Max Aub, l'Americain cis\u00e8le ses textes pour les rendre plus percutants, et atteindre une purete o\u00f9 la moindre phrase compte. Fondation parvient \u00e0 saisir ces instants fugitifs qui, resumes en quelques lignes, laissent transpara\u00eetre la folie desesperee d'un monde \u00e0 la derive. Folie qui glisse parfois jusqu'\u00e0 l'absurde - l'humour et l'optimisme per\u00e7ant alors derri\u00e8re les fissures du bitume qui sert de decor \u00e0 ses sayn\u00e8tes implacables.\r","authors":["Larry Fondation"],"category_codes":["1000000","1010000"],"visuals":{"large":"https:\/\/images.epagine.fr\/103\/9791092159103_1_75.jpg","medium":"https:\/\/images.epagine.fr\/103\/9791092159103_1_m.jpg","thumbnail":"https:\/\/images.epagine.fr\/103\/9791092159103_1_v.jpg"},"orderable":true,"show_badge":true,"formatted_price":"19,50&nbsp;\u20ac","formatted_published_date":"12 septembre 2016","publisher_availability_label":"Sur commande","short_details":"Larry Fondation \u2014 Tusitala","translator":"ROMAIN GUILLOU","weight":238,"page_count":190,"readership":null,"editor":"Tusitala","price":1950,"published_date":"2016-09-11T22:00:00.000000Z","support":"Grand format","publisher_availability":1,"stock":0,"editions":[],"url":"https:\/\/quaidesbrumes.com\/ouvrage\/9791092159103\/effets-indesirables"},{"id":"9782374981079","title":"Ma chienne de vie","description":"\u00ab Quand j'atteindrai quarante ans, mes facult\u00e9s se seront peut-\u00eatre repli\u00e9es, telle la corolle des fleurs au cr\u00e9puscule, me laissant incapable d'\u00e9crire mes m\u00e9moires en y mettant la dose idoine de sobre inexactitude, ou alors, \u00e9tant venu \u00e0 bout de la t\u00e2che, incapable d'aller les porter \u00e0 mon \u00e9diteur. \u00bb C'est donc d\u00e8s les ann\u00e9es 1930, dans les pages du New Yorker, que James Thurber (1894-1961) fait para\u00eetre Ma chienne de vie, autobiographie loufoque racontant sa jeunesse au sein d'une famille farfelue de l'Ohio. De l'effondrement du lit paternel \u00e0 la visite nocturne de bien \u00e9tranges fant\u00f4mes, des lubies du chien Muggs \u00e0 celles d'un grand-p\u00e8re hant\u00e9 par la guerre de S\u00e9cession, Thurber transforme les petits \u00e9v\u00e9nements de la vie en minuscules \u00e9pop\u00e9es cocasses, tendres et ironiques.\r","authors":["James Thurber","Jeanne Guyon"],"category_codes":["1000000","1010000"],"visuals":{"large":"https:\/\/images.epagine.fr\/079\/9782374981079_1_75.jpg","medium":"https:\/\/images.epagine.fr\/079\/9782374981079_1_m.jpg","thumbnail":"https:\/\/images.epagine.fr\/079\/9782374981079_1_v.jpg"},"orderable":true,"show_badge":true,"formatted_price":"10,00&nbsp;\u20ac","formatted_published_date":"19 avril 2018","publisher_availability_label":"Sur commande","short_details":"James Thurber, Jeanne Guyon \u2014 WOMBAT","translator":"JEANNE GUYON","weight":170,"page_count":128,"readership":null,"editor":"WOMBAT","price":1000,"published_date":"2018-04-18T22:00:00.000000Z","support":"Grand format","publisher_availability":1,"stock":0,"editions":[],"url":"https:\/\/quaidesbrumes.com\/ouvrage\/9782374981079\/ma-chienne-de-vie"},{"id":"9791092159158","title":"Les martyrs et les saints","description":"Le 11-Septembre est pass\u00e9 par l\u00e0 : bienvenue dans l'Am\u00e9rique de George W. Bush, de l'Axe du mal, de la guerre contre le terrorisme, les talibans, et Saddam Hussein dans le r\u00f4le du m\u00e9chant r\u00e9current.\r\nLes martyrs d'un c\u00f4t\u00e9, les saints de l'autre. Mais la guerre s'enlise, elle devient un \u00e9tat permanent. Les v\u00e9t\u00e9rans affluent dans les rues de Los Angeles, rapportant dans leurs bottes le sable du d\u00e9sert et une terreur qui les hante. Les fronti\u00e8res s'\u00e9vanouissent : l'Afghanistan, c'est L.A. ; l'Irak c'est L.A.\r\nAu rythme de sa prose lapidaire, Larry Fondation juxtapose les histoires, compress\u00e9es comme une sculpture de C\u00e9sar, pour tirer le portrait de L.A. Beaucoup de martyrs, peu de saints. Ni vraiment nouvelles ni vraiment roman, ses textes cinglants racontent une ville visc\u00e9ralement violente et compulsivement sexuelle - \u00e0 Los Angeles, l'ombre de Charles Bukowski n'est jamais loin.\r\nGuid\u00e9 par la figure d'un Virgile familier des Enfers, Fondation \u00ab chante les armes et l'homme \u00bb avec une po\u00e9sie et une ironie qui nous sauvent des recoins sombres de son oeuvre, cern\u00e9e de personnages dont la pers\u00e9v\u00e9rance finit par ressembler \u00e0 une ultime forme d'espoir. Des personnages qui semblent rejouer les mots de Samuel Beckett, \u00ab il faut continuer, je ne peux pas continuer, je vais continuer. \u00bb\r","authors":["Larry Fondation"],"category_codes":["1000000","1010000"],"visuals":{"large":"https:\/\/images.epagine.fr\/158\/9791092159158_1_75.jpg","medium":"https:\/\/images.epagine.fr\/158\/9791092159158_1_m.jpg","thumbnail":"https:\/\/images.epagine.fr\/158\/9791092159158_1_v.jpg"},"orderable":true,"show_badge":true,"formatted_price":"19,50&nbsp;\u20ac","formatted_published_date":"12 septembre 2018","publisher_availability_label":"Sur commande","short_details":"Larry Fondation \u2014 Tusitala","translator":"ROMAIN GUILLOU","weight":205,"page_count":176,"readership":null,"editor":"Tusitala","price":1950,"published_date":"2018-09-11T22:00:00.000000Z","support":"Grand format","publisher_availability":1,"stock":0,"editions":[],"url":"https:\/\/quaidesbrumes.com\/ouvrage\/9791092159158\/les-martyrs-et-les-saints"},{"id":"9782365695619","title":"L'\u00e9nigmatique Madame Dixon","description":"Florence Darrow veut \u00eatre \u00e9crivaine. Ou plut\u00f4t : Florence Darrow sera \u00e9crivaine, elle en est persuad\u00e9e. Chose plus simple \u00e0 dire qu'\u00e0 faire, et Florence peine \u00e0 trouver sa place dans le monde de l'\u00e9dition new-yorkaise. Quand on lui propose de devenir la nouvelle assistante de madame Dixon, l'autrice de Mississipi Foxtrot, le best-seller de l'ann\u00e9e, elle saute sur l'occasion.\r\nSeul petit d\u00e9tail, Madame Dixon refuse toute publicit\u00e9, Dixon est un pseudonyme et elle garde jalousement sa vraie identit\u00e9. En acceptant ce poste, Florence devra se plier \u00e0 toutes ses exigences, comme vivre isol\u00e9e dans sa maison \u00e0 la campagne et ne r\u00e9v\u00e9ler \u00e0 personne pour qui elle travaille.\r\n\r\nLa collaboration se passe bien, Florence est avide d'apprendre les ficelles du m\u00e9tier. Elle va m\u00eame accompagner la romanci\u00e8re en voyage au Maroc pour travailler sur son futur roman. L\u00e0-bas tout semble parfait : balades sur la plage, couchers de soleil magnifiques, soir\u00e9es enti\u00e8res pass\u00e9es \u00e0 discuter en buvant du whisky... Mais le r\u00eave tourne au cauchemar quand Florence se r\u00e9veille un matin dans un lit d'h\u00f4pital. Elle a apparemment surv\u00e9cu de peu \u00e0 un accident de voiture dont elle n'a que tr\u00e8s peu de souvenirs.\r\nQu'a-t-il pu lui arriver ? O\u00f9 est donc pass\u00e9e madame Dixon, qui \u00e9tait dans la voiture avec elle ? Tr\u00e8s vite, elle prend conscience qu'au lieu de rester dans l'ombre de la c\u00e9l\u00e8bre \u00e9crivaine, elle pourrait profiter de cette disparition pour se glisser dans la peau de l'\u00e9nigmatique madame Dixon. Et pourquoi pas lui emprunter son fameux pseudonyme...\r","authors":["Alexandra Andrews","Isabelle Maillet"],"category_codes":["1000000","1010000"],"visuals":{"large":"https:\/\/images.epagine.fr\/619\/9782365695619_1_75.jpg","medium":"https:\/\/images.epagine.fr\/619\/9782365695619_1_m.jpg","thumbnail":"https:\/\/images.epagine.fr\/619\/9782365695619_1_v.jpg"},"orderable":true,"show_badge":true,"formatted_price":"22,00&nbsp;\u20ac","formatted_published_date":"7 octobre 2021","publisher_availability_label":"Sur commande","short_details":"Alexandra Andrews, Isabelle Maillet \u2014 \u00c9ditions Les Escales","translator":"ISABELLE MAILLET","weight":502,"page_count":409,"readership":null,"editor":"\u00c9ditions Les Escales","price":2200,"published_date":"2021-10-06T22:00:00.000000Z","support":"Grand format","publisher_availability":1,"stock":0,"editions":[],"url":"https:\/\/quaidesbrumes.com\/ouvrage\/9782365695619\/lenigmatique-madame-dixon"},{"id":"9782020564793","title":"Le marin \u00e0 l'ancre","description":"Roland est clou\u00e9 sur son fauteuil roulant ; bernard, acteur, a \u00e9t\u00e9 marin et parcourt la plan\u00e8te.\r\n Pendant plusieurs ann\u00e9es, il a \u00e9crit \u00e0 son ami, le faisant ainsi participer \u00e0 ses aventures sportives, th\u00e9\u00e2trales, cin\u00e9matographiques et personnelles.\r\nCes lettres forment un r\u00e9cit qui m\u00eale les souvenirs du marin de dix-sept ans qui d\u00e9couvrait le monde aux r\u00e9flexions de l'homme qu'il est devenu. chronique d'une amiti\u00e9 sans pathos qui r\u00eavait d'une fugue aux marquises, elles nous r\u00e9v\u00e8lent un regard pr\u00e9cis et original servi par le style \u00e0 la fois brutal et lyrique d'un homme qui court par peur de tomber.","authors":["Bernard Giraudeau"],"category_codes":["1000000","1010000"],"visuals":{"large":"https:\/\/images.epagine.fr\/793\/9782020564793_1_75.jpg","medium":"https:\/\/images.epagine.fr\/793\/9782020564793_1_m.jpg","thumbnail":"https:\/\/images.epagine.fr\/793\/9782020564793_1_v.jpg"},"orderable":true,"show_badge":true,"formatted_price":"8,70&nbsp;\u20ac","formatted_published_date":"28 octobre 2010","publisher_availability_label":"Sur commande","short_details":"Bernard Giraudeau \u2014 Points","translator":null,"weight":160,"page_count":266,"readership":null,"editor":"Points","price":870,"published_date":"2010-10-27T22:00:00.000000Z","support":"Poche","publisher_availability":1,"stock":0,"editions":["9782864243892"],"url":"https:\/\/quaidesbrumes.com\/ouvrage\/9782020564793\/le-marin-a-lancre"},{"id":"9782940431410","title":"Aventures de l'Arm\u00e9e Rouge","description":"D\u00e9serteur de l'arm\u00e9e autrichienne pendant la Premi\u00e8re guerre mondiale, l'auteur du Brave soldat Chv\u00e9\u00efk a rejoint la L\u00e9gion tch\u00e8que compos\u00e9e de Tch\u00e8ques vivant en Russie en 1916, puis il est pass\u00e9 \u00e0 l'Arm\u00e9e rouge en 1918.\r\nCommissaire politique sur le front Est, il y a travaill\u00e9 aussi comme r\u00e9dacteur de deux journaux (de propagande, bien entendu).\r\nC'est cette p\u00e9riode de sa vie en pleine guerre civile russe qu'il raconte \u00e0 la premi\u00e8re personne dans Aventures dans l'Arm\u00e9e Rouge.\r\nNomm\u00e9 Gouverneur de la ville de Bougoulma (en pays tatare en Russie orientale), Ha\u0161ek d\u00e9crit des situations qu'il a v\u00e9cues, y campe des personnages qu'il a c\u00f4toy\u00e9s au sein de l'arm\u00e9e.\r\nFlanqu\u00e9 d'une escorte de douze Tchouvaches frustres dont personne necomprend la langue, il r\u00e9ussit \u00e0 s'installer \u00e0 Bougoulma.\r\nLorsqu'il apprend qu'un r\u00e9giment fr\u00e8re arrive aux portes de sa ville avec la mission de la prendre co\u00fbte que co\u00fbte, les probl\u00e8mes du camarade Ha\u0161ek, pourtant rus\u00e9 et d\u00e9brouillard, commencent.\r\nBien qu'il soit du m\u00eame camp, ce r\u00e9giment, men\u00e9 par Ierokhymov, finit naturellement par s'emparer de Bougoulma et par destituer Ha\u0161ek, qui ne se laisse pas faire.\r\nD'innombrables confusions s'en suivent, d'autant que le nouveau gouverneur se montre particuli\u00e8rement idiot.\r\nIerokhymov passe en effet son temps \u00e0 ordonner des b\u00eatises.\r\nA travers les p\u00e9rip\u00e9ties de son r\u00e9cit, Ha\u0161ek d\u00e9crit les rouages d'un m\u00e9canisme o\u00f9 l'arbitraire, la bureaucratie et les abus de toutes sortes s'inscrivent dans la continuit\u00e9 du tsarisme et pr\u00e9figurent le communisme.\r\nConsid\u00e9r\u00e9 comme un document exceptionnel, ce court r\u00e9cit loufoque et hilarant donne une peinture sans concession de la R\u00e9volution russe.\r\nC'est sans doute la raison pour laquelle il n'a \u00e9t\u00e9 publi\u00e9 sous forme de livre en Tch\u00e9coslovaquie qu'en 1966.\r","authors":["Jaroslav Hasek"],"category_codes":["1000000","1010000"],"visuals":{"large":"https:\/\/images.epagine.fr\/410\/9782940431410_1_75.jpg","medium":"https:\/\/images.epagine.fr\/410\/9782940431410_1_m.jpg","thumbnail":"https:\/\/images.epagine.fr\/410\/9782940431410_1_v.jpg"},"orderable":true,"show_badge":true,"formatted_price":"8,00&nbsp;\u20ac","formatted_published_date":"24 novembre 2015","publisher_availability_label":"Sur commande","short_details":"Jaroslav Hasek \u2014 La Baconni\u00e8re","translator":null,"weight":85,"page_count":90,"readership":null,"editor":"La Baconni\u00e8re","price":800,"published_date":"2015-11-23T23:00:00.000000Z","support":"Grand format","publisher_availability":1,"stock":0,"editions":[],"url":"https:\/\/quaidesbrumes.com\/ouvrage\/9782940431410\/aventures-de-larmee-rouge"},{"id":"9782844858719","title":"Le triste privil\u00e8ge ou une vie de conte de f\u00e9e","description":"Autobiographique, ce texte nous plonge dans les tr\u00e9fonds d'une \u00e2me voyageuse et tortur\u00e9e, dans le labyrinthe d'une conscience enfantine habit\u00e9e par la peur d'un ogre : le spectre de l'\u00e2ge adulte. C'est pourtant une enfance vol\u00e9e, voire viol\u00e9e, dont Laure rend compte de son \u00e9criture fragile et pudique. Plusieurs personnages se d\u00e9marquent : la terrible figure de la m\u00e8re, celle du p\u00e8re regrett\u00e9, la relation avec la fratrie ou Monsieur l'abb\u00e9, proche de la famille et aux moeurs douteuses... Elle finira par d\u00e9noncer ce dernier aupr\u00e8s de sa m\u00e8re : cet acte de d\u00e9livrance constitue un \"appel \u00e0 jeter de grands cris sur du papier\", cris de haine de la religion, de ses proches et de leurs attitudes, puis de la patrie qui tua son p\u00e8re et tant d'autres.\r\nDans cet \u00e9crit qui rel\u00e8ve autant du journal intime que de l'\u00e9lucubration fantasmatique, la narratrice d\u00e9ploie une prose \u00e9rotico-mystique, o\u00f9 le mal se r\u00e9v\u00e8le intrins\u00e8que \u00e0 la vie. Laure est celle qui a voulu vivre, sans \u00eatre uniquement un cerveau. Le Triste Privil\u00e8ge ou une vie de Conte de f\u00e9e est le r\u00e9cit d'une funambule dont l'\u00e9quilibre pr\u00e9caire effraie et captive le lecteur. Car de cette confession cathartique jaillissent beaut\u00e9, dr\u00f4lerie et, finalement, lueurs d'espoir.\r","authors":["Laure"],"category_codes":["1000000","1010000"],"visuals":{"large":"https:\/\/images.epagine.fr\/719\/9782844858719_1_75.jpg","medium":"https:\/\/images.epagine.fr\/719\/9782844858719_1_m.jpg","thumbnail":"https:\/\/images.epagine.fr\/719\/9782844858719_1_v.jpg"},"orderable":true,"show_badge":true,"formatted_price":"6,20&nbsp;\u20ac","formatted_published_date":"6 janvier 2015","publisher_availability_label":"Sur commande","short_details":"Laure \u2014 \u00c9ditions Allia","translator":null,"weight":68,"page_count":64,"readership":null,"editor":"\u00c9ditions Allia","price":620,"published_date":"2015-01-05T23:00:00.000000Z","support":"Poche","publisher_availability":1,"stock":0,"editions":[],"url":"https:\/\/quaidesbrumes.com\/ouvrage\/9782844858719\/le-triste-privilege-ou-une-vie-de-conte-de-fee"},{"id":"9782714311580","title":"L'eau de jouvence","description":null,"authors":["Sadegh Hedayat"],"category_codes":["1000000","1010000"],"visuals":{"large":"https:\/\/images.epagine.fr\/580\/9782714311580_1_75.jpg","medium":"https:\/\/images.epagine.fr\/580\/9782714311580_1_m.jpg","thumbnail":"https:\/\/images.epagine.fr\/580\/9782714311580_1_v.jpg"},"orderable":true,"show_badge":true,"formatted_price":"16,00&nbsp;\u20ac","formatted_published_date":"6 juillet 2015","publisher_availability_label":"Sur commande","short_details":"Sadegh Hedayat \u2014 \u00c9ditions Corti","translator":null,"weight":162,"page_count":null,"readership":null,"editor":"\u00c9ditions Corti","price":1600,"published_date":"2015-07-05T22:00:00.000000Z","support":"Grand format","publisher_availability":1,"stock":0,"editions":[],"url":"https:\/\/quaidesbrumes.com\/ouvrage\/9782714311580\/leau-de-jouvence"},{"id":"9782746762022","title":"Adieu Shanghai","description":"Alors que les grandes d\u00e9mocraties occidentales laissent, impassibles, Hitler pr\u00e9parer le g\u00e9nocide des Juifs, Shanghai, ville ouverte sous domination japonaise, demeure le seul port qui accueille encore des r\u00e9fugi\u00e9s fuyant les pers\u00e9cutions nazies. Ainsi, une vingtaine de milliers de juifs allemands et autrichiens, des intellectuels pour la plupart, ainsi que trois mille huit cents coreligionnaires ayant fui de justesse d'autres pays occup\u00e9s, se retrouvent dans cette ville, reconstruisant, comme ils le peuvent, dans le plus grand d\u00e9nuement. Entre r\u00e9cit historique et roman d'espionnage, l'auteur du Pentateuque ou les cinq livres d'Isaac et d'Abraham le Poivrot, cl\u00f4t ici sa trilogie consacr\u00e9e au destin des Juifs d'Europe durant le terrible XXe si\u00e8cle.","authors":["Angel Wagenstein","Veronika Nentcheva"],"category_codes":["1000000","1010000"],"visuals":{"large":"https:\/\/images.epagine.fr\/022\/9782746762022_1_75.jpg","medium":"https:\/\/images.epagine.fr\/022\/9782746762022_1_m.jpg","thumbnail":"https:\/\/images.epagine.fr\/022\/9782746762022_1_v.jpg"},"orderable":true,"show_badge":true,"formatted_price":"22,90&nbsp;\u20ac","formatted_published_date":"9 f\u00e9vrier 2022","publisher_availability_label":"Sur commande","short_details":"Angel Wagenstein, Veronika Nentcheva \u2014 Autrement","translator":"VERONIKA NENTCHEVA","weight":506,"page_count":526,"readership":null,"editor":"Autrement","price":2290,"published_date":"2022-02-08T23:00:00.000000Z","support":"Grand format","publisher_availability":1,"stock":0,"editions":[],"url":"https:\/\/quaidesbrumes.com\/ouvrage\/9782746762022\/adieu-shanghai"},{"id":"9782757839560","title":"Embrouille en Provence","description":"Quand le milliardaire fran\u00e7ais Francis Reboul vient jusqu'\u00e0 Los Angeles chercher Sam Levitt, le h\u00e9ros de Ch\u00e2teau l'Arnaque, pour lui proposer de s'associer avec lui, Sam est \u00e0 la fois tent\u00e9 et m\u00e9fiant : pourquoi l'homme \u00e0 qui il a vol\u00e9 pour plusieurs millions de grands crus lors de son dernier s\u00e9jour en France a-t-il d\u00e9cid\u00e9 de faire appel \u00e0 lui? Sam finit par accepter et se retrouve vite confront\u00e9 aux manoeuvres et intrigues de deux autres candidats en lice.","authors":["Peter Mayle","Jean Rosenthal"],"category_codes":["1000000","1010000"],"visuals":{"large":"https:\/\/images.epagine.fr\/560\/9782757839560_1_75.jpg","medium":"https:\/\/images.epagine.fr\/560\/9782757839560_1_m.jpg","thumbnail":"https:\/\/images.epagine.fr\/560\/9782757839560_1_v.jpg"},"orderable":true,"show_badge":true,"formatted_price":"6,70&nbsp;\u20ac","formatted_published_date":"21 mai 2014","publisher_availability_label":"Sur commande","short_details":"Peter Mayle, Jean Rosenthal \u2014 Points","translator":"JEAN ROSENTHAL","weight":140,"page_count":240,"readership":null,"editor":"Points","price":670,"published_date":"2014-05-20T22:00:00.000000Z","support":"Poche","publisher_availability":1,"stock":0,"editions":[],"url":"https:\/\/quaidesbrumes.com\/ouvrage\/9782757839560\/embrouille-en-provence"},{"id":"9782864327110","title":"Requiem pour un p\u00e8re","description":null,"authors":["Josef Winkler","Bernard Banoun"],"category_codes":["1000000","1010000"],"visuals":{"large":"https:\/\/images.epagine.fr\/110\/9782864327110_1_75.jpg","medium":"https:\/\/images.epagine.fr\/110\/9782864327110_1_m.jpg","thumbnail":"https:\/\/images.epagine.fr\/110\/9782864327110_1_v.jpg"},"orderable":true,"show_badge":true,"formatted_price":"18,00&nbsp;\u20ac","formatted_published_date":"10 janvier 2013","publisher_availability_label":"Sur commande","short_details":"Josef Winkler, Bernard Banoun \u2014 \u00c9ditions Verdier","translator":"BERNARD BANOUN","weight":186,"page_count":136,"readership":null,"editor":"\u00c9ditions Verdier","price":1800,"published_date":"2013-01-09T23:00:00.000000Z","support":"Grand format","publisher_availability":1,"stock":0,"editions":[],"url":"https:\/\/quaidesbrumes.com\/ouvrage\/9782864327110\/requiem-pour-un-pere"},{"id":"9782954237626","title":"Bidassoa : extrait de ramuntcho","description":null,"authors":["Pierre Loti"],"category_codes":["1000000","1010000"],"visuals":{"large":"https:\/\/quaidesbrumes.com\/img\/book-placeholder.png","medium":"https:\/\/quaidesbrumes.com\/img\/book-placeholder.png","thumbnail":"https:\/\/quaidesbrumes.com\/img\/book-placeholder.png"},"orderable":true,"show_badge":true,"formatted_price":"9,00&nbsp;\u20ac","formatted_published_date":"1er juin 2012","publisher_availability_label":"Sur commande","short_details":"Pierre Loti \u2014 LES PETITES ALLEES","translator":null,"weight":24,"page_count":null,"readership":null,"editor":"LES PETITES ALLEES","price":900,"published_date":"2012-05-31T22:00:00.000000Z","support":"Grand format","publisher_availability":1,"stock":0,"editions":[],"url":"https:\/\/quaidesbrumes.com\/ouvrage\/9782954237626\/bidassoa-extrait-de-ramuntcho"},{"id":"9782234071728","title":"Un repas en hiver","description":"Dans ce nouveau roman, Hubert Mingarelli met en sc\u00e8ne des soldats d'une compagnie isol\u00e9e en Pologne, dont la mission est impossible. Soit ils participent chaque jour aux ex\u00e9cutions sommaires, soit ils sont envoy\u00e9s dans la campagne alentour pour en ramener \u00ab un \u00bb, c'est-\u00e0-dire un Juif, qu'ils devront ensuite livrer \u00e0 leur sup\u00e9rieur et donc \u00e0 la mort.\r\nTrois hommes, las des fusillades, prennent la route un matin, et avancent p\u00e9niblement dans la neige, le ventre vide et les pens\u00e9es tourn\u00e9es vers leur vie civile, sans autre choix que de prendre part \u00e0 une chasse \u00e0 l'homme \u00e0 laquelle ils ne croient pas.\r\nCe jour-l\u00e0, ils d\u00e9busquent presque malgr\u00e9 eux un Juif cach\u00e9 dans la for\u00eat et, soucieux de se nourrir et de retarder leur retour au camp, ils vont proc\u00e9der dans une maison abandonn\u00e9e \u00e0 la laborieuse pr\u00e9paration d'un repas avec le peu de vivres dont ils disposent. Les hommes doivent trouver de quoi faire du feu et r\u00e9ussir \u00e0 porter \u00e0 \u00e9bullition une casserole d'eau. Ils en viennent \u00e0 br\u00fbler le banc sur lequel ils sont assis, ainsi que la porte derri\u00e8re laquelle ils ont isol\u00e9 le Juif. Le tour de force d'Hubert Mingarelli constitue \u00e0 mettre autour d'une table trois soldats allemands, un jeune Juif et un Polonais de passage dont l'antis\u00e9mitisme affich\u00e9 va, contre toute attente, r\u00e9veiller chez les soldats un sentiment de fraternit\u00e9 vis-\u00e0-vis de leur proie.\r\nSe posent alors des questions monstrueuses : Faut-il proposer au Juif de manger ? Et, une fois le repas partag\u00e9, faut-il le ramener ou le lib\u00e9rer ?\r\nC'est ici qu'Hubert Mingarelli, dans son style sobre et pr\u00e9cis, met le lecteur face \u00e0 sa conscience et la logique meurtri\u00e8re \u00e0 laquelle sont soumis ces hommes. En convoquant la peur, la raison, l'espoir, la folie et l'humanit\u00e9 contenus en chacun d'entre nous.\r","authors":["Hubert Mingarelli"],"category_codes":["1000000","1010000"],"visuals":{"large":"https:\/\/images.epagine.fr\/728\/9782234071728_1_75.jpg","medium":"https:\/\/images.epagine.fr\/728\/9782234071728_1_m.jpg","thumbnail":"https:\/\/images.epagine.fr\/728\/9782234071728_1_v.jpg"},"orderable":true,"show_badge":true,"formatted_price":"19,00&nbsp;\u20ac","formatted_published_date":"22 ao\u00fbt 2012","publisher_availability_label":"Sur commande","short_details":"Hubert Mingarelli \u2014 Stock","translator":null,"weight":210,"page_count":144,"readership":null,"editor":"Stock","price":1900,"published_date":"2012-08-21T22:00:00.000000Z","support":"Grand format","publisher_availability":1,"stock":0,"editions":[],"url":"https:\/\/quaidesbrumes.com\/ouvrage\/9782234071728\/un-repas-en-hiver"},{"id":"9782369143567","title":"Fils du soleil","description":null,"authors":["Jack London"],"category_codes":["1000000","1010000"],"visuals":{"large":"https:\/\/images.epagine.fr\/567\/9782369143567_1_75.jpg","medium":"https:\/\/images.epagine.fr\/567\/9782369143567_1_m.jpg","thumbnail":"https:\/\/images.epagine.fr\/567\/9782369143567_1_v.jpg"},"orderable":true,"show_badge":true,"formatted_price":"9,10&nbsp;\u20ac","formatted_published_date":"11 novembre 2016","publisher_availability_label":"Sur commande","short_details":"Jack London \u2014 Libretto","translator":null,"weight":199,"page_count":null,"readership":null,"editor":"Libretto","price":910,"published_date":"2016-11-10T23:00:00.000000Z","support":"Grand format","publisher_availability":1,"stock":0,"editions":[],"url":"https:\/\/quaidesbrumes.com\/ouvrage\/9782369143567\/fils-du-soleil"},{"id":"9782070468850","title":"L'oubli","description":"\u00abJe m'appelle Alma et je n'ai pas connu la guerre. J'ai grandi en \u00e9coutant Daft Punk, en buvant du Coca-Cola et en jouant \u00e0 des jeux vid\u00e9o sur la Playstation 2. Un jour, j'ai appris que mon grand-p\u00e8re avait fui la Pologne quelques ann\u00e9es avant la Seconde Guerre mondiale, avant la Shoah. Ce mot m'a longtemps agac\u00e9e : son c\u00f4t\u00e9 spectaculaire. Mais vendredi soir, quand je me suis retrouv\u00e9e face \u00e0 la petite-fille d'Adolf Eichmann et qu'elle n'arrivait pas \u00e0 se rem\u00e9morer le nom du camp d'Auschwitz, j'ai ressenti comme une douleur - elle a dur\u00e9 quelques secondes. Je me suis rappel\u00e9 l'exergue de Si c'est un homme de Primo Levi : \"N'oubliez pas que cela fut, non, ne l'oubliez pas\" ; je crois que je veux faire exactement le contraire. Oublier tout.\u00bb","authors":["Frederika Amalia Finkelstein"],"category_codes":["1000000","1010000"],"visuals":{"large":"https:\/\/images.epagine.fr\/850\/9782070468850_1_75.jpg","medium":"https:\/\/images.epagine.fr\/850\/9782070468850_1_m.jpg","thumbnail":"https:\/\/images.epagine.fr\/850\/9782070468850_1_v.jpg"},"orderable":true,"show_badge":true,"formatted_price":"8,10&nbsp;\u20ac","formatted_published_date":"8 septembre 2016","publisher_availability_label":"Sur commande","short_details":"Frederika Amalia Finkelstein \u2014 Folio","translator":null,"weight":126,"page_count":192,"readership":null,"editor":"Folio","price":810,"published_date":"2016-09-07T22:00:00.000000Z","support":"Poche","publisher_availability":1,"stock":0,"editions":["9782070146505"],"url":"https:\/\/quaidesbrumes.com\/ouvrage\/9782070468850\/loubli"},{"id":"9782708710290","title":"Les interpr\u00e8tes","description":null,"authors":["Wole Soyinka"],"category_codes":["1000000","1010000"],"visuals":{"large":"https:\/\/images.epagine.fr\/290\/9782708710290_1_75.jpg","medium":"https:\/\/images.epagine.fr\/290\/9782708710290_1_m.jpg","thumbnail":"https:\/\/images.epagine.fr\/290\/9782708710290_1_v.jpg"},"orderable":true,"show_badge":true,"formatted_price":"15,00&nbsp;\u20ac","formatted_published_date":"10 octobre 2023","publisher_availability_label":"Sur commande","short_details":"Wole Soyinka \u2014 PRESENCE AFRICAINE","translator":null,"weight":250,"page_count":414,"readership":null,"editor":"PRESENCE AFRICAINE","price":1500,"published_date":"2023-10-09T22:00:00.000000Z","support":"Grand format","publisher_availability":1,"stock":0,"editions":[],"url":"https:\/\/quaidesbrumes.com\/ouvrage\/9782708710290\/les-interpretes"},{"id":"9782958310547","title":"Histoires Jamais Entendues dans une maison de th\u00e9 au N\u00e9pal","description":"Les maisons de th\u00e9 n\u00e9palaises jouent depuis toujours leur r\u00f4le de refuges pour s'abriter de rigueurs climatiques, mais aussi de lieux conviviaux o\u00f9 se c\u00f4toient locaux et touristes. Ici, autour du po\u00eale central, chacun raconte son histoire, entre l\u00e9gende et r\u00e9alit\u00e9. Alors installez-vous confortablement, laissez-vous emporter, votre tasse en main et, comme on dit l\u00e0-bas, \u00ab Ch\u00eeyars! \u00bb ","authors":["Sherpa Yeh-Peh"],"category_codes":["1000000","1010000","1010100"],"visuals":{"large":"https:\/\/images.epagine.fr\/547\/9782958310547_1_75.jpg","medium":"https:\/\/images.epagine.fr\/547\/9782958310547_1_m.jpg","thumbnail":"https:\/\/images.epagine.fr\/547\/9782958310547_1_v.jpg"},"orderable":true,"show_badge":true,"formatted_price":"11,90&nbsp;\u20ac","formatted_published_date":"1er janvier 2022","publisher_availability_label":"Sur commande","short_details":"Sherpa Yeh-Peh \u2014 Histoires Jamais Entendues","translator":null,"weight":301,"page_count":164,"readership":null,"editor":"Histoires Jamais Entendues","price":1190,"published_date":"2021-12-31T23:00:00.000000Z","support":"Poche","publisher_availability":1,"stock":0,"editions":[],"url":"https:\/\/quaidesbrumes.com\/ouvrage\/9782958310547\/histoires-jamais-entendues-dans-une-maison-de-the-au-nepal"},{"id":"9782072761331","title":"L'enfant roman","description":"\u00abClara poss\u00e8de un autre langage. Subtil et impalpable, elle lit chez l'autre les bruissements du coeur.\u00bb  Violette et Baptiste sont r\u00eaveurs, pleins d'espoir en l'avenir. Le b\u00e9b\u00e9 \u00e0 na\u00eetre est une promesse de bonheur. L'arriv\u00e9e de Clara viendra pourtant faire vaciller leurs certitudes. Confront\u00e9s au handicap de leur petite fille, les jeunes parents abandonnent pr\u00e9cipitamment leur innocence. Tandis que le monde ext\u00e9rieur pointe du doigt la diff\u00e9rence de leur enfant, le couple r\u00e9invente l'amour \u00e0 sa fa\u00e7on et se red\u00e9couvre. \r\n\r\nD'une \u00e9criture pudique et pr\u00e9cautionneuse, L'enfant roman \u00e9voque l'\u00e9croulement d'un monde, la perte totale de rep\u00e8res, mais est aussi le r\u00e9cit d'une reconstruction familiale unique.","authors":["Fabienne Thomas"],"category_codes":["1000000","1010000"],"visuals":{"large":"https:\/\/images.epagine.fr\/331\/9782072761331_1_75.jpg","medium":"https:\/\/images.epagine.fr\/331\/9782072761331_1_m.jpg","thumbnail":"https:\/\/images.epagine.fr\/331\/9782072761331_1_v.jpg"},"orderable":true,"show_badge":true,"formatted_price":"8,10&nbsp;\u20ac","formatted_published_date":"30 ao\u00fbt 2018","publisher_availability_label":"Sur commande","short_details":"Fabienne Thomas \u2014 Folio","translator":null,"weight":114,"page_count":176,"readership":null,"editor":"Folio","price":810,"published_date":"2018-08-29T22:00:00.000000Z","support":"Poche","publisher_availability":1,"stock":0,"editions":["9782918471226","9782918471837"],"url":"https:\/\/quaidesbrumes.com\/ouvrage\/9782072761331\/lenfant-roman"},{"id":"9782752909503","title":"Profondeurs glac\u00e9es","description":"\u00ab Deux ann\u00e9es se sont \u00e9coul\u00e9es depuis que les explorateurs partis d'Angleterre \u00e0 la recherche d'un passage au nord-ouest ont dit au revoir \u00e0 leur pays natal et au monde civilis\u00e9. L'entreprise a \u00e9chou\u00e9. L'exp\u00e9dition arctique s'est perdue au milieu des glaces des mers polaires. Les excellents navires Wanderer et Sea-Mew, ensevelis dans ces vastes solitudes, ne sillonneront jamais plus les flots. \u00bb.\r\n\r\nApr\u00e8s un terrible hivernage au milieu de l'oc\u00e9an gel\u00e9, un \u00e9quipage parti en 1845 et men\u00e9 par Sir John Franklin est d\u00e9cim\u00e9 par la faim et le froid. Dans cette longue nouvelle, \u00e0 l'origine une pi\u00e8ce de th\u00e9\u00e2tre \u00e9crite avec Charles Dickens, William Wilkie Collins livre le r\u00e9cit de ces gentlemen anglais soumis aux imp\u00e9ratifs de la survie et r\u00e9v\u00e8le les profondeurs glac\u00e9es de l'\u00e2me humaine.","authors":["Wilkie Collins","Camille Cendrey"],"category_codes":["1000000","1010000"],"visuals":{"large":"https:\/\/images.epagine.fr\/503\/9782752909503_1_75.jpg","medium":"https:\/\/images.epagine.fr\/503\/9782752909503_1_m.jpg","thumbnail":"https:\/\/images.epagine.fr\/503\/9782752909503_1_v.jpg"},"orderable":true,"show_badge":true,"formatted_price":"8,10&nbsp;\u20ac","formatted_published_date":"7 d\u00e9cembre 2012","publisher_availability_label":"Sur commande","short_details":"Wilkie Collins, Camille Cendrey \u2014 Libretto","translator":"CAMILLE CENDREY","weight":142,"page_count":160,"readership":null,"editor":"Libretto","price":810,"published_date":"2012-12-06T23:00:00.000000Z","support":"Grand format","publisher_availability":1,"stock":0,"editions":[],"url":"https:\/\/quaidesbrumes.com\/ouvrage\/9782752909503\/profondeurs-glacees"},{"id":"9782913886872","title":"La journ\u00e9e d'un neurasth\u00e9nique","description":null,"authors":["Dino Campana"],"category_codes":["1000000","1010000"],"visuals":{"large":"https:\/\/images.epagine.fr\/872\/9782913886872_1_75.jpg","medium":"https:\/\/images.epagine.fr\/872\/9782913886872_1_m.jpg","thumbnail":"https:\/\/images.epagine.fr\/872\/9782913886872_1_v.jpg"},"orderable":true,"show_badge":true,"formatted_price":"10,00&nbsp;\u20ac","formatted_published_date":"10 d\u00e9cembre 2012","publisher_availability_label":"Sur commande","short_details":"Dino Campana \u2014 Harpo & Editions","translator":null,"weight":100,"page_count":24,"readership":null,"editor":"Harpo & Editions","price":1000,"published_date":"2012-12-09T23:00:00.000000Z","support":"Grand format","publisher_availability":1,"stock":0,"editions":[],"url":"https:\/\/quaidesbrumes.com\/ouvrage\/9782913886872\/la-journee-dun-neurasthenique"}]}