{"data":[{"id":"9782953968446","title":"Comme le temps passe Tome 2 ; Carole la mongole","description":"En ce mois de d\u00e9cembre 2008, Carole, accabl\u00e9e par le d\u00e9part brutal d'Olivier, entame une longue et calamiteuse descente aux enfers, d'autant plus qu'il lui est impossible d'effacer les douleurs et les mensonges mis en lumi\u00e8re par l'enqu\u00eate qu'elle a men\u00e9e avec son compagnon. Il va falloir r\u00e9apprendre \u00e0 vivre apr\u00e8s ce long \u00e9t\u00e9. Elle d\u00e9cide de partir.\r\nL'auteur la conduit au travers de p\u00e9rip\u00e9ties nombreuses, donnant \u00e0 son ouvrage des allures de conte en raison de la diversit\u00e9, de l'originalit\u00e9 et de la richesse des aventures et des rencontres. L'int\u00e9r\u00eat du lecteur est relanc\u00e9 r\u00e9guli\u00e8rement par la grande force de caract\u00e8re et l'app\u00e9tit de vivre tr\u00e8s tonifiant de la jeune femme.\r\nCarole ou la Mongole blanche est la suite de La Dame de Marvejols et reprend les th\u00e8mes chers \u00e0 Camille Valleix : humanisme, g\u00e9n\u00e9rosit\u00e9, recherche et questionnement philosophiques et religieux. Dans ce roman comme dans les pr\u00e9c\u00e9dents, le personnage se fait mat\u00e9riel d'exp\u00e9rience, essaie d'atteindre la sagesse gr\u00e2ce \u00e0 ses apprentissages et aux enseignements qu'il tire de ses p\u00e9riples.\r\n\r\nCamille Valleix a \u00e9t\u00e9 successivement officier de marine, restaurateur, cr\u00e9ateur d'un centre de formation, consultant international, directeur - fondateur d'un cabinet de conseil, de formation et de coaching, enseignant dans les grandes \u00e9coles de commerce.\r\nD'une curiosit\u00e9 insatiable, il est all\u00e9 \u00e0 la rencontre des personnes et a toujours cherch\u00e9 \u00e0 comprendre la marche du monde comme les relations entre les hommes et les groupes humains. Dans une \u00e9ni\u00e8me vie, il s'attache \u00e0 transmettre par l'\u00e9crit ce qu'il a exp\u00e9riment\u00e9 et appris.\r","authors":["Camille Valleix"],"category_codes":["1000000","1010000"],"visuals":{"large":"https:\/\/images.epagine.fr\/446\/9782953968446_1_75.jpg","medium":"https:\/\/images.epagine.fr\/446\/9782953968446_1_m.jpg","thumbnail":"https:\/\/images.epagine.fr\/446\/9782953968446_1_v.jpg"},"orderable":true,"show_badge":true,"formatted_price":"20,00&nbsp;\u20ac","formatted_published_date":"10 d\u00e9cembre 2012","publisher_availability_label":"Sur commande","short_details":"Camille Valleix \u2014 Valeurs D'Avenir","translator":null,"weight":310,"page_count":288,"readership":null,"editor":"Valeurs D'Avenir","price":2000,"published_date":"2012-12-09T23:00:00.000000Z","support":"Grand format","publisher_availability":1,"stock":0,"editions":[],"url":"https:\/\/quaidesbrumes.com\/ouvrage\/9782953968446\/comme-le-temps-passe-tome-2-carole-la-mongole"},{"id":"9782081306479","title":"R\u00e9cits de la maison des morts","description":"R\u00e9cits consacr\u00e9s au syst\u00e8me p\u00e9nitentiaire \u00e0 l'\u00e9poque des tsars, que l'auteur a \u00e9crit apr\u00e8s cinq ans de mauvais traitements dans un bagne. Avec un questionnaire auquel a r\u00e9pondu l'\u00e9crivain J. Ferrari.\r","authors":["Fedor Dosto\u00efevski","Pierre Pascal"],"category_codes":["1000000","1010000"],"visuals":{"large":"https:\/\/images.epagine.fr\/479\/9782081306479_1_75.jpg","medium":"https:\/\/images.epagine.fr\/479\/9782081306479_1_m.jpg","thumbnail":"https:\/\/images.epagine.fr\/479\/9782081306479_1_v.jpg"},"orderable":true,"show_badge":true,"formatted_price":"8,00&nbsp;\u20ac","formatted_published_date":"8 janvier 2014","publisher_availability_label":"Sur commande","short_details":"Fedor Dosto\u00efevski, Pierre Pascal \u2014 Flammarion","translator":"PIERRE PASCAL","weight":307,"page_count":456,"readership":null,"editor":"Flammarion","price":800,"published_date":"2014-01-07T23:00:00.000000Z","support":"Poche","publisher_availability":1,"stock":0,"editions":[],"url":"https:\/\/quaidesbrumes.com\/ouvrage\/9782081306479\/recits-de-la-maison-des-morts"},{"id":"9782952154871","title":"Pouvez-vous prouver que vous n'\u00eates pas un escargot ?","description":"Apr\u00e8s le formidable accueil r\u00e9serv\u00e9 \u00e0 pour planter des arbres au jardin des autres, premier recueil de portraits, gilbert l\u00e9autier nous ram\u00e8ne avec po\u00e9sie, humour et tendresse \u00e0 la beaut\u00e9 mais aussi \u00e0 la rudesse des c\u00e9vennes.\r\n Tragiques ou gaies, parfois personnelles, toujours \u00e9mouvantes, ces histoires racontent un pays avec ce style cisel\u00e9 et ce ton inimitable, juste et sensible, qui font la force et le charme de l'\u00e9criture de gilbert l\u00e9autier.\r","authors":["Gilbert L\u00e9autier"],"category_codes":["1000000","1010000"],"visuals":{"large":"https:\/\/images.epagine.fr\/871\/9782952154871_1_75.jpg","medium":"https:\/\/images.epagine.fr\/871\/9782952154871_1_m.jpg","thumbnail":"https:\/\/images.epagine.fr\/871\/9782952154871_1_v.jpg"},"orderable":true,"show_badge":true,"formatted_price":"10,00&nbsp;\u20ac","formatted_published_date":"25 avril 2008","publisher_availability_label":"Sur commande","short_details":"Gilbert L\u00e9autier \u2014 Alcide","translator":null,"weight":126,"page_count":125,"readership":null,"editor":"Alcide","price":1000,"published_date":"2008-04-24T22:00:00.000000Z","support":"Grand format","publisher_availability":1,"stock":0,"editions":[],"url":"https:\/\/quaidesbrumes.com\/ouvrage\/9782952154871\/pouvez-vous-prouver-que-vous-netes-pas-un-escargot"},{"id":"9782070462070","title":"La petite et le vieux","description":"\u00abCertaines nuits, j'\u00e9tais tenaill\u00e9e par d'horribles crampes aux mollets, et l\u00e0, pas de Roger possible. Et quand ma carapace d'h\u00e9ro\u00efne se fissurait de partout comme un hublot de sous-marin plong\u00e9 \u00e0 des profondeurs abyssales, il y avait maman. Je me projetais sur un champ de bataille, la jambe en charpie, les fourmis qui la rongeaient dans mon lit devenant du sang qui se r\u00e9pandait en me br\u00fblant la chair. Il ne fallait pas crier ni geindre, rien. Endurer en silence pour faire honneur \u00e0 la compagnie. Avaler la douleur pour m'en trouver grandie.\u00bb  Elle se fait appeler Joe. Elle aimerait vivre au XVIIIe si\u00e8cle car elle a l'\u00e2me romantique et le go\u00fbt pour les drames. Elle vit dans un quartier peupl\u00e9 de gens caboss\u00e9s par la vie. Le plus \u00e9trange est son nouveau voisin, M. Roger, un vieil homme aux dons chamaniques qui passe son temps \u00e0 jurer comme un charretier tout en attendant sa derni\u00e8re heure. \r\n\r\nUn roman r\u00e9jouissant sur l'amiti\u00e9 et les d\u00e9sillusions de l'enfance.","authors":["Marie-Ren\u00e9e Lavoie"],"category_codes":["1000000","1010000"],"visuals":{"large":"https:\/\/images.epagine.fr\/070\/9782070462070_1_75.jpg","medium":"https:\/\/images.epagine.fr\/070\/9782070462070_1_m.jpg","thumbnail":"https:\/\/images.epagine.fr\/070\/9782070462070_1_v.jpg"},"orderable":true,"show_badge":true,"formatted_price":"9,20&nbsp;\u20ac","formatted_published_date":"20 juillet 2015","publisher_availability_label":"Sur commande","short_details":"Marie-Ren\u00e9e Lavoie \u2014 Folio","translator":null,"weight":179,"page_count":288,"readership":null,"editor":"Folio","price":920,"published_date":"2015-07-19T22:00:00.000000Z","support":"Poche","publisher_availability":1,"stock":0,"editions":["9782897725396"],"url":"https:\/\/quaidesbrumes.com\/ouvrage\/9782070462070\/la-petite-et-le-vieux"},{"id":"9789973580726","title":"Plein \u00e9t\u00e9","description":"\" Le ciel est absolument blanc dans ma t\u00eate, et je crois que je dois repeindre ma vie \u00e0 la chaux, comme apr\u00e8s l'hiver, pour mieux voir les couleurs. Battre les cartes, couper, distribuer et commencer \u00e0 jouer. Regarder dans les coins, derri\u00e8re les choses, entre les feuilles, avec cette unique r\u00e8gle que je voudrais maintenant me donner : courir dans tous les \u00e9t\u00e9s de ma vie, jusqu'\u00e0 retrouver ce que j'ai cach\u00e9. \" De Carthage \u00e0 la Villa Busini en Toscane,  Colette Fellous fait \" le tour de sa m\u00e9moire, comme on ferait le tour des plages \", et nous invite \u00e0 c\u00e9l\u00e9brer avec elle le Plein \u00e9t\u00e9, dans un voyage intime, presque une danse. \r\n\r\nUn \u00e9crivain rare qui poss\u00e8de une \u00e9criture po\u00e9tique tr\u00e8s personnelle, pleine de tendresse et d'humour, avec des silences qui nous laissent suspendus entre deux \u00e9poques.  Le Nouvel Observateur\r","authors":["Colette Fellous"],"category_codes":["1000000","1010000"],"visuals":{"large":"https:\/\/images.epagine.fr\/726\/9789973580726_1_75.jpg","medium":"https:\/\/images.epagine.fr\/726\/9789973580726_1_m.jpg","thumbnail":"https:\/\/images.epagine.fr\/726\/9789973580726_1_v.jpg"},"orderable":true,"show_badge":true,"formatted_price":"9,60&nbsp;\u20ac","formatted_published_date":"31 mai 2014","publisher_availability_label":"Sur commande","short_details":"Colette Fellous \u2014 \u00c9ditions Elyzad","translator":null,"weight":160,"page_count":288,"readership":null,"editor":"\u00c9ditions Elyzad","price":960,"published_date":"2014-05-30T22:00:00.000000Z","support":"Poche","publisher_availability":1,"stock":0,"editions":["9782070780921"],"url":"https:\/\/quaidesbrumes.com\/ouvrage\/9789973580726\/plein-ete"},{"id":"9782253126126","title":"Nous vieillirons ensemble","description":"Dans la maison de retraite des B\u00e9gonias, en banlieue parisienne, la vie s'\u00e9coule entre joie et souffrance, amiti\u00e9 et solitude, maladie et vie. Immersion insolite et bouleversante dans cet univers singulier o\u00f9 se croisent Josy l'auxiliaire de vie cartomancienne, Louise et ses 92 ans de souvenirs, Robert couvant Th\u00e9r\u00e8se d'un regard plein d'espoirs, Christiane l'infirmi\u00e8re de jour, un faux capitaine Dreyfus et ses voyages imaginaires, Genevi\u00e8ve, l'\u00e9pouse volage qui a perdu la t\u00eate et pris son mari pour amant...","authors":["Camille de Peretti"],"category_codes":["1000000","1010000"],"visuals":{"large":"https:\/\/images.epagine.fr\/126\/9782253126126_1_75.jpg","medium":"https:\/\/images.epagine.fr\/126\/9782253126126_1_m.jpg","thumbnail":"https:\/\/images.epagine.fr\/126\/9782253126126_1_v.jpg"},"orderable":true,"show_badge":true,"formatted_price":"8,90&nbsp;\u20ac","formatted_published_date":"24 juin 2009","publisher_availability_label":"Sur commande","short_details":"Camille de Peretti \u2014 Le Livre de Poche","translator":null,"weight":172,"page_count":320,"readership":null,"editor":"Le Livre de Poche","price":890,"published_date":"2009-06-23T22:00:00.000000Z","support":"Poche","publisher_availability":1,"stock":0,"editions":[],"url":"https:\/\/quaidesbrumes.com\/ouvrage\/9782253126126\/nous-vieillirons-ensemble"},{"id":"9782253124375","title":"La fille perdue","description":"Alvina, une jeune fille de bonne famille d\u00e9sargent\u00e9e, d\u00e9couvre l'amour entre les bras d'un Italien, beau mais un peu fruste. Au m\u00e9pris de toutes les conventions, elle le suit dans son pays. Perdue pour la morale, perdue dans un monde primitif dont elle n'a pas les cl\u00e9s, Alvina se d\u00e9couvre elle-m\u00eame.\r\nPeinture au vitriol de la soci\u00e9t\u00e9 de province, fresque historique de l'Angleterre et de l'Italie au seuil de la Premi\u00e8re Guerre mondiale, hymne \u00e0 l'amour charnel et \u00e0 l'instinct vital : trois motifs qui s'entrem\u00ealent ici dans un r\u00e9cit vigoureux, d'une fra\u00eecheur d\u00e9concertante. Par l'auteur de L'Amant de Lady Chatterley.","authors":["David Herbert Lawrence"],"category_codes":["1000000","1010000"],"visuals":{"large":"https:\/\/images.epagine.fr\/375\/9782253124375_1_75.jpg","medium":"https:\/\/images.epagine.fr\/375\/9782253124375_1_m.jpg","thumbnail":"https:\/\/images.epagine.fr\/375\/9782253124375_1_v.jpg"},"orderable":true,"show_badge":true,"formatted_price":"9,70&nbsp;\u20ac","formatted_published_date":"28 janvier 2009","publisher_availability_label":"Sur commande","short_details":"David Herbert Lawrence \u2014 Le Livre de Poche","translator":null,"weight":272,"page_count":542,"readership":null,"editor":"Le Livre de Poche","price":970,"published_date":"2009-01-27T23:00:00.000000Z","support":"Poche","publisher_availability":1,"stock":0,"editions":["9782723308557","9782213631394"],"url":"https:\/\/quaidesbrumes.com\/ouvrage\/9782253124375\/la-fille-perdue"},{"id":"9782207160497","title":"Lettres d'une vie","description":"Les lettres d'un grand \u00e9crivain racontent une vie qui s'\u00e9crit en parall\u00e8le de son oeuvre. Celles d'Ir\u00e8ne N\u00e9mirovsky esquissent d'abord le portrait d'une jeune fille passionn\u00e9e qui d\u00e9couvre l'ivresse des premiers flirts et la joie des \u00e9tudes \u00e0 la Sorbonne. Puis se dessine un portrait plus affirm\u00e9, celui d'une femme brillante, soucieuse et d\u00e9termin\u00e9e, qui deviendra la romanci\u00e8re accomplie du Bal et de David Golder. Ce sont ses \u00e9changes avec son \u00abcher Ma\u00eetre\u00bb, Gaston Ch\u00e9rau, avec ses \u00e9diteurs aussi, parmi les plus grands, Bernard Grasset, Andr\u00e9 Sabatier, Albin Michel, ou encore avec les auteurs de son temps - Henry Bernstein, Jacques-\u00c9mile Blanche, Henri de R\u00e9gnier, Gabriel Marcel, Jacques Chardonne.Il y est question d'\u00e9criture, bien s\u00fbr, de livres, de cin\u00e9ma, mais aussi des petits riens du quotidien. \u00c0 partir de 1938, le ton se fait moins l\u00e9ger, jusqu'en juillet 1942 o\u00f9 la correspondance s'interrompt brusquement suite \u00e0 l'arrestation tragique d'Ir\u00e8ne N\u00e9mirovsky. Ce sont alors les proches, amis, \u00e9diteurs, admirateurs qui prennent la plume, cherchant d\u00e9sesp\u00e9r\u00e9ment \u00e0 la sauver et \u00e0 faire vivre ses textes.\r","authors":["Ir\u00e8ne N\u00e9mirovsky","Olivier Philipponnat"],"category_codes":["1000000","1010000"],"visuals":{"large":"https:\/\/images.epagine.fr\/497\/9782207160497_1_75.jpg","medium":"https:\/\/images.epagine.fr\/497\/9782207160497_1_m.jpg","thumbnail":"https:\/\/images.epagine.fr\/497\/9782207160497_1_v.jpg"},"orderable":true,"show_badge":true,"formatted_price":"22,00&nbsp;\u20ac","formatted_published_date":"13 octobre 2021","publisher_availability_label":"Sur commande","short_details":"Ir\u00e8ne N\u00e9mirovsky, Olivier Philipponnat \u2014 \u00c9ditions Deno\u00ebl","translator":null,"weight":524,"page_count":544,"readership":null,"editor":"\u00c9ditions Deno\u00ebl","price":2200,"published_date":"2021-10-12T22:00:00.000000Z","support":"Grand format","publisher_availability":1,"stock":0,"editions":[],"url":"https:\/\/quaidesbrumes.com\/ouvrage\/9782207160497\/lettres-dune-vie"},{"id":"9782844857644","title":"Histoire de France ; \u00e0 notre ch\u00e8re disparue","description":"Nous sommes au d\u00e9but du XXe si\u00e8cle, quand les \u00e9lans de la modernit\u00e9 promettaient de modifi er \u00e0 jamais les consciences. La s\u00e9paration de l'\u00c9glise et de l'\u00c9tat est d\u00e9j\u00e0 consomm\u00e9e. \u00c9merge une \u00e9cole la\u00efque et gratuite. Une fi gure h\u00e9ro\u00efque se d\u00e9tache alors : celle de l'instituteur. Il apprend \u00e0 lire et \u00e0 compter, ce qui est bien plus utile que la pri\u00e8re. Mais il inculque aussi les bonnes mani\u00e8res, la fa\u00e7on de se comporter \u00e0 table ou avec la gent f\u00e9minine. Et l'on rit. Jaune, certes, mais l'on rit. De notre chauvinisme, surtout. L'\u00e9ducation civique enseigne avant tout l'amour de la patrie. L'\u00e9l\u00e8ve, sans doute t\u00eate de classe, a parfaitement bien appris sa le\u00e7on d'histoire, par le prisme des id\u00e9aux du ma\u00eetre, propagandiste intarissable du progr\u00e8s.\r","authors":["Patrik Ourednik"],"category_codes":["1000000","1010000"],"visuals":{"large":"https:\/\/images.epagine.fr\/644\/9782844857644_1_75.jpg","medium":"https:\/\/images.epagine.fr\/644\/9782844857644_1_m.jpg","thumbnail":"https:\/\/images.epagine.fr\/644\/9782844857644_1_v.jpg"},"orderable":true,"show_badge":true,"formatted_price":"6,20&nbsp;\u20ac","formatted_published_date":"6 f\u00e9vrier 2014","publisher_availability_label":"Sur commande","short_details":"Patrik Ourednik \u2014 \u00c9ditions Allia","translator":null,"weight":58,"page_count":48,"readership":null,"editor":"\u00c9ditions Allia","price":620,"published_date":"2014-02-05T23:00:00.000000Z","support":"Poche","publisher_availability":1,"stock":0,"editions":[],"url":"https:\/\/quaidesbrumes.com\/ouvrage\/9782844857644\/histoire-de-france-a-notre-chere-disparue"},{"id":"9782743627782","title":"Les r\u00e9cidivistes","description":"C'est l'autobiographie d'un jeune homme d'aujourd'hui, si peu s\u00fbr de sa voix qu'il choisit d'en emprunter quatre autres pour raconter sa vie : celle de Pascal Quignard pour tenter de comprendre l'amn\u00e9sie frappant un amour de jeunesse, celle de Marguerite Duras pour dire la recherche effr\u00e9n\u00e9e de l'amour, celle de Marcel Proust qui, sur le canevas de La Recherche du temps perdu, relate les p\u00e9rip\u00e9ties d'une vie enti\u00e8re, de l'enfance jusqu'\u00e0 l'av\u00e8nement de l'\u00e9criture ; enfin celle de Jean Genet pour dire l'incapacit\u00e9 \u00e0 aimer.\r\nC'est l'histoire d'un gar\u00e7on qui n'arrive pas \u00e0 aimer, qui ne comprend rien au monde et qui d\u00e9cide d'\u00e9crire cette incompr\u00e9hension. C'est l'histoire de Laurent qui devient \u00e9crivain.","authors":["Laurent Nunez"],"category_codes":["1000000","1010000"],"visuals":{"large":"https:\/\/images.epagine.fr\/782\/9782743627782_1_75.jpg","medium":"https:\/\/images.epagine.fr\/782\/9782743627782_1_m.jpg","thumbnail":"https:\/\/images.epagine.fr\/782\/9782743627782_1_v.jpg"},"orderable":true,"show_badge":true,"formatted_price":"10,00&nbsp;\u20ac","formatted_published_date":"23 avril 2014","publisher_availability_label":"Sur commande","short_details":"Laurent Nunez \u2014 Rivages","translator":null,"weight":239,"page_count":400,"readership":null,"editor":"Rivages","price":1000,"published_date":"2014-04-22T22:00:00.000000Z","support":"Poche","publisher_availability":1,"stock":0,"editions":["9782876734906"],"url":"https:\/\/quaidesbrumes.com\/ouvrage\/9782743627782\/les-recidivistes"},{"id":"9782757832905","title":"Les hommes cruels ne courent pas les rues","description":"Le p\u00e8re de l'h\u00e9ro\u00efne, homme cruel et fascinant, a disparu. Pour oublier, elle part \u00e0 New York. Mais ni son amie Bonnie ni le frozen yoghourt ne suffisent \u00e0 la consoler. Heureusement, Allan surgit, insaisissable, beau comme un dieu. Celui-l\u00e0, il ne faut pas le laisser \u00e9chapper. Entre souvenirs de petite fille et strat\u00e9gies de s\u00e9duction, Katherine Pancol dresse le portrait p\u00e9tillant d'une femme d'aujourd'hui. Un roman d'amour et d'humour sur l'id\u00e9al masculin.","authors":["Katherine Pancol"],"category_codes":["1000000","1010000"],"visuals":{"large":"https:\/\/images.epagine.fr\/905\/9782757832905_1_75.jpg","medium":"https:\/\/images.epagine.fr\/905\/9782757832905_1_m.jpg","thumbnail":"https:\/\/images.epagine.fr\/905\/9782757832905_1_v.jpg"},"orderable":true,"show_badge":true,"formatted_price":"8,95&nbsp;\u20ac","formatted_published_date":"21 mai 2014","publisher_availability_label":"Sur commande","short_details":"Katherine Pancol \u2014 Points","translator":null,"weight":200,"page_count":384,"readership":null,"editor":"Points","price":895,"published_date":"2014-05-20T22:00:00.000000Z","support":"Poche","publisher_availability":1,"stock":0,"editions":[],"url":"https:\/\/quaidesbrumes.com\/ouvrage\/9782757832905\/les-hommes-cruels-ne-courent-pas-les-rues"},{"id":"9782070451517","title":"Dormir avec ceux qu'on aime","description":"\u00abTomber amoureux, ce jour-l\u00e0, foudroy\u00e9 au contact d'une main, me rendit mes seize ans, exactement mes seize ans \u00e0 Leningrad. Quiconque aura aim\u00e9 sait ces choses-l\u00e0 entre mille : \u00e9treindre une main, c'est tout donner, d'un coup, sans prudence, sans contrat, sans rien. Tenir la main, tous les enfants le savent, n'est pas seulement s'accrocher au passage : tenir ta main, c'est tenir \u00e0 toi, tenir de toi. Et plus je serre, plus j'entrecroise nos doigts, les entrelace, plus je te dis mon incommensurable besoin, un besoin tel que ta paume me renseigne sur toi. Sur ta paume, j'ai pu lire que tu \u00e9tais quelqu'un de bien.\u00bb","authors":["Gilles Leroy"],"category_codes":["1000000","1010000"],"visuals":{"large":"https:\/\/images.epagine.fr\/517\/9782070451517_1_75.jpg","medium":"https:\/\/images.epagine.fr\/517\/9782070451517_1_m.jpg","thumbnail":"https:\/\/images.epagine.fr\/517\/9782070451517_1_v.jpg"},"orderable":true,"show_badge":true,"formatted_price":"9,20&nbsp;\u20ac","formatted_published_date":"21 mars 2013","publisher_availability_label":"Sur commande","short_details":"Gilles Leroy \u2014 Folio","translator":null,"weight":150,"page_count":240,"readership":null,"editor":"Folio","price":920,"published_date":"2013-03-20T23:00:00.000000Z","support":"Poche","publisher_availability":1,"stock":0,"editions":["9782715232136"],"url":"https:\/\/quaidesbrumes.com\/ouvrage\/9782070451517\/dormir-avec-ceux-quon-aime"},{"id":"9782369140856","title":"Des bruits dans la t\u00eate","description":"Dans la prison de Maribor, en Slov\u00e9nie, est incarc\u00e9r\u00e9 en cet \u00e9t\u00e9 1975 le l\u00e9gendaire Keber, meneur historique de la r\u00e9volte de Livada (un p\u00e9nitencier du Mont\u00e9n\u00e9gro). Il se confie au narrateur avec force d\u00e9tails, soucieux de transcrire la chronique de ce soul\u00e8vement h\u00e9ro\u00efque, d\u00e9clench\u00e9 lors de la retransmission d'un match de basket au sein de la prison. Keber, qui a le sens de la l\u00e9gende, ne peut s'emp\u00eacher de faire un parall\u00e8le avec le si\u00e8ge de Massada en Jud\u00e9e, au ier si\u00e8cle. Durant sept mois, un millier de juifs tinrent t\u00eate \u00e0 huit mille Romains qui les encerclaient dans la forteresse surplombant la mer Morte. Au terme de sept mois de si\u00e8ge, les Romains forc\u00e8rent l'enceinte de Massada et d\u00e9couvrirent le suicide collectif des rebelles juifs. \u00c0 la prison de Livada, encercl\u00e9e par les forces de l'ordre, la destruction, le pillage et le chaos avaient peu \u00e0 peu c\u00e9d\u00e9 place au calme et aux pourparlers entre les insurg\u00e9s : que faire ensuite, se rendre, n\u00e9gocier ou tenter de s'enfuir ?\r","authors":["Drago Jancar","Andree Luck-Gaye"],"category_codes":["1000000","1010000"],"visuals":{"large":"https:\/\/images.epagine.fr\/856\/9782369140856_1_75.jpg","medium":"https:\/\/images.epagine.fr\/856\/9782369140856_1_m.jpg","thumbnail":"https:\/\/images.epagine.fr\/856\/9782369140856_1_v.jpg"},"orderable":true,"show_badge":true,"formatted_price":"9,70&nbsp;\u20ac","formatted_published_date":"20 ao\u00fbt 2015","publisher_availability_label":"Sur commande","short_details":"Drago Jancar, Andree Luck-Gaye \u2014 Libretto","translator":"ANDREE LUCK-GAYE","weight":228,"page_count":272,"readership":null,"editor":"Libretto","price":970,"published_date":"2015-08-19T22:00:00.000000Z","support":"Grand format","publisher_availability":1,"stock":0,"editions":[],"url":"https:\/\/quaidesbrumes.com\/ouvrage\/9782369140856\/des-bruits-dans-la-tete"},{"id":"9782290262740","title":"Perle de chine","description":"Mon crime \u00e9tait mon amiti\u00e9 avec Pearl Buck. Alors que le XIX? si\u00e8cle touche \u00e0 sa fin, deux fillettes issues de milieux tr\u00e8s diff\u00e9rents se rencontrent \u00e0 Chinkiang, petite ville du sud de la Chine. Saule appartient \u00e0 une famille chinoise tr\u00e8s pauvre, alors que Perle est la fille d'un pr\u00e9dicateur am\u00e9ricain venu apporter la bonne parole en Orient. Mais cette derni\u00e8re est contrainte de retourner dans sa patrie. Tandis que Saule demeure en Chine et subit les al\u00e9as de l'histoire tourment\u00e9e de son pays, Perle se voit d\u00e9cerner le prix Nobel de litt\u00e9rature sous le nom de Pearl Buck. Deux destins extraordinaires au coeur de la Chine qui s'\u00e9veille...","authors":["Anchee Min","Jacques Guiod"],"category_codes":["1000000","1010000"],"visuals":{"large":"https:\/\/images.epagine.fr\/740\/9782290262740_1_75.jpg","medium":"https:\/\/images.epagine.fr\/740\/9782290262740_1_m.jpg","thumbnail":"https:\/\/images.epagine.fr\/740\/9782290262740_1_v.jpg"},"orderable":true,"show_badge":true,"formatted_price":"7,90&nbsp;\u20ac","formatted_published_date":"13 octobre 2021","publisher_availability_label":"Sur commande","short_details":"Anchee Min, Jacques Guiod \u2014 J'ai Lu","translator":"JACQUES GUIOD","weight":210,"page_count":384,"readership":null,"editor":"J'ai Lu","price":790,"published_date":"2021-10-12T22:00:00.000000Z","support":"Poche","publisher_availability":1,"stock":0,"editions":["9782756403496"],"url":"https:\/\/quaidesbrumes.com\/ouvrage\/9782290262740\/perle-de-chine"},{"id":"9782370553386","title":"L'homme qui s'aime","description":"Paris, d\u00e9but des ann\u00e9es 1880. Au cours d'une soir\u00e9e mondaine, un jeune dandy fait sans s'y attendre une exp\u00e9rience qui le r\u00e9v\u00e8le \u00e0 ses d\u00e9sirs les plus secrets. D\u00e9cid\u00e9 \u00e0 rester fid\u00e8le \u00e0 ce qu'il comprend alors de lui-m\u00eame, il va faire le choix d'exister vraiment, et de devenir femme.\r\n\r\nEn 2006, Robert Alexis se r\u00e9v\u00e9lait \u00e0 de nombreux lecteurs avec un premier roman troublant, La Robe (\u00e9d. Corti). Dix-sept ans plus tard, reprenant le m\u00eame sujet, il nous offre \u00e0 nouveau un roman envo\u00fbtant, une histoire o\u00f9 le d\u00e9sir assume plus encore son \u00e9vidence, sa libert\u00e9. \r\n\r\nLe Tripode a publi\u00e9 en 2014 une premi\u00e8re version, qui n'a plus lieu d'\u00eatre, de ce roman.\r\n\r\nL'illustration de couverture est une aquarelle de Hugo Pratt.","authors":["Robert Alexis"],"category_codes":["1000000","1010000"],"visuals":{"large":"https:\/\/images.epagine.fr\/386\/9782370553386_1_75.jpg","medium":"https:\/\/images.epagine.fr\/386\/9782370553386_1_m.jpg","thumbnail":"https:\/\/images.epagine.fr\/386\/9782370553386_1_v.jpg"},"orderable":true,"show_badge":true,"formatted_price":"21,00&nbsp;\u20ac","formatted_published_date":"12 janvier 2023","publisher_availability_label":"Sur commande","short_details":"Robert Alexis \u2014 Le Tripode","translator":null,"weight":386,"page_count":288,"readership":null,"editor":"Le Tripode","price":2100,"published_date":"2023-01-11T23:00:00.000000Z","support":"Grand format","publisher_availability":1,"stock":0,"editions":[],"url":"https:\/\/quaidesbrumes.com\/ouvrage\/9782370553386\/lhomme-qui-saime"},{"id":"9782714311153","title":"La deuxi\u00e8me vie d'Aur\u00e9lien Moreau","description":"Rentrer du travail sans m\u00eame se souvenir du trajet. Monter rev\u00e9rifier qu'on a ferm\u00e9 la porte \u00e0 cl\u00e9. Regarder l'heure, l'apr\u00e8s-midi est d\u00e9j\u00e0 l\u00e0, o\u00f9 est donc pass\u00e9 le matin ? Et le week-end dernier, on a fait quoi d\u00e9j\u00e0, rien ? Instants multiples o\u00f9 nous n'\u00e9tions pas l\u00e0. O\u00f9 nous cachions-nous alors, derri\u00e8re combien de murailles, combien d'\u00e9crans, est-ce du temps d\u00e9finitivement perdu, celui qui n'a pas \u00e9t\u00e9 v\u00e9cu ?\r\n\r\nImaginons donc. Chez Aur\u00e9lien ces absences s'\u00e9tendent \u00e0 toute sa vie. Il n'y est jamais, ne se souvient de rien, sauve quelques faits sur des carnets. Pourtant du dehors, Aur\u00e9lien a l'air normal. M\u00eame trop normal pour \u00eatre normal, comm\u00e8re-t-on parfois. Normopathe, finalement, rien ne d\u00e9passe et des mots blancs. \r\n\r\n\u00c0 moins qu'il n'y ait possibilit\u00e9 d'une deuxi\u00e8me vie, une chance cette fois d'y arriver. \u00c0 na\u00eetre dans son corps, sentir dans sa peau, \u00e0 jouir, \u00e0 go\u00fbter. \u00c0 trouver une langue \u00e0 soi pour pouvoir raconter. Il faudra quitter son existence ancienne, renoncer au calme film noir et blanc et muet. Risquer de tout perdre, habitudes et tranquillit\u00e9, pour ne pas expirer avant l'heure. \r\n\r\nQuitte, ou double.\r","authors":["Tatiana Arfel"],"category_codes":["1000000","1010000"],"visuals":{"large":"https:\/\/images.epagine.fr\/153\/9782714311153_1_75.jpg","medium":"https:\/\/images.epagine.fr\/153\/9782714311153_1_m.jpg","thumbnail":"https:\/\/images.epagine.fr\/153\/9782714311153_1_v.jpg"},"orderable":true,"show_badge":true,"formatted_price":"20,00&nbsp;\u20ac","formatted_published_date":"29 ao\u00fbt 2013","publisher_availability_label":"Sur commande","short_details":"Tatiana Arfel \u2014 \u00c9ditions Corti","translator":null,"weight":398,"page_count":320,"readership":null,"editor":"\u00c9ditions Corti","price":2000,"published_date":"2013-08-28T22:00:00.000000Z","support":"Grand format","publisher_availability":1,"stock":0,"editions":[],"url":"https:\/\/quaidesbrumes.com\/ouvrage\/9782714311153\/la-deuxieme-vie-daurelien-moreau"},{"id":"9782070137572","title":"L'ile","description":"Trois nouvelles marines constituent ce recueil paru en 1934.\r\n\r\nLes h\u00e9ros sont des p\u00eacheurs, et l'Ile de Minorque sert de cadre  \u00e0 leurs aventures. Des hommes courageux, g\u00e9n\u00e9reux et r\u00eaveurs  font ensemble l'apprentissage du travail en \u00e9quipe et de la  soumission \u00e0 l'autorit\u00e9 des nantis. Tout le talent d'Eug\u00e8ne  Dabit se retrouve dans ce livre, en sa mani\u00e8re simple et  sensible de restituer l'humanit\u00e9 laborieuse.\r","authors":["Eug\u00e8ne Dabit"],"category_codes":["1000000","1010000"],"visuals":{"large":"https:\/\/images.epagine.fr\/572\/9782070137572_1_75.jpg","medium":"https:\/\/images.epagine.fr\/572\/9782070137572_1_m.jpg","thumbnail":"https:\/\/images.epagine.fr\/572\/9782070137572_1_v.jpg"},"orderable":true,"show_badge":true,"formatted_price":"7,00&nbsp;\u20ac","formatted_published_date":"5 avril 2012","publisher_availability_label":"Sur commande","short_details":"Eug\u00e8ne Dabit \u2014 Gallimard","translator":null,"weight":200,"page_count":187,"readership":null,"editor":"Gallimard","price":700,"published_date":"2012-04-04T22:00:00.000000Z","support":"Grand format","publisher_availability":1,"stock":0,"editions":[],"url":"https:\/\/quaidesbrumes.com\/ouvrage\/9782070137572\/lile"},{"id":"9782253099697","title":"Zombi","description":"Il pose bien un peu probl\u00e8me \u00e0 \u00e0 ses parents, mais ni l'un ni l'autre ne croient \u00e0 l'accusation d'agression sexuelle sur un mineur dont il est l'objet. Il est un cas pour le psychiatre-expert aupr\u00e8s des tribunaux charg\u00e9 de le suivre, qui se sent n\u00e9anmoins encourag\u00e9 par la nature toujours plus positive de ses r\u00eaves et sa franchise \u00e0 en discuter. Il est le plus exquis des gar\u00e7ons pour sa riche grand-m\u00e8re incapable de lui refuser quoi que ce soit. Il est le plus vrai et le plus terrifiant des tueurs-psychopathes jamais imagin\u00e9s dans un roman dont on se demande par instants comment l'auteur a pu trouver les mots pour l'\u00e9crire. Joyce Carol Oates nous offre encore une fois la preuve de son immense talent. En donnant la voix \u00e0 une \u00e2me des plus noires, elle plonge dans l'ignominie, et le lecteur avec elle de p\u00e9n\u00e9trer l'innommable.D\u00e9licieusement abominable. Augustin Trapenard, Elle.","authors":["Joyce Carol Oates","Claude Seban"],"category_codes":["1000000","1010000"],"visuals":{"large":"https:\/\/images.epagine.fr\/697\/9782253099697_1_75.jpg","medium":"https:\/\/images.epagine.fr\/697\/9782253099697_1_m.jpg","thumbnail":"https:\/\/images.epagine.fr\/697\/9782253099697_1_v.jpg"},"orderable":true,"show_badge":true,"formatted_price":"8,40&nbsp;\u20ac","formatted_published_date":"3 d\u00e9cembre 2014","publisher_availability_label":"Sur commande","short_details":"Joyce Carol Oates, Claude Seban \u2014 Le Livre de Poche","translator":"CLAUDE SEBAN","weight":140,"page_count":216,"readership":null,"editor":"Le Livre de Poche","price":840,"published_date":"2014-12-02T23:00:00.000000Z","support":"Poche","publisher_availability":1,"stock":0,"editions":["9782234064997"],"url":"https:\/\/quaidesbrumes.com\/ouvrage\/9782253099697\/zombi"},{"id":"9791091146319","title":"Few of us","description":null,"authors":["Luvan"],"category_codes":["1000000","1010000"],"visuals":{"large":"https:\/\/images.epagine.fr\/319\/9791091146319_1_75.jpg","medium":"https:\/\/images.epagine.fr\/319\/9791091146319_1_m.jpg","thumbnail":"https:\/\/images.epagine.fr\/319\/9791091146319_1_v.jpg"},"orderable":true,"show_badge":true,"formatted_price":"10,00&nbsp;\u20ac","formatted_published_date":"30 juin 2017","publisher_availability_label":"Sur commande","short_details":"Luvan \u2014 Dystopia","translator":null,"weight":210,"page_count":173,"readership":null,"editor":"Dystopia","price":1000,"published_date":"2017-06-29T22:00:00.000000Z","support":"Grand format","publisher_availability":1,"stock":0,"editions":[],"url":"https:\/\/quaidesbrumes.com\/ouvrage\/9791091146319\/few-of-us"},{"id":"9782290041253","title":"Trois vies chinoises","description":"L'\u00eele de la Noblesse est gigantesque. C'est l\u00e0 qu'affluent les d\u00e9chets de la Chine moderne et que se d\u00e9roulent simultan\u00e9ment trois vies parall\u00e8les : Un gamin, atteint d'une maladie qui lui donne l'aspect d'un vieil homme, est achet\u00e9 par le directeur de la cantine d'une prison. Une lyc\u00e9enne est convaincue de la culpabilit\u00e9 de son p\u00e8re dans la disparition de sa m\u00e8re. Une ancienne forgeronne ranime son fourneau pour fabriquer une cha\u00eene de fer qui attachera son fils \u00e0 un arbre. Ces trois histoires s'imposent par leur po\u00e9sie et leur paradoxale libert\u00e9.","authors":["Sijie Dai"],"category_codes":["1000000","1010000"],"visuals":{"large":"https:\/\/images.epagine.fr\/253\/9782290041253_1_75.jpg","medium":"https:\/\/images.epagine.fr\/253\/9782290041253_1_m.jpg","thumbnail":"https:\/\/images.epagine.fr\/253\/9782290041253_1_v.jpg"},"orderable":true,"show_badge":true,"formatted_price":"4,80&nbsp;\u20ac","formatted_published_date":"1er f\u00e9vrier 2013","publisher_availability_label":"Sur commande","short_details":"Sijie Dai \u2014 J'ai Lu","translator":null,"weight":90,"page_count":150,"readership":null,"editor":"J'ai Lu","price":480,"published_date":"2013-01-31T23:00:00.000000Z","support":"Poche","publisher_availability":1,"stock":0,"editions":["9782081240506"],"url":"https:\/\/quaidesbrumes.com\/ouvrage\/9782290041253\/trois-vies-chinoises"},{"id":"9782841006502","title":"Du sang, de la volupt\u00e9 et de la mort","description":"Ce livre se pr\u00e9sente sous la forme d'un recueil de descriptions et d'\u00e9vocations, publi\u00e9 pour la premi\u00e8re fois en 1893. Barr\u00e8s remaniera plusieurs fois ce recueil. Le titre se justifie par la vision qu'il re\u00e7oit du monde o\u00f9 se m\u00ealent la douleur et la conqu\u00eate, la joie et la d\u00e9faite : l'homme se r\u00e9alise lui-m\u00eame dans un domaine qui est \u00e0 la fois affirmation et opposition, dans une lutte qui est victoire et renoncement \u00e0 ce qui n'est pas id\u00e9al. Le livre contient de tr\u00e8s belles pages sur Bruges, sur l'amour, sur la gloire. Les passages consacr\u00e9s \u00e0 sa rencontre avec la nature luxuriante de l'Espagne et de l'Italie sont particuli\u00e8rement brillants. Les chapitres sur Cordoue, Tol\u00e8de, S\u00e9ville et les lacs de Lombardie si tendres de couleurs, sur l'automne \u00e0 Parme et sur Stendhal, sur Pise, Ravenne, Sienne, Florence, Lucques et Pistoia passeront \u00e0 la post\u00e9rit\u00e9.\r\nCet ouvrage plein de s\u00e9duction, de cadences et de charmes refl\u00e8te une conception de la vie et de l'amour qui font de Barr\u00e8s l'h\u00e9ritier d'un romantisme qu'il s'est appliqu\u00e9 \u00e0 renouveler en profondeur.\r","authors":["Maurice Barr\u00e8s","Michel Leymarie"],"category_codes":["1000000","1010000"],"visuals":{"large":"https:\/\/images.epagine.fr\/502\/9782841006502_1_75.jpg","medium":"https:\/\/images.epagine.fr\/502\/9782841006502_1_m.jpg","thumbnail":"https:\/\/images.epagine.fr\/502\/9782841006502_1_v.jpg"},"orderable":true,"show_badge":true,"formatted_price":"12,00&nbsp;\u20ac","formatted_published_date":"7 f\u00e9vrier 2019","publisher_availability_label":"Sur commande","short_details":"Maurice Barr\u00e8s, Michel Leymarie \u2014 OMNIA","translator":null,"weight":155,"page_count":288,"readership":null,"editor":"OMNIA","price":1200,"published_date":"2019-02-06T23:00:00.000000Z","support":"Poche","publisher_availability":1,"stock":0,"editions":["9782915892154","9782494244443"],"url":"https:\/\/quaidesbrumes.com\/ouvrage\/9782841006502\/du-sang-de-la-volupte-et-de-la-mort"},{"id":"9782864327493","title":"La limite de l'oubli","description":"Le premier roman de Sergue\u00ef Lebedev (n\u00e9 en 1981) se pr\u00e9sente comme une enqu\u00eate. Ayant surv\u00e9cu, enfant, \u00e0 la morsure d'un chien gr\u00e2ce \u00e0 une transfusion sanguine, le narrateur cherche \u00e0 conna\u00eetre l'identit\u00e9 de celui dont le sang coule d\u00e9sormais dans ses veines, et dont la personnalit\u00e9 rec\u00e8le un myst\u00e8re.\r\nAyant grandi pendant la p\u00e9riode de transition qui a suivi la perestro\u00efka et la chute du r\u00e9gime, Lebedev appartient \u00e0 une g\u00e9n\u00e9ration h\u00e9riti\u00e8re d'une m\u00e9moire historique \u00ab trou\u00e9e \u00bb pour laquelle la violence politique - pourtant centrale dans la conscience collective des Russes - demeure fiction ou cauchemar.\r\nLa Limite de l'oubli est le premier roman d'un jeune auteur qui a su s'affranchir des contraintes impos\u00e9es par l'effacement des ann\u00e9es sovi\u00e9tiques. Il a mis au service de ce projet non seulement son talent litt\u00e9raire, mais \u00e9galement son exp\u00e9rience de g\u00e9ologue qui l'avait conduit, \u00e0 travers l'immensit\u00e9 de l'espace russe, vers les vestiges des camps et les paysages du Grand Nord, magistralement \u00e9voqu\u00e9s dans leur dimension \u00e0 la fois mythique et politique.\r","authors":["Serguei Lebedev","Luba Jurgenson"],"category_codes":["1000000","1010000"],"visuals":{"large":"https:\/\/images.epagine.fr\/493\/9782864327493_1_75.jpg","medium":"https:\/\/images.epagine.fr\/493\/9782864327493_1_m.jpg","thumbnail":"https:\/\/images.epagine.fr\/493\/9782864327493_1_v.jpg"},"orderable":true,"show_badge":true,"formatted_price":"22,00&nbsp;\u20ac","formatted_published_date":"9 janvier 2014","publisher_availability_label":"Sur commande","short_details":"Serguei Lebedev, Luba Jurgenson \u2014 \u00c9ditions Verdier","translator":"LUBA JURGENSON","weight":400,"page_count":330,"readership":null,"editor":"\u00c9ditions Verdier","price":2200,"published_date":"2014-01-08T23:00:00.000000Z","support":"Grand format","publisher_availability":1,"stock":0,"editions":[],"url":"https:\/\/quaidesbrumes.com\/ouvrage\/9782864327493\/la-limite-de-loubli"},{"id":"9782752908056","title":"Les aventures de Sindbad le Terrien","description":"Traduction int\u00e9grale \u00e0 partir des manuscrits originaux arabes par Ren\u00e9 R. Khawam.\r\n\r\n(Vers 800).\r\n\r\n \u00c0 la diff\u00e9rence de Sindbad le Marin, qui cherchait \u00e0 gagner la Chine par la voie maritime, son homonyme le Terrien se lance sur la vieille route de la Soie - non moins fertile en emb\u00fbches et en merveilles - et traverse les solitudes d\u00e9sol\u00e9es du Ferghana, de la Mongolie et du Sinkiang avant de pousser jusqu'aux rivages du lointain Japon.\r\n\r\nCompos\u00e9es d\u00e8s le VIIIe si\u00e8cle, ces Aventures sont une invitation au r\u00eave et \u00e0 la g\u00e9ographie : une bien agr\u00e9able fa\u00e7on de parcourir le monde sans avoir \u00e0 souffrir des dangers de l'ailleurs.","authors":["Collectif","Ren\u00e9 r. Khawam"],"category_codes":["1000000","1010000"],"visuals":{"large":"https:\/\/images.epagine.fr\/056\/9782752908056_1_75.jpg","medium":"https:\/\/images.epagine.fr\/056\/9782752908056_1_m.jpg","thumbnail":"https:\/\/images.epagine.fr\/056\/9782752908056_1_v.jpg"},"orderable":true,"show_badge":true,"formatted_price":"9,10&nbsp;\u20ac","formatted_published_date":"21 juillet 2012","publisher_availability_label":"Sur commande","short_details":"Collectif, Ren\u00e9 r. Khawam \u2014 Libretto","translator":"RENE R. KHAWAM","weight":213,"page_count":256,"readership":null,"editor":"Libretto","price":910,"published_date":"2012-07-20T22:00:00.000000Z","support":"Grand format","publisher_availability":1,"stock":0,"editions":[],"url":"https:\/\/quaidesbrumes.com\/ouvrage\/9782752908056\/les-aventures-de-sindbad-le-terrien"},{"id":"9782070452040","title":"Le gouverneur des d\u00e9s","description":"\"Dorsival r\u00e9alisait quun des trois grains avait \u00e9t\u00e9 escamot\u00e9. Il lui fallait trouver le d\u00e9 lest\u00e9 de plomb et l\u00e9changer. Vite! Mais tous, maintenant, surveillaient ses manches, ses bras, ses mains. Car tous savaient que les commandeurs des d\u00e9s \u00e9taient de prodigieux tricheurs. Il ny avait dans leurs yeux aucune once damicalit\u00e9. Ceux-l\u00e0 m\u00eames qui \u00e0 linstant raillaient Rosalien se rappelaient, maintenant que le vent avait tourn\u00e9, que Ch\u00e9rubin n\u00e9tait pas un n\u00e8gre dici. \u00c0 force de palper les d\u00e9s du bout des doigts, il d\u00e9couvrit le grain pesant. \r\n Tonnerre de sort! pensa-t-il.\"  Dans la Martinique des ann\u00e9es cinquante, Rosalien est un \"major\", respect\u00e9 de tous. Il a b\u00e2ti sa fortune dans les tripots et en pariant sur les combats de coqs. Mais rien nest immuable et Rosalien l'apprend \u00e0 ses d\u00e9pens. Rapha\u00ebl Confiant nous offre la chronique picaresque dune soci\u00e9t\u00e9 que vient \u00e9branler la modernit\u00e9.","authors":["Rapha\u00ebl Confiant","Gerry L'\u00e9tang"],"category_codes":["1000000","1010000"],"visuals":{"large":"https:\/\/images.epagine.fr\/040\/9782070452040_1_75.jpg","medium":"https:\/\/images.epagine.fr\/040\/9782070452040_1_m.jpg","thumbnail":"https:\/\/images.epagine.fr\/040\/9782070452040_1_v.jpg"},"orderable":true,"show_badge":false,"formatted_price":"8,50&nbsp;\u20ac","formatted_published_date":"4 juillet 2013","publisher_availability_label":"Sur commande","short_details":"Rapha\u00ebl Confiant, Gerry L'\u00e9tang \u2014 Folio","translator":"GERRY L'ETANG","weight":130,"page_count":208,"readership":null,"editor":"Folio","price":850,"published_date":"2013-07-03T22:00:00.000000Z","support":"Poche","publisher_availability":1,"stock":1,"editions":["9782917623077","9782373110593"],"url":"https:\/\/quaidesbrumes.com\/ouvrage\/9782070452040\/le-gouverneur-des-des"}]}