{"data":[{"id":"9782916266978","title":"L'ex\u00e9cution de Troppmann","description":"En janvier 1870, Tourgu\u00e9niev est invit\u00e9 par Maxime Du Camp \u00e0 assister \u00e0 l'\u00e9x\u00e9cution publique d'un jeune criminel devenu c\u00e9l\u00e8bre pour avoir commis huit meurtres sordides, Jean-Baptiste Troppmann. Pouss\u00e9 par une curiosit\u00e9 qu'il lui est malais\u00e9 d'expliquer, Tourgu\u00e9niev accepte l'invitation et suit Troppmann de sa toilette fun\u00e8bre jusqu'\u00e0 la guillotine. Description glaciale d'une mise \u00e0 mort \u00e0 laquelle assiste une foule de badauds avin\u00e9s et braillards, L'Ex\u00e9cution de Troppmann, \u00e9crit sans parti-pris, est le constat d'\u00e9chec de la peine de mort, sans vertu dissuasive et absurdement immorale.\r\n\r\nCe volume comprend : L'Ex\u00e9cution de Troppmann, Un incendie en mer et Une fin.\r","authors":["Ivan Tourgu\u00e9niev"],"category_codes":[],"visuals":{"large":"https:\/\/images.epagine.fr\/978\/9782916266978_1_75.jpg","medium":"https:\/\/images.epagine.fr\/978\/9782916266978_1_m.jpg","thumbnail":"https:\/\/images.epagine.fr\/978\/9782916266978_1_v.jpg"},"orderable":true,"show_badge":true,"formatted_price":"7,50&nbsp;\u20ac","formatted_published_date":"4 octobre 2012","publisher_availability_label":"Sur commande","short_details":"Ivan Tourgu\u00e9niev \u2014 \u00c9dition Sillage","translator":null,"weight":90,"page_count":80,"readership":null,"editor":"\u00c9dition Sillage","price":750,"published_date":"2012-10-03T22:00:00.000000Z","support":"Grand format","publisher_availability":1,"stock":0,"editions":["9782824913018"],"url":"https:\/\/quaidesbrumes.com\/ouvrage\/9782916266978\/lexecution-de-troppmann"},{"id":"9782267051117","title":"Histoire des cheveux","description":"Depuis l'enfance, le narrateur d'Histoire des cheveux est obs\u00e9d\u00e9 par ses cheveux, les mille fa\u00e7ons de les couper, et par les salons de coiffure. Trouver la bonne coupe, longue, courte, ras\u00e9e, est pour lui un casse-t\u00eate, et devient le signe d'une position culturelle et id\u00e9ologique \u00e0 laquelle personne ne semble pouvoir \u00e9chapper.\r\nUn jour, il entre par hasard dans le salon Volumen Uno et se fait coiffer par Celso, un jeune Paraguayen, arriv\u00e9 \u00e0 Buenos Aires apr\u00e8s avoir v\u00e9cu \u00e0 Rio. Cette rencontre va bouleverser sa vie, car la coupe est parfaite, magique, mieux que tout ce qu'il a esp\u00e9r\u00e9 dans ses r\u00eaves les plus fous, un miracle. Un miracle qui n'est toutefois pas sans cons\u00e9quences : \u00e0 la suite de cette petite r\u00e9volution, il se fait mordre par son chien, sa femme le quitte, et le magicien Celso l'entra\u00eene dans de bien \u00e9tranges aventures.\r\n\u00c0 travers cette histoire c'est toute une relation au corps et \u00e0 l'image qui se dessine, s'\u00e9rigeant en m\u00e9taphore des angoisses de la soci\u00e9t\u00e9 moderne.","authors":["Alan Pauls","Serge Mestre"],"category_codes":["1000000","1010000"],"visuals":{"large":"https:\/\/images.epagine.fr\/117\/9782267051117_1_75.jpg","medium":"https:\/\/images.epagine.fr\/117\/9782267051117_1_m.jpg","thumbnail":"https:\/\/images.epagine.fr\/117\/9782267051117_1_v.jpg"},"orderable":true,"show_badge":true,"formatted_price":"9,00&nbsp;\u20ac","formatted_published_date":"6 avril 2023","publisher_availability_label":"Sur commande","short_details":"Alan Pauls, Serge Mestre \u2014 Christian Bourgois","translator":"SERGE MESTRE","weight":184,"page_count":264,"readership":null,"editor":"Christian Bourgois","price":900,"published_date":"2023-04-05T22:00:00.000000Z","support":"Poche","publisher_availability":1,"stock":0,"editions":[],"url":"https:\/\/quaidesbrumes.com\/ouvrage\/9782267051117\/histoire-des-cheveux"},{"id":"9782253163626","title":"Les confessions Tome 2 (\u00e9dition 2012)","description":"Solitaire d\u00e9sormais d\u00e9tach\u00e9 du monde, le Rousseau de ces six derniers livres est toujours en qu\u00eate de son Moi, mais un autre combat le mobilise aussi : comme les \u00e9ditions pirates de ses livres ont forg\u00e9 \u00e0 ses yeux une fausse id\u00e9e de sa personne, c'est \u00e0 se r\u00e9habiliter qu'il vise ici, dans une tentative d\u00e9sesp\u00e9r\u00e9e pour dessiner et imposer sa vraie figure.\r\nFace \u00e0 ses ennemis tapis dans l'ombre, il se met \u00e0 nu pour ne pas jouer leur jeu, et, pour leur \u00e9chapper, se montre tel qu'il est. Alors que, dans la premi\u00e8re partie des Confessions, il s'attachait \u00e0 mieux se comprendre et se donner \u00e0 comprendre par une s\u00e9rie de sc\u00e8nes embl\u00e9matiques, ce qui se d\u00e9couvre ici, c'est l'\u00e9crivain qui se croit pers\u00e9cut\u00e9, l'homme traqu\u00e9 qui ne trouve la paix que parmi les fleurs des champs, l'\u00e9ternel expuls\u00e9 qui s'ouvre \u00e0 la l\u00e9gende.\r\nEt s'il va vers la mort, c'est dans la recherche de l'harmonie qui se puisse \u00e9tablir entre une image de soi constamment haute et les mis\u00e8res de son destin.\r","authors":["Jean-Jacques Rousseau"],"category_codes":["1000000","1010000"],"visuals":{"large":"https:\/\/images.epagine.fr\/626\/9782253163626_1_75.jpg","medium":"https:\/\/images.epagine.fr\/626\/9782253163626_1_m.jpg","thumbnail":"https:\/\/images.epagine.fr\/626\/9782253163626_1_v.jpg"},"orderable":true,"show_badge":true,"formatted_price":"6,20&nbsp;\u20ac","formatted_published_date":"14 mars 2012","publisher_availability_label":"Sur commande","short_details":"Jean-Jacques Rousseau \u2014 Le Livre de Poche","translator":null,"weight":288,"page_count":543,"readership":null,"editor":"Le Livre de Poche","price":620,"published_date":"2012-03-13T23:00:00.000000Z","support":"Poche","publisher_availability":1,"stock":0,"editions":[],"url":"https:\/\/quaidesbrumes.com\/ouvrage\/9782253163626\/les-confessions-tome-2-edition-2012"},{"id":"9782253129547","title":"Ils r\u00eavaient des dimanches","description":"Fils naturel d'un ch\u00e2telain et d'une servante, Germain n'apprend le secret de sa naissance qu'\u00e0 la mort de son p\u00e8re.\r\nLe retour de sa m\u00e8re pour ses 7 ans et son mariage respectable n'emp\u00eachent pas qu'il soit plac\u00e9 quand na\u00eet un nouvel enfant. La duret\u00e9 de la vie de paysan pousse le gar\u00e7on \u00e0 devenir apprenti boulanger. Un hommage \u00e0 la petite paysannerie du d\u00e9but du XXe si\u00e8cle.","authors":["Christian Signol"],"category_codes":["1000000","1010000"],"visuals":{"large":"https:\/\/images.epagine.fr\/547\/9782253129547_1_75.jpg","medium":"https:\/\/images.epagine.fr\/547\/9782253129547_1_m.jpg","thumbnail":"https:\/\/images.epagine.fr\/547\/9782253129547_1_v.jpg"},"orderable":true,"show_badge":true,"formatted_price":"9,20&nbsp;\u20ac","formatted_published_date":"1er septembre 2010","publisher_availability_label":"Sur commande","short_details":"Christian Signol \u2014 Le Livre de Poche","translator":null,"weight":200,"page_count":384,"readership":null,"editor":"Le Livre de Poche","price":920,"published_date":"2010-08-31T22:00:00.000000Z","support":"Poche","publisher_availability":1,"stock":0,"editions":["9782226188519"],"url":"https:\/\/quaidesbrumes.com\/ouvrage\/9782253129547\/ils-revaient-des-dimanches"},{"id":"9782707316097","title":"Le Jardin des Plantes","description":"Le Jardin des Plantes, Claude Simon en conna\u00eet bien les all\u00e9es, qu'il parcourt presque chaque jour lorsqu'il est \u00e0 Paris. C'est aussi un lieu unique qui r\u00e9unit, entre le Mus\u00e9um, le jardin alpin et la m\u00e9nagerie, des milliers de min\u00e9raux, de v\u00e9g\u00e9taux et d'animaux dans un spectacle diff\u00e9rent pour chaque visiteur et \u00e0 chaque visite.\r\nLe livre, lui, amalgame les fragments apparemment \u00e9pars d'une vie d'homme au long du si\u00e8cle et aux quatre coins du monde. Mais qu'on ne s'y trompe pas, ce n'est pas une autobiographie : si chacun des \u00e9l\u00e9ments est \u00e0 base de v\u00e9cu, l'ensemble est con\u00e7u, invent\u00e9 et construit comme oeuvre litt\u00e9raire.","authors":["Claude Simon"],"category_codes":["1000000","1010000"],"visuals":{"large":"https:\/\/images.epagine.fr\/097\/9782707316097_1_75.jpg","medium":"https:\/\/images.epagine.fr\/097\/9782707316097_1_m.jpg","thumbnail":"https:\/\/images.epagine.fr\/097\/9782707316097_1_v.jpg"},"orderable":true,"show_badge":true,"formatted_price":"24,00&nbsp;\u20ac","formatted_published_date":"19 septembre 1997","publisher_availability_label":"Sur commande","short_details":"Claude Simon \u2014 \u00c9ditions de Minuit","translator":null,"weight":356,"page_count":384,"readership":null,"editor":"\u00c9ditions de Minuit","price":2400,"published_date":"1997-09-18T22:00:00.000000Z","support":"Grand format","publisher_availability":1,"stock":0,"editions":[],"url":"https:\/\/quaidesbrumes.com\/ouvrage\/9782707316097\/le-jardin-des-plantes"},{"id":"9782382461310","title":"Caf\u00e9 noir","description":"Si vous plongez vos l\u00e8vres dans ce CAF\u00c9 noir de noir, vous risquez de plonger dans des miroirs vertigineux o\u00f9 la litt\u00e9rature noire se cherche elle-m\u00eame.\r\nLe CAF\u00c9 que vous vous appr\u00eatez \u00e0 lire n'est pas seulement noir, il est double : les traductrices (et le traducteur) de CAF\u00c9 se sont alli\u00e9es \u00e0 l'\u00e9quipe des \u00e9ditions Agullo pour extraire de ce CAF\u00c9 les ar\u00f4mes les plus violents, les saveurs les plus am\u00e8res, la chaleur du sang et la froideur de la mort. Ce breuvage ne sera pas r\u00e9confortant : chaque gorg\u00e9e sera un peu plus am\u00e8re, chaque lamp\u00e9e un peu plus obscure.","authors":["Jos\u00e9 Viale Moutinho","Rakel Haslund-Gjerrild","Nino Sadghobelashvili","Shobasakthi","Manos Apostolidis","Murat Celik","Zornitsa Garkova","Rasha Abbas","Katerina Tuckova","Clara Nizzoli","H\u00e9l\u00e8ne H. Melo","Chantal Dauphin","Sylvain Cavailles"],"category_codes":["1000000","1010000","1010100"],"visuals":{"large":"https:\/\/images.epagine.fr\/310\/9782382461310_1_75.jpg","medium":"https:\/\/images.epagine.fr\/310\/9782382461310_1_m.jpg","thumbnail":"https:\/\/images.epagine.fr\/310\/9782382461310_1_v.jpg"},"orderable":true,"show_badge":true,"formatted_price":"17,50&nbsp;\u20ac","formatted_published_date":"28 mai 2025","publisher_availability_label":"Sur commande","short_details":"Jos\u00e9 Viale Moutinho, Rakel Haslund-Gjerrild, Nino Sadghobelashvili, Shobasakthi, Manos Apostolidis, Murat Celik, Zornitsa Garkova, Rasha Abbas, Katerina Tuckova, Clara Nizzoli, H\u00e9l\u00e8ne H. Melo, Chantal Dauphin, Sylvain Cavailles \u2014 Agullo \u00e9ditions","translator":"CLARA NIZZOLI","weight":254,"page_count":188,"readership":"Tout public","editor":"Agullo \u00e9ditions","price":1750,"published_date":"2025-05-27T22:00:00.000000Z","support":"Grand format","publisher_availability":1,"stock":0,"editions":[],"url":"https:\/\/quaidesbrumes.com\/ouvrage\/9782382461310\/cafe-noir"},{"id":"9782372600866","title":"Mary lester - t47 - mary lester et la mysterieuse affaire bonnadieu - tome 2","description":"L'enqu\u00eate du commandant Lester \u00e0 Dinard prend un tour dramatique...\r\nMadame Bonnadieu, impliqu\u00e9e dans la mort par empoisonnement de son neveu, Anthony Lemercier, tente de se suicider tandis que son \u00e9poux, apr\u00e8s avoir re\u00e7u un courrier notarial, fait un grave malaise. Que contient la myst\u00e9rieuse lettre que l'ex-conseiller du ministre de la Justice a ouverte ? Pourquoi lui a-t-elle caus\u00e9 un tel choc ?\r\nDerri\u00e8re le d\u00e9c\u00e8s du peu recommandable neveu du couple Bonnadieu se profile une sordide machination que le commandant Lester va avoir bien du mal \u00e0 d\u00e9brouiller.\r\nD\u00e9couvrez le tome 47 des aventures de Mary Lester, une enqu\u00eatrice originale et attachante !\r\nEXTRAIT\r\nIl faisait un temps de r\u00eave et la C\u00f4te d'\u00c9meraude n'avait jamais si bien m\u00e9rit\u00e9 son nom. Un ciel sans nuages, un l\u00e9ger vent d'ouest qui gonflait agr\u00e9ablement les voiles des quelques bateaux qui r\u00e9gataient sur une mer turquoise... Mary avait sous les yeux ces fairways et ces greens de l\u00e9gende que les disciples de Saint Andrew n'\u00e9voquent jamais sans des tr\u00e9molos dans la voix.\r\nLe terrain de Dinard Saint-Briac \u00e9tait en effet l'un des plus anciens golfs de France donc, pour les adeptes de la religion de la petite balle blanche, la r\u00e9f\u00e9rence oblig\u00e9e, un de ces lieux sacr\u00e9s o\u00f9 il convenait d'avoir, une fois au moins dans sa vie, plant\u00e9 son tee. Ce links2 avait pos\u00e9 ses \u00e9tendues de verdure parfaitement tondues sur une lande rustique, fleurie de bruy\u00e8res, et o\u00f9 le gen\u00eat et l'ajonc poussaient dans le d\u00e9sordre le plus d\u00e9brid\u00e9. Le mariage de ces deux conceptions, d'une nature s'\u00e9panouissant en pleine fantaisie et de ces pelouses anglaises parfaitement tondues, ces massifs parfaitement taill\u00e9s, ces trous de sable parfaitement ratiss\u00e9s \u00e9","authors":["Failler Jean"],"category_codes":["1000000","1010000"],"visuals":{"large":"https:\/\/images.epagine.fr\/866\/9782372600866_1_75.jpg","medium":"https:\/\/images.epagine.fr\/866\/9782372600866_1_m.jpg","thumbnail":"https:\/\/images.epagine.fr\/866\/9782372600866_1_v.jpg"},"orderable":true,"show_badge":true,"formatted_price":"11,00&nbsp;\u20ac","formatted_published_date":"22 avril 2017","publisher_availability_label":"Sur commande","short_details":"Failler Jean \u2014 \u00c9ditions du Pal\u00e9mon","translator":null,"weight":210,"page_count":null,"readership":null,"editor":"\u00c9ditions du Pal\u00e9mon","price":1100,"published_date":"2017-04-21T22:00:00.000000Z","support":"Poche","publisher_availability":1,"stock":0,"editions":[],"url":"https:\/\/quaidesbrumes.com\/ouvrage\/9782372600866\/mary-lester-t47-mary-lester-et-la-mysterieuse-affaire-bonnadieu-tome-2"},{"id":"9782258206571","title":"Une vie d'amour et de haine","description":"Deux portraits de femmes modernes, une m\u00e8re et sa fille, aux parcours complexes, des chemins de vie o\u00f9 se confondent l'amour, les d\u00e9sillusions, les drames, un pass\u00e9 obsessionnel pour l'une, l'h\u00e9ritage d'un trop lourd secret pour l'autre...\r\nPar l'auteure du Choix des apparences et de L'Impossible Pardon .\r\nLes Landes, entre mer et for\u00eat. \u00c9lodie, la trentaine, m\u00e8re d'un petit Ma\u00ebl, g\u00e8re avec passion l'exploitation foresti\u00e8re familiale. Elle sait les failles de son couple, engendr\u00e9es par la maladie chronique de son ?ls. Elle va souvent visiter sa m\u00e8re, Florence, atteinte d'Alzheimer. Psychiatre, celle-ci a aussi \u00e9t\u00e9 b\u00e9n\u00e9vole dans des services sp\u00e9cialis\u00e9s. Et, avant la naissance d'\u00c9lodie, elle a eu une premi\u00e8re famille, d\u00e9cim\u00e9e dans un accident de voiture. Elle ne l'\u00e9voquait jamais.\r\nUn jour, \u00c9lodie entend sa m\u00e8re, particuli\u00e8rement agit\u00e9e, tenir des propos bizarres, parler de faute impardonnable, de mort, de crime.\r\nIntrigu\u00e9e, elle entreprend des recherches en d\u00e9pit de sa g\u00eane \u00e0 s'immiscer dans l'intimit\u00e9 de l'\u00eatre qu'elle aime tant, sans deviner que ses d\u00e9couvertes vont l'entra\u00eener bien au-del\u00e0 de ce qu'elle imagine. Et bouleverser sa vie, jusqu'\u00e0 la r\u00e9v\u00e9lation du terrible secret...\r\n\r\nEntrem\u00ealant suspense et \u00e9motions, un roman captivant avec deux h\u00e9ro\u00efnes entre force et f\u00ealures.","authors":["Martine Delomme"],"category_codes":["1000000","1010000"],"visuals":{"large":"https:\/\/images.epagine.fr\/571\/9782258206571_1_75.jpg","medium":"https:\/\/images.epagine.fr\/571\/9782258206571_1_m.jpg","thumbnail":"https:\/\/images.epagine.fr\/571\/9782258206571_1_v.jpg"},"orderable":true,"show_badge":true,"formatted_price":"22,00&nbsp;\u20ac","formatted_published_date":"16 janvier 2025","publisher_availability_label":"Sur commande","short_details":"Martine Delomme \u2014 Les Presses de la Cit\u00e9","translator":null,"weight":364,"page_count":336,"readership":null,"editor":"Les Presses de la Cit\u00e9","price":2200,"published_date":"2025-01-15T23:00:00.000000Z","support":"Grand format","publisher_availability":1,"stock":0,"editions":[],"url":"https:\/\/quaidesbrumes.com\/ouvrage\/9782258206571\/une-vie-damour-et-de-haine"},{"id":"9782812940804","title":"La m\u00e9lodie des roses","description":"Alors que sa petite-fille pr\u00e9pare un concert avec un pianiste mondialement connu, Eva re\u00e7oit un bouquet de 80 roses rouges pour son anniversaire. Ce cadeau inattendu la replonge dans son pass\u00e9, son enfance tourment\u00e9e et ses amours de femme...\r\nCourageuse et d\u00e9termin\u00e9e, Eva a trac\u00e9 son chemin et assum\u00e9 ses choix. Et soudain, cette m\u00e9lodie envo\u00fbtante ravive en elle les \u00e9tapes de sa vie.","authors":["Judith Rapet"],"category_codes":["1000000","1010000"],"visuals":{"large":"https:\/\/images.epagine.fr\/804\/9782812940804_1_75.jpg","medium":"https:\/\/images.epagine.fr\/804\/9782812940804_1_m.jpg","thumbnail":"https:\/\/images.epagine.fr\/804\/9782812940804_1_v.jpg"},"orderable":true,"show_badge":true,"formatted_price":"5,95&nbsp;\u20ac","formatted_published_date":"26 f\u00e9vrier 2026","publisher_availability_label":"Sur commande","short_details":"Judith Rapet \u2014 De Bor\u00e9e","translator":null,"weight":142,"page_count":256,"readership":null,"editor":"De Bor\u00e9e","price":595,"published_date":"2026-02-25T23:00:00.000000Z","support":"Poche","publisher_availability":1,"stock":0,"editions":[],"url":"https:\/\/quaidesbrumes.com\/ouvrage\/9782812940804\/la-melodie-des-roses"},{"id":"9782260054887","title":"L'arbre ou la maison","description":"Apr\u00e8s une longue absence et la mort de leur m\u00e8re, deux fr\u00e8res lyonnais se rendent \u00e0 S\u00e9tif pour s'occuper de la maison familiale \u00e0 l'abandon. Tandis que Samy craint de retourner dans cette ville o\u00f9 il n'a plus de rep\u00e8res, Azouz veut assister \u00e0 la r\u00e9volution d\u00e9mocratique qui secoue le pays de leurs racines. Par-dessus tout, il esp\u00e8re retrouver Ryme, son amour de jeunesse. Mais une fois arriv\u00e9s, ils ne reconnaissent plus rien, et aux yeux des locaux, ils sont des inconnus venus de France. Seul le peuplier plant\u00e9 par leur p\u00e8re devant la maison, un demi-si\u00e8cle plus t\u00f4t, n'a pas boug\u00e9. Mais il a tellement pouss\u00e9 que ses racines en menacent les fondations. Un dilemme se pose : garder l'arbre ou la maison.\r\nDans ce roman ensoleill\u00e9, p\u00e9tri de tendresse et d'humanit\u00e9, Azouz Begag, avec un irr\u00e9sistible sens de l'humour, confronte la nostalgie de l'enfance \u00e0 la r\u00e9alit\u00e9 d'un pays en effervescence, r\u00e9solument tourn\u00e9 vers l'avenir par la soif de libert\u00e9.\r","authors":["Azouz Begag"],"category_codes":["1000000","1010000"],"visuals":{"large":"https:\/\/images.epagine.fr\/887\/9782260054887_1_75.jpg","medium":"https:\/\/images.epagine.fr\/887\/9782260054887_1_m.jpg","thumbnail":"https:\/\/images.epagine.fr\/887\/9782260054887_1_v.jpg"},"orderable":true,"show_badge":true,"formatted_price":"19,00&nbsp;\u20ac","formatted_published_date":"19 ao\u00fbt 2021","publisher_availability_label":"Sur commande","short_details":"Azouz Begag \u2014 \u00c9ditions Julliard","translator":null,"weight":350,"page_count":294,"readership":null,"editor":"\u00c9ditions Julliard","price":1900,"published_date":"2021-08-18T22:00:00.000000Z","support":"Grand format","publisher_availability":1,"stock":0,"editions":[],"url":"https:\/\/quaidesbrumes.com\/ouvrage\/9782260054887\/larbre-ou-la-maison"},{"id":"9782350878188","title":"Gar\u00e7on au coq noir","description":"Martin, onze ans, n'a qu'une chemise sur le dos et un coq noir sur l'\u00e9paule lorsqu'il embo\u00eete le pas d'un peintre itin\u00e9rant pour fuir le village o\u00f9, depuis toujours, on se m\u00e9fie de lui. Aux c\u00f4t\u00e9s de cet homme qui ne dessine que le beau, il d\u00e9joue les complots, traverse les rivi\u00e8res, se confronte aux loups, \u00e0 la faim, \u00e0 l'\u00e9puisement. Fort de sa ruse et de la complicit\u00e9 de son ami \u00e0 plumes, le gar\u00e7on secourt ceux qui, plus vuln\u00e9rables encore, se laissent submerger par les t\u00e9n\u00e8bres. Au terme de cette qu\u00eate, parviendra-t-il \u00e0 percer le myst\u00e8re qui se dissimule derri\u00e8re la l\u00e9gende du cavalier noir, ravisseur d'enfants ?\r\nGr\u00e2ce \u00e0 une \u00e9criture simple et captivante, Stefanie vor Schulte entoure chacun de ses mots d'une atmosph\u00e8re saisissante. Brutale et merveilleuse, cette fable gothique ancr\u00e9e dans un folklore lointain montre \u00e0 chacun de nous que l'espoir perce partout, m\u00eame au coeur de la nuit.","authors":["Stefanie Vor Schulte","Nicolas Veron"],"category_codes":["1000000","1010000"],"visuals":{"large":"https:\/\/images.epagine.fr\/188\/9782350878188_1_75.jpg","medium":"https:\/\/images.epagine.fr\/188\/9782350878188_1_m.jpg","thumbnail":"https:\/\/images.epagine.fr\/188\/9782350878188_1_v.jpg"},"orderable":true,"show_badge":true,"formatted_price":"19,00&nbsp;\u20ac","formatted_published_date":"25 ao\u00fbt 2022","publisher_availability_label":"Sur commande","short_details":"Stefanie Vor Schulte, Nicolas Veron \u2014 \u00c9ditions H\u00e9lo\u00efse d'Ormesson","translator":"NICOLAS VERON","weight":220,"page_count":202,"readership":null,"editor":"\u00c9ditions H\u00e9lo\u00efse d'Ormesson","price":1900,"published_date":"2022-08-24T22:00:00.000000Z","support":"Grand format","publisher_availability":1,"stock":0,"editions":[],"url":"https:\/\/quaidesbrumes.com\/ouvrage\/9782350878188\/garcon-au-coq-noir"},{"id":"9782365695749","title":"B\u00e9ni soit le p\u00e8re","description":"Rosa est n\u00e9e dans le quartier de San Nicola, l'un des plus pauvres de Bari. Parmi les maisons blanches bordant d'\u00e9troites ruelles qui courent vers la mer, la violence r\u00e8gne. Et chez Rosa, c'est son p\u00e8re, \u00ab Gueule d'ange \u00bb, qui fait r\u00e9gner la terreur. Au sortir de l'adolescence, elle rencontre Marco et, avec lui, la promesse d'un nouveau d\u00e9part. Elle l'\u00e9pouse et le suit \u00e0 Rome, o\u00f9 elle donne naissance \u00e0 Giulia, leur petite fille. Mais, tr\u00e8s vite, l'histoire se r\u00e9p\u00e8te et Rosa comprend que Marco n'est pas celui qu'elle croyait. Quand sa m\u00e8re tombe malade, la jeune femme n'a d'autre choix que de retourner sur les lieux de son enfance pour replonger dans son pass\u00e9, affronter sa haine pour son p\u00e8re et, peut-\u00eatre, emprunter le chemin du pardon.\r","authors":["Rosa Ventrella","Ana\u00efs Bouteille-Bokobza"],"category_codes":["1000000","1010000"],"visuals":{"large":"https:\/\/images.epagine.fr\/749\/9782365695749_1_75.jpg","medium":"https:\/\/images.epagine.fr\/749\/9782365695749_1_m.jpg","thumbnail":"https:\/\/images.epagine.fr\/749\/9782365695749_1_v.jpg"},"orderable":true,"show_badge":true,"formatted_price":"22,00&nbsp;\u20ac","formatted_published_date":"7 avril 2022","publisher_availability_label":"Sur commande","short_details":"Rosa Ventrella, Ana\u00efs Bouteille-Bokobza \u2014 \u00c9ditions Les Escales","translator":"ANAIS BOUTEILLE-BOKOBZA","weight":373,"page_count":256,"readership":null,"editor":"\u00c9ditions Les Escales","price":2200,"published_date":"2022-04-06T22:00:00.000000Z","support":"Grand format","publisher_availability":1,"stock":0,"editions":[],"url":"https:\/\/quaidesbrumes.com\/ouvrage\/9782365695749\/beni-soit-le-pere"},{"id":"9782365697446","title":"La foire aux fianc\u00e9s","description":"Un grand roman d'amour et d'amiti\u00e9 sur une \u00e9poque hant\u00e9e.\r\n\r\n\r\nParis, octobre 1913. Germaine et Louise se rencontrent sur les bancs de l'\u00e9cole. C'est le d\u00e9but d'une ardente amiti\u00e9, que vient percuter la Grande Guerre. Les p\u00e8res s'en vont, les m\u00e8res restent avec leurs filles. Cette guerre, qui assassine les uns et hante le regard des autres, donne la naus\u00e9e \u00e0 Germaine. Louise, elle, s'enflamme pour la patrie et ses soldats qui risquent leur vie pour elle. Les ann\u00e9es passent, sanglantes. Certains rentrent, d'autres non. C'est l'apr\u00e8s, suintant la guerre jusqu'\u00e0 la moelle.\r\n\r\n \r\n\r\n En 1924, sur l'\u00eele de la Grenouill\u00e8re, \u00e0 Chatou, on organise une  foire aux fianc\u00e9s , afin de former des couples qui  redonneront vie \u00e0 la patrie . On se regarde, on se fr\u00f4le, on valse sur Ne bercez pas mon coeur. Les deux amies sont de la f\u00eate. Louise attire tous les regards. Surtout celui de Ferdinand, dont la joue barr\u00e9e d'une cicatrice rappelle que la guerre continue bien apr\u00e8s le silence des armes.","authors":["Dominique Fouchard"],"category_codes":["1000000","1020000","1021200","1021207"],"visuals":{"large":"https:\/\/images.epagine.fr\/446\/9782365697446_1_75.jpg","medium":"https:\/\/images.epagine.fr\/446\/9782365697446_1_m.jpg","thumbnail":"https:\/\/images.epagine.fr\/446\/9782365697446_1_v.jpg"},"orderable":true,"show_badge":true,"formatted_price":"22,00&nbsp;\u20ac","formatted_published_date":"27 avril 2023","publisher_availability_label":"Sur commande","short_details":"Dominique Fouchard \u2014 \u00c9ditions Les Escales","translator":null,"weight":402,"page_count":368,"readership":null,"editor":"\u00c9ditions Les Escales","price":2200,"published_date":"2023-04-26T22:00:00.000000Z","support":"Grand format","publisher_availability":1,"stock":0,"editions":[],"url":"https:\/\/quaidesbrumes.com\/ouvrage\/9782365697446\/la-foire-aux-fiances"},{"id":"9791039203173","title":"Gaspard Hauser ou la paresse du coeur","description":"Un myst\u00e9rieux adolescent est recueilli par la police de Nuremberg en 1828. Il parle \u00e0 peine, ne sait qu'\u00e9crire son nom : Gaspard Hauser. Jakob Wassermann, grand auteur allemand du XXe si\u00e8cle, nous livre un thriller profond sur une figure qui n'a pas r\u00e9v\u00e9l\u00e9 tous ses secrets...\r\nUn jour de mai 1828, \u00e0 Nuremberg, on am\u00e8ne au capitaine Wessenig un jeune homme hagard qui ne sait qu'\u00e9crire son nom. Il tient une lettre \u00e0 la main, sign\u00e9e du pauvre journalier qui l'a recueilli treize ans plus t\u00f4t et qui sugg\u00e8re, si l'on ne peut le garder, de \" le pendre dans la chemin\u00e9e \"...\r\nWessenig soup\u00e7onne un coup mont\u00e9. Gaspard est plac\u00e9 chez le docteur Daumer et le bourgmestre parvient \u00e0 recueillir son t\u00e9moignage_: le vagabond a pass\u00e9 des ann\u00e9es dans une ge\u00f4le abjecte, tenu dans l'ignorance du monde. Peu \u00e0 peu, l'\u00e9dile se convainc qu'il n'est pas un \" enfant sauvage \", mais l'h\u00e9ritier l\u00e9gitime de la couronne de Bade, victime d'enjeux dynastiques... La rumeur prend forme, l'\u00e9trange affaire fait le tour de l'Europe. Ses jours sont en danger.\r\nJakob Wassermann a traduit de fa\u00e7on poignante les espoirs et les craintes de Gaspard, sa volont\u00e9 de reconqu\u00e9rir sa personnalit\u00e9 et de retrouver la voie de son destin, malgr\u00e9 la s\u00e9cheresse de coeur des hommes. Un drame de l'innocence bafou\u00e9e qui inspira \u00e9galement Hugo von Hofmannsthal, Paul Verlaine ou encore Peter Handke.","authors":["Jakob Wassermann","Romana Altdorf"],"category_codes":["1000000","1010000"],"visuals":{"large":"https:\/\/images.epagine.fr\/173\/9791039203173_1_75.jpg","medium":"https:\/\/images.epagine.fr\/173\/9791039203173_1_m.jpg","thumbnail":"https:\/\/images.epagine.fr\/173\/9791039203173_1_v.jpg"},"orderable":true,"show_badge":false,"formatted_price":"9,95&nbsp;\u20ac","formatted_published_date":"30 mars 2023","publisher_availability_label":"Sur commande","short_details":"Jakob Wassermann, Romana Altdorf \u2014 Archipoche","translator":"ROMANA ALTDORF","weight":204,"page_count":401,"readership":null,"editor":"Archipoche","price":995,"published_date":"2023-03-29T22:00:00.000000Z","support":"Poche","publisher_availability":1,"stock":1,"editions":["9782246460824","9782907695343"],"url":"https:\/\/quaidesbrumes.com\/ouvrage\/9791039203173\/gaspard-hauser-ou-la-paresse-du-coeur"},{"id":"9782351786567","title":"B comme bi\u00e8re : la bi\u00e8re expliqu\u00e9e aux (grands) enfants","description":"\u00c0 la veille de ses six ans, Gracie s'interroge. Quel est ce myst\u00e9rieux liquide que les adultes ingurgitent avec une telle satisfaction ? Si son p\u00e8re \u00e9lude ses questions sur la bi\u00e8re, l'Oncle Moe s'av\u00e8re plus loquace. Il propose m\u00eame \u00e0 sa ni\u00e8ce de l'emmener visiter la Brasserie Redhook. Mais quand elle apprend que la visite n'aura pas lieu, Gracie a un acc\u00e8s de col\u00e8re et engloutit une canette trouv\u00e9e dans le frigo. Elle voit alors surgir la sympathique F\u00e9e de la Bi\u00e8re. Commence alors pour la fillette un voyage fabuleux et instructif au pays de l'alcool couleur de miel.\r\n\r\nB comme bi\u00e8re est un conte enchanteur dont la lecture a l'art d'enivrer petits et grands. \u00c0 consommer sans mod\u00e9ration.","authors":["Tom Robbins","Fran\u00e7ois Happe"],"category_codes":["1000000","1010000"],"visuals":{"large":"https:\/\/images.epagine.fr\/567\/9782351786567_1_75.jpg","medium":"https:\/\/images.epagine.fr\/567\/9782351786567_1_m.jpg","thumbnail":"https:\/\/images.epagine.fr\/567\/9782351786567_1_v.jpg"},"orderable":true,"show_badge":true,"formatted_price":"7,10&nbsp;\u20ac","formatted_published_date":"23 octobre 2017","publisher_availability_label":"Sur commande","short_details":"Tom Robbins, Fran\u00e7ois Happe \u2014 Gallmeister","translator":"FRANCOIS HAPPE","weight":153,"page_count":160,"readership":null,"editor":"Gallmeister","price":710,"published_date":"2017-10-22T22:00:00.000000Z","support":"Poche","publisher_availability":1,"stock":0,"editions":[],"url":"https:\/\/quaidesbrumes.com\/ouvrage\/9782351786567\/b-comme-biere-la-biere-expliquee-aux-grands-enfants"},{"id":"9782757883594","title":"Monsieur le Commandant","description":"\u00c0 \u00ab Monsieur le Commandant \u00bb, Paul-Jean Husson adresse cette terrible lettre. Sign\u00e9e de la main d'un intellectuel, \u00e9crivain renomm\u00e9 et acad\u00e9micien. H\u00e9ros de la Grande Guerre \u00e9galement, attach\u00e9 \u00e0 la France de P\u00e9tain. Apr\u00e8s la d\u00e9faite de juin 40, son fils rejoint les r\u00e9sistants de Londres, laissant derri\u00e8re lui son \u00e9pouse Ilse. Paul-Jean Husson en tombe \u00e9perdument amoureux. Mais si sa nationalit\u00e9 allemande ne le d\u00e9range pas, il en va autrement de ses origines juives. Au point de le pousser aux derni\u00e8res limites de l'ignominie.","authors":["Romain Slocombe"],"category_codes":["1000000","1010000"],"visuals":{"large":"https:\/\/images.epagine.fr\/594\/9782757883594_1_75.jpg","medium":"https:\/\/images.epagine.fr\/594\/9782757883594_1_m.jpg","thumbnail":"https:\/\/images.epagine.fr\/594\/9782757883594_1_v.jpg"},"orderable":true,"show_badge":true,"formatted_price":"8,60&nbsp;\u20ac","formatted_published_date":"4 f\u00e9vrier 2021","publisher_availability_label":"Sur commande","short_details":"Romain Slocombe \u2014 Points","translator":null,"weight":160,"page_count":256,"readership":null,"editor":"Points","price":860,"published_date":"2021-02-03T23:00:00.000000Z","support":"Poche","publisher_availability":1,"stock":0,"editions":["9782841119462"],"url":"https:\/\/quaidesbrumes.com\/ouvrage\/9782757883594\/monsieur-le-commandant"},{"id":"9782956563556","title":"La grande descente","description":"Roman noir chez les prol\u00e9taires du rail : pour Marcel Cossu, \u00e7a commence par une descente de police apr\u00e8s une altercation aux cons\u00e9quences fatales. Surviennent ensuite des flashback o\u00f9 notre h\u00e9ros se rem\u00e9more, p\u00eale-m\u00eale, les moments pass\u00e9s en compagnie du \u00ab?Vieux?\u00bb, qui l'initie autant au m\u00e9tier de cheminot qu'aux joies du braconnage ; de sa fianc\u00e9e, avec laquelle il se comporte en voyou et qui lui fait des \u00ab?pauses?\u00bb ; ou de sa petite maman ch\u00e9rie qui fait d\u00e9filer les cousins\/amants. \u00c0 la fin, \u00e7a finit mal.\r","authors":["Roger Riffard"],"category_codes":["1000000","1010000"],"visuals":{"large":"https:\/\/images.epagine.fr\/556\/9782956563556_1_75.jpg","medium":"https:\/\/images.epagine.fr\/556\/9782956563556_1_m.jpg","thumbnail":"https:\/\/images.epagine.fr\/556\/9782956563556_1_v.jpg"},"orderable":true,"show_badge":false,"formatted_price":"17,00&nbsp;\u20ac","formatted_published_date":"7 mai 2021","publisher_availability_label":"Sur commande","short_details":"Roger Riffard \u2014 Bouclard","translator":null,"weight":401,"page_count":128,"readership":null,"editor":"Bouclard","price":1700,"published_date":"2021-05-06T22:00:00.000000Z","support":"Grand format","publisher_availability":1,"stock":1,"editions":[],"url":"https:\/\/quaidesbrumes.com\/ouvrage\/9782956563556\/la-grande-descente"},{"id":"9782493816788","title":"Les radley","description":"Ils n'ont qu'une addiction : le sang. Mais depuis plus de vingt ans, ils ont d\u00e9cid\u00e9 de renoncer \u00e0 leur p\u00e9ch\u00e9 mignon et de se d\u00e9sintoxiquer.\r\nPas facile d'\u00eatre un vampire urbain au XXIe si\u00e8cle ! Dans une banlieue british tout ce qu'il y a de plus respectable, les Radley essayent d\u00e9sesp\u00e9r\u00e9ment de se comporter comme \u00ab des gens normaux \u00bb. Mais des vampires de souche peuvent-ils d\u00e9finitivement refouler leurs d\u00e9sirs et leurs instincts ? Pas s\u00fbr...\r\n\u00c0 contre-courant de toutes les histoires de vampires d'hier et d'aujourd'hui, Matt Haig renouvelle le genre avec ce roman, f\u00e9roce et brillante satire de notre soci\u00e9t\u00e9 et aussi pur plaisir de lecture.","authors":["Matt Haig","Fran\u00e7oise Du Sorbier"],"category_codes":["1000000","1010000"],"visuals":{"large":"https:\/\/images.epagine.fr\/788\/9782493816788_1_75.jpg","medium":"https:\/\/images.epagine.fr\/788\/9782493816788_1_m.jpg","thumbnail":"https:\/\/images.epagine.fr\/788\/9782493816788_1_v.jpg"},"orderable":true,"show_badge":true,"formatted_price":"19,90&nbsp;\u20ac","formatted_published_date":"16 octobre 2024","publisher_availability_label":"Sur commande","short_details":"Matt Haig, Fran\u00e7oise Du Sorbier \u2014 Nami","translator":"FRANCOISE DU SORBIER","weight":448,"page_count":464,"readership":null,"editor":"Nami","price":1990,"published_date":"2024-10-15T22:00:00.000000Z","support":"Grand format","publisher_availability":1,"stock":0,"editions":[],"url":"https:\/\/quaidesbrumes.com\/ouvrage\/9782493816788\/les-radley"},{"id":"9782070456321","title":"Exercices de survie","description":"\u00abJ'\u00e9tais dans la p\u00e9nombre lambriss\u00e9e, discr\u00e8tement propice, du bar du Lutetia, quasiment d\u00e9sert. Mais ce n'\u00e9tait pas l'heure ; je veux dire, l'heure d'y \u00eatre en foule, l'heure d'y \u00eatre attendu ou d'y attendre quelqu'un. D'ailleurs, je n'attendais personne. J'y \u00e9tais entr\u00e9 pour \u00e9voquer \u00e0 l'aise quelques fant\u00f4mes du pass\u00e9. Dont le mien, probablement : jeune fant\u00f4me disponible du vieil \u00e9crivain que j'\u00e9tais devenu.\r\nJ'avais tout juste le d\u00e9sir d'\u00e9prouver mon existence, de la mettre \u00e0 l'\u00e9preuve.\u00bb Nous sommes en 2005, Jorge Semprun se confronte \u00e0 son pass\u00e9 et relate, comme il ne l'a encore jusque-l\u00e0 jamais fait, son exp\u00e9rience de la torture. Il nous offre un t\u00e9moignage sans pathos, r\u00e9cit \u00e0 la fois poignant et d\u00e9tach\u00e9, d'o\u00f9 se d\u00e9gage une perception philosophique pr\u00e9gnante. Un nouvel \u00e9clairage saisissant de ce que fut ce singulier penseur\r","authors":["Jorge Semprun","R\u00e9gis Debray"],"category_codes":["1000000","1010000"],"visuals":{"large":"https:\/\/images.epagine.fr\/321\/9782070456321_1_75.jpg","medium":"https:\/\/images.epagine.fr\/321\/9782070456321_1_m.jpg","thumbnail":"https:\/\/images.epagine.fr\/321\/9782070456321_1_v.jpg"},"orderable":true,"show_badge":true,"formatted_price":"7,60&nbsp;\u20ac","formatted_published_date":"13 f\u00e9vrier 2014","publisher_availability_label":"Sur commande","short_details":"Jorge Semprun, R\u00e9gis Debray \u2014 Folio","translator":null,"weight":94,"page_count":144,"readership":null,"editor":"Folio","price":760,"published_date":"2014-02-12T23:00:00.000000Z","support":"Poche","publisher_availability":1,"stock":0,"editions":["9782070139002"],"url":"https:\/\/quaidesbrumes.com\/ouvrage\/9782070456321\/exercices-de-survie"},{"id":"9782757829165","title":"Le livre des br\u00e8ves amours \u00e9ternelles","description":"Dans \u00ab Le Livre des br\u00e8ves amours \u00e9ternelles \u00bb, Andre\u00ef Makine revient encore une fois sur le th\u00e8me qui l'obs\u00e8de : l'amour humain. Mais il ne s'agit pas de l'amour charnel ou de l'amour partag\u00e9, au quotidien, avec ses hauts et ses bas, comme au sein d'un couple. Il s'agit d'un amour plus pur, plus intense, d\u00e9gag\u00e9 de nos basses contingences terrestres.\r\n\r\nDans ce recueil de nouvelles, qui ont pour cadre l'ex-URSS, Makine \u00e9voque diff\u00e9rentes situations : l'amour gratuit, d\u00e9sint\u00e9ress\u00e9 d'une jeune veuve pour son \u00e9poux perdu en mer, l'amour d'un petit bossu d\u00e9figur\u00e9 qui offre des fleurs \u00e0 un couple rayonnant de bonheur, l'amour serein et mutique d'une adolescente pour un camarade qu'elle accueille chez elle tous les mercredis, l'amour d'un opposant au r\u00e9gime, qui passera sa vie de prisons en goulags et ne cessera de penser \u00e0 celle qu'il a laiss\u00e9e derri\u00e8re lui...\r\n\r\nCes \u00ab brefs moments d'amour \u00e9ternel \u00bb s'accompagnent d'une sensation de pl\u00e9nitude, de simplicit\u00e9, o\u00f9 la nature et les \u00eatres apparaissent dans leur parfaite beaut\u00e9. Et Andre\u00ef Makine excelle dans l'art de restituer les situations, les d\u00e9tails concrets. Si bien que ces nouvelles peuvent aussi se lire comme de passionnantes vignettes sur la vie en URSS au XXe si\u00e8cle.\r\nPlus fort que la tyrannie communiste, plus fort que toutes les id\u00e9es et les gouvernements forg\u00e9s par les hommes, l'amour humain, vu par Makine, est un phare qui brille dans notre nuit d\u00e9sesp\u00e9r\u00e9e, dont l'\u00e9crivain est le gardien farouche. Ses faisceaux de lumi\u00e8re balaient la page et br\u00fblent les yeux du lecteur.\r\nPatrick Williams","authors":["Andre\u00ef Makine"],"category_codes":["1000000","1010000"],"visuals":{"large":"https:\/\/images.epagine.fr\/165\/9782757829165_1_75.jpg","medium":"https:\/\/images.epagine.fr\/165\/9782757829165_1_m.jpg","thumbnail":"https:\/\/images.epagine.fr\/165\/9782757829165_1_v.jpg"},"orderable":true,"show_badge":true,"formatted_price":"6,50&nbsp;\u20ac","formatted_published_date":"23 f\u00e9vrier 2012","publisher_availability_label":"Sur commande","short_details":"Andre\u00ef Makine \u2014 Points","translator":null,"weight":126,"page_count":216,"readership":null,"editor":"Points","price":650,"published_date":"2012-02-22T23:00:00.000000Z","support":"Poche","publisher_availability":1,"stock":0,"editions":["9782021033656"],"url":"https:\/\/quaidesbrumes.com\/ouvrage\/9782757829165\/le-livre-des-breves-amours-eternelles"},{"id":"9782253088714","title":"Le Chancellor","description":"Les passagers qui montent \u00e0 bord du Chancellor \u00e0 destination de Liverpool ignorent qu'ils s'appr\u00eatent \u00e0 vivre de terribles \u00e9preuves, dont ils ne sortiront pas tous vivants : incendie, temp\u00eate, naufrage, d\u00e9rive sur un radeau, cannibalisme... S'inspirant du tragique \u00e9pisode de la M\u00e9duse, Jules Verne \u00e9crit ce roman sous la forme d'un journal de bord ; \u00e0 travers les yeux d'un passager, le lecteur suit le destin d'hommes et de femmes luttant pour leur survie et dont la force morale ne surmontera pas toujours la sauvagerie. Sur le th\u00e8me de la fronti\u00e8re t\u00e9nue qui s\u00e9pare la civilisation de la barbarie, Jules Verne \u00e9crit l\u00e0, selon ses termes, un texte \u00ab d'un r\u00e9alisme effrayant \u00bb.\r\n\r\nIllustrations de l'\u00e9dition originale Hetzel.","authors":["Jules Verne"],"category_codes":["1000000","1010000"],"visuals":{"large":"https:\/\/images.epagine.fr\/714\/9782253088714_1_75.jpg","medium":"https:\/\/images.epagine.fr\/714\/9782253088714_1_m.jpg","thumbnail":"https:\/\/images.epagine.fr\/714\/9782253088714_1_v.jpg"},"orderable":true,"show_badge":true,"formatted_price":"7,90&nbsp;\u20ac","formatted_published_date":"29 octobre 2008","publisher_availability_label":"Sur commande","short_details":"Jules Verne \u2014 Le Livre de Poche","translator":null,"weight":142,"page_count":288,"readership":null,"editor":"Le Livre de Poche","price":790,"published_date":"2008-10-28T23:00:00.000000Z","support":"Poche","publisher_availability":1,"stock":0,"editions":["9782011852656","9782011949455","9782329171593","9780244787097","9791041838967"],"url":"https:\/\/quaidesbrumes.com\/ouvrage\/9782253088714\/le-chancellor"},{"id":"9782843046490","title":"Contrebande","description":"Premier roman d'Enrique Serpa, Contrebande d\u00e9peint \u00e0 merveille le monde turbulent et mis\u00e9rable de La Havane dans les ann\u00e9es vingt. \u00c0 travers l'agitation d'une foule de p\u00eacheurs, prostitu\u00e9es, contrebandiers, enfants mis\u00e9reux, on voit couver le feu qui embrasera l'\u00eele de Cuba o\u00f9 l'insolente fortune de quelques-uns nargue l'extr\u00eame d\u00e9nuement de la plupart.\r\nContrebande, c'est aussi l'histoire d'un face-\u00e0-face entre le propri\u00e9taire de La Buena Ventura plut\u00f4t l\u00e2che et mythomane, us\u00e9 par la d\u00e9bauche et Requin, le capitaine de bord, homme d'honneur et pirate \u00e0 ses heures. S'instaure vite une atmosph\u00e8re complexe, ambigu\u00eb, faite de m\u00e9pris et de domination sur fond de fascination.\r\nPubli\u00e9 en 1938, constamment r\u00e9\u00e9dit\u00e9, Contrabando est consid\u00e9r\u00e9 comme un classique de la litt\u00e9rature cubaine contemporaine.\r","authors":["Enrique Serpa","Claude Fell"],"category_codes":["1000000","1010000"],"visuals":{"large":"https:\/\/images.epagine.fr\/490\/9782843046490_1_75.jpg","medium":"https:\/\/images.epagine.fr\/490\/9782843046490_1_m.jpg","thumbnail":"https:\/\/images.epagine.fr\/490\/9782843046490_1_v.jpg"},"orderable":true,"show_badge":false,"formatted_price":"10,95&nbsp;\u20ac","formatted_published_date":"7 novembre 2013","publisher_availability_label":"Sur commande","short_details":"Enrique Serpa, Claude Fell \u2014 \u00c9ditions Zulma","translator":"CLAUDE FELL","weight":214,"page_count":288,"readership":null,"editor":"\u00c9ditions Zulma","price":1095,"published_date":"2013-11-06T23:00:00.000000Z","support":"Poche","publisher_availability":1,"stock":1,"editions":[],"url":"https:\/\/quaidesbrumes.com\/ouvrage\/9782843046490\/contrebande"},{"id":"9782020982962","title":"La vie d'un homme inconnu","description":"\u00ab Il sait d\u00e9sormais que les seuls mots dignes d'\u00eatre \u00e9crits surgissent quand la parole est impossible \u00bb.\r\n\r\n\u00ab Tous les jours regarde le ciel, au moins un instant, je le ferai aussi \u00bb.\r\nCe d\u00e9part pour Saint-P\u00e9tersbourg annonce un de ces voyages myst\u00e9rieux o\u00f9 nous cherchons non pas \u00e0 changer de pays mais \u00e0 changer notre vie. Choutov, \u00e9crivain et ancien dissident, esp\u00e8re fuir ainsi l'impasse de sa liaison avec L\u00e9a, \u00e9prouver de nouveau l'incandescence de ses id\u00e9aux de jeunesse et surtout retrouver la femme dont il \u00e9tait amoureux trente ans auparavant.\r\n\r\nSon \u00e9vasion le m\u00e8nera vers une Russie inconnue o\u00f9, \u00e0 la fois indign\u00e9, abasourdi et condamn\u00e9 \u00e0 comprendre, il d\u00e9couvrira l'exemple d'un amour qui se r\u00e9v\u00e9lera la v\u00e9ritable destination de son voyage.\r\n\r\nDans ce livre dense et puissant, Makine fait rena\u00eetre le destin passionnant de sa patrie, loin des clich\u00e9s qui accompagnent la douloureuse \u00e9mergence de la \" nouvelle Russie \". Ses personnages expriment par leur engagement la justesse de la c\u00e9l\u00e8bre parole de Dosto\u00efevski sur la beaut\u00e9 appel\u00e9e \u00e0 sauver le monde.","authors":["Andre\u00ef Makine"],"category_codes":["1000000","1010000"],"visuals":{"large":"https:\/\/images.epagine.fr\/962\/9782020982962_1_75.jpg","medium":"https:\/\/images.epagine.fr\/962\/9782020982962_1_m.jpg","thumbnail":"https:\/\/images.epagine.fr\/962\/9782020982962_1_v.jpg"},"orderable":true,"show_badge":true,"formatted_price":"21,30&nbsp;\u20ac","formatted_published_date":"22 janvier 2009","publisher_availability_label":"Sur commande","short_details":"Andre\u00ef Makine \u2014 Le Seuil","translator":null,"weight":294,"page_count":292,"readership":null,"editor":"Le Seuil","price":2130,"published_date":"2009-01-21T23:00:00.000000Z","support":"Grand format","publisher_availability":1,"stock":0,"editions":[],"url":"https:\/\/quaidesbrumes.com\/ouvrage\/9782020982962\/la-vie-dun-homme-inconnu"},{"id":"9782812939211","title":"Le chemin des larmes","description":"Ruben se passionne pour les chemins de fer naissants.\r\nPour ses 12 ans, son p\u00e8re lui offre son premier voyage en train. Au cours du trajet, il rencontre un myst\u00e9rieux personnage qui le subjugue : Paulin Talabot, le grand initiateur des chemins de fer fran\u00e7ais.\r\nQuelques mois plus tard, ses parents recueillent une fillette, Marie. Ils grandissent c\u00f4te \u00e0 c\u00f4te, comme fr\u00e8re et soeur. Avec les ann\u00e9es, Ruben s'\u00e9prend de Marie, qui refuse de lui accorder son amour. Boulevers\u00e9 par son refus, Ruben d\u00e9cide de quitter le mas familial. Le jour de ses 20 ans, en 1864, contre l'avis de son p\u00e8re, il se fait engager sur les chantiers de chemin de fer. Commence pour Ruben une vie faite de rencontres, d'amour, de dangers et de r\u00e9volte.","authors":["Christian Laborie"],"category_codes":["1000000","1010000"],"visuals":{"large":"https:\/\/images.epagine.fr\/211\/9782812939211_1_75.jpg","medium":"https:\/\/images.epagine.fr\/211\/9782812939211_1_m.jpg","thumbnail":"https:\/\/images.epagine.fr\/211\/9782812939211_1_v.jpg"},"orderable":true,"show_badge":true,"formatted_price":"9,40&nbsp;\u20ac","formatted_published_date":"12 octobre 2023","publisher_availability_label":"Sur commande","short_details":"Christian Laborie \u2014 De Bor\u00e9e","translator":null,"weight":236,"page_count":448,"readership":null,"editor":"De Bor\u00e9e","price":940,"published_date":"2023-10-11T22:00:00.000000Z","support":"Poche","publisher_availability":1,"stock":0,"editions":["9782258146228"],"url":"https:\/\/quaidesbrumes.com\/ouvrage\/9782812939211\/le-chemin-des-larmes"}]}