{"data":[{"id":"9782253156673","title":"Je suis un \u00e9crivain japonais","description":"C'est l'histoire d'un homme qui ne fait rien, ou presque. Il prend des bains. Relit le po\u00e8te japonais Bash\u00f4. \u00c9crit \u00e0 peine. Fait l'amour avec Midori. Apprend qu'il est c\u00e9l\u00e8bre \u00e0 Tokyo. C\u00e9l\u00e8bre \u00e0 Tokyo ? Un jour, dans une interview, il a annonc\u00e9 que son prochain livre s'intitulerait Je suis un \u00e9crivain japonais. Et tout s'est emball\u00e9. L'histoire d\u00e9rape. La police arrive.Une v\u00e9ritable tendresse pour l'humanit\u00e9, une bonne dose de d\u00e9sespoir, beaucoup d'ironie, un tout petit peu de d\u00e9sillusion et une grand rire pour laisser croire que tout bonheur est \u00e0 port\u00e9e de main. [...] l'un des romans les plus dr\u00f4les, les plus tendres, mais aussi les plus troublants de ces derniers mois.Yves Hart\u00e9, Sud Ouest. Dany Laferri\u00e8re touche, sans en avoir l'air, \u00e0 des sujets essentiels, comme l'identit\u00e9 ou les nationalismes litt\u00e9raires. St\u00e9phane Hoffmann, Madame Figaro.\r","authors":["Dany Laferri\u00e8re"],"category_codes":["1000000","1010000"],"visuals":{"large":"https:\/\/images.epagine.fr\/673\/9782253156673_1_75.jpg","medium":"https:\/\/images.epagine.fr\/673\/9782253156673_1_m.jpg","thumbnail":"https:\/\/images.epagine.fr\/673\/9782253156673_1_v.jpg"},"orderable":true,"show_badge":true,"formatted_price":"7,40&nbsp;\u20ac","formatted_published_date":"28 novembre 2012","publisher_availability_label":"Sur commande","short_details":"Dany Laferri\u00e8re \u2014 Le Livre de Poche","translator":null,"weight":134,"page_count":216,"readership":null,"editor":"Le Livre de Poche","price":740,"published_date":"2012-11-27T23:00:00.000000Z","support":"Poche","publisher_availability":1,"stock":0,"editions":["9782246718017"],"url":"https:\/\/quaidesbrumes.com\/ouvrage\/9782253156673\/je-suis-un-ecrivain-japonais"},{"id":"9782290374108","title":"L'entrave","description":"\u00abCrois-moi, il se peut que je cesse d'exister \u00e0 cause de ton absence, puisque je t'aime.\u00bbRen\u00e9e regarde l'amour comme une aventure l\u00e9g\u00e8re et agr\u00e9able, quoiqu'un peu douloureuse parfois. Comme une parenth\u00e8se, jamais comme une entrave.Mais elle rencontre Jean et, bien vite, elle sent le poids de cet homme peser sur son coeur. Elle r\u00e9siste, tente de pr\u00e9server sa libert\u00e9. Mais doit-elle lutter? Ne doit-elle pas accepter de se plier \u00e0 ce nouvel amour, si diff\u00e9rent de tous les autres? A-t-elle seulement le choix?Journal intime de la m\u00e9tamorphose d'une femme qui apprend \u00e0 accepter sa d\u00e9pendance vis-\u00e0-vis de son amant, L'Entrave est l'un des romans les plus touchants de Colette.\r","authors":["Colette"],"category_codes":["1000000","1010000"],"visuals":{"large":"https:\/\/images.epagine.fr\/108\/9782290374108_1_75.jpg","medium":"https:\/\/images.epagine.fr\/108\/9782290374108_1_m.jpg","thumbnail":"https:\/\/images.epagine.fr\/108\/9782290374108_1_v.jpg"},"orderable":true,"show_badge":true,"formatted_price":"3,00&nbsp;\u20ac","formatted_published_date":"20 avril 2022","publisher_availability_label":"Sur commande","short_details":"Colette \u2014 J'ai Lu","translator":null,"weight":142,"page_count":144,"readership":null,"editor":"J'ai Lu","price":300,"published_date":"2022-04-19T22:00:00.000000Z","support":"Poche","publisher_availability":1,"stock":0,"editions":["9782080604729"],"url":"https:\/\/quaidesbrumes.com\/ouvrage\/9782290374108\/lentrave"},{"id":"9782809711547","title":"Le ch\u00e2teau de Yodo","description":"Un roman historique qui se situe dans le Japon du XVIe si\u00e8cle et qui se d\u00e9roule comme une trag\u00e9die antique pleine de bruit et de fureur, sur fond de batailles et de ch\u00e2teaux incendi\u00e9s. Un magnifique portrait de femme, celui de la ch\u00e2telaine de Yodo, dissimulant un coeur vibrant de passion derri\u00e8re la beaut\u00e9 impassible d'un masque de N\u00f4, et qui devra, dans les flammes du ch\u00e2teau d'\u00d4saka, faire face \u00e0 son destin.\r","authors":["Yasushi Inou\u00e9","Corinne Atlan"],"category_codes":["1000000","1010000"],"visuals":{"large":"https:\/\/images.epagine.fr\/547\/9782809711547_1_75.jpg","medium":"https:\/\/images.epagine.fr\/547\/9782809711547_1_m.jpg","thumbnail":"https:\/\/images.epagine.fr\/547\/9782809711547_1_v.jpg"},"orderable":true,"show_badge":false,"formatted_price":"11,00&nbsp;\u20ac","formatted_published_date":"7 janvier 2016","publisher_availability_label":"Sur commande","short_details":"Yasushi Inou\u00e9, Corinne Atlan \u2014 \u00c9ditions Picquier","translator":"CORINNE ATLAN","weight":276,"page_count":392,"readership":null,"editor":"\u00c9ditions Picquier","price":1100,"published_date":"2016-01-06T23:00:00.000000Z","support":"Poche","publisher_availability":1,"stock":1,"editions":[],"url":"https:\/\/quaidesbrumes.com\/ouvrage\/9782809711547\/le-chateau-de-yodo"},{"id":"9782357071674","title":"Un ciel rempli d'oiseaux","description":"Dans ce court r\u00e9cit, Antoine Choplin rend hommage \u00e0 Ceija Stojka, cette artiste inclassable.\r\nLors d'une c\u00e9r\u00e9monie en l'honneur de l'artiste et alors qu'un homme en complet d\u00e9roule un discours officiel, la narratrice, ami d'enfance de Ceija Stojka et complice de vie, se souvient de son parcours hors norme.\r\nD\u00e9port\u00e9e \u00e0 l'\u00e2ge de dix ans, Ceija Stojka survit \u00e0 trois camps de concentration, Auschwitz, Ravensbr\u00fcck et Bergen-Belsen. C'est \u00e0 cinquante-cinq ans qu'elle rompt le silence et se lance dans un travail de m\u00e9moire, lequel donne naissance \u00e0 plusieurs r\u00e9cits et \u00e0 plus d'un millier de dessins et de tableaux alors qu'elle est autodidacte.\r\nLe livre est accompagn\u00e9e d'illustrations de Ceija Stojka.\r","authors":["Antoine Choplin"],"category_codes":["1000000","1010000"],"visuals":{"large":"https:\/\/images.epagine.fr\/674\/9782357071674_1_75.jpg","medium":"https:\/\/images.epagine.fr\/674\/9782357071674_1_m.jpg","thumbnail":"https:\/\/images.epagine.fr\/674\/9782357071674_1_v.jpg"},"orderable":true,"show_badge":true,"formatted_price":"16,00&nbsp;\u20ac","formatted_published_date":"14 octobre 2021","publisher_availability_label":"Sur commande","short_details":"Antoine Choplin \u2014 La Fosse aux Ours","translator":null,"weight":126,"page_count":92,"readership":null,"editor":"La Fosse aux Ours","price":1600,"published_date":"2021-10-13T22:00:00.000000Z","support":"Grand format","publisher_availability":1,"stock":0,"editions":[],"url":"https:\/\/quaidesbrumes.com\/ouvrage\/9782357071674\/un-ciel-rempli-doiseaux"},{"id":"9782757822746","title":"Orages ordinaires","description":"Adam Kindred trouve un homme poignard\u00e9 dans sa chambre d'h\u00f4tel. Paniqu\u00e9, il fuit en laissant ses empreintes. T\u00e9moin g\u00eanant et coupable id\u00e9al, il n'a qu'une solution : dispara\u00eetre. En deux jours, il se d\u00e9pouille de tout et rejoint la foule invisible des marginaux. Traqu\u00e9 jusque dans les bas-fonds de Londres, Adam lutte pour s'extirper des filets d'un inconcevable complot.\r\n\r\nN\u00e9 au Ghana en 1952, William Boyd a enseign\u00e9 la litt\u00e9rature \u00e0 Oxford avant de se consacrer \u00e0 l'\u00e9criture, il est l'un des \u00e9crivains les plus dou\u00e9s de sa g\u00e9n\u00e9ration. Tous ses ouvrages sont disponibles en Points.","authors":["William Boyd","Christiane Besse"],"category_codes":["1000000","1010000"],"visuals":{"large":"https:\/\/images.epagine.fr\/746\/9782757822746_1_75.jpg","medium":"https:\/\/images.epagine.fr\/746\/9782757822746_1_m.jpg","thumbnail":"https:\/\/images.epagine.fr\/746\/9782757822746_1_v.jpg"},"orderable":true,"show_badge":true,"formatted_price":"9,20&nbsp;\u20ac","formatted_published_date":"21 avril 2011","publisher_availability_label":"Sur commande","short_details":"William Boyd, Christiane Besse \u2014 Points","translator":"CHRISTIANE BESSE","weight":269,"page_count":497,"readership":null,"editor":"Points","price":920,"published_date":"2011-04-20T22:00:00.000000Z","support":"Poche","publisher_availability":1,"stock":0,"editions":[],"url":"https:\/\/quaidesbrumes.com\/ouvrage\/9782757822746\/orages-ordinaires"},{"id":"9782253066941","title":"Un homme \u00e0 distance","description":"\u00ab Ceci est l'histoire de Kay Bartholdi. Un jour, Kay est entr\u00e9e dans mon restaurant. Elle a pos\u00e9 une grosse liasse de lettres sur la table. Elle m'a dit : Tu en fais ce que tu veux, je ne veux plus les garder. \u00bb Ainsi commence ce roman par lettres comme on en \u00e9crivait au XVIIIe si\u00e8cle. Il raconte la liaison \u00e9pistolaire de Kay Bartholdi, libraire \u00e0 F\u00e9camp, et d'un inconnu qui lui \u00e9crit pour commander des livres. Au fil des lettres, le ton devient moins officiel, plus inquisiteur, plus tendre aussi. Kay et Jonathan parlent de leurs lectures, certes, mais entament un vrai dialogue amoureux. Ils se font des sc\u00e8nes, ils se font des confidences, ils se tendent des pi\u00e8ges, s'engagent dans une relation que Kay, hant\u00e9e par le souvenir d'une d\u00e9chirure ancienne, s'efforce de repousser.\r\nMais qui pourrait pr\u00e9dire vers quelle r\u00e9v\u00e9lation l'emm\u00e8ne ce nouveau lien nou\u00e9 \u00e0 travers des livres dont chacun des correspondants se sert comme de masques pour cacher ses vrais sentiments ? Dis-moi ce que tu lis, je te dirai qui tu es et comment tu aimes... semble dire ce nouveau roman de Katherine Pancol, auteur, entre autres, d'Embrassez-moi, J'\u00e9tais l\u00e0 avant ou Les hommes cruels ne courent pas les rues.","authors":["Katherine Pancol"],"category_codes":["1000000","1010000"],"visuals":{"large":"https:\/\/images.epagine.fr\/941\/9782253066941_1_75.jpg","medium":"https:\/\/images.epagine.fr\/941\/9782253066941_1_m.jpg","thumbnail":"https:\/\/images.epagine.fr\/941\/9782253066941_1_v.jpg"},"orderable":true,"show_badge":true,"formatted_price":"7,70&nbsp;\u20ac","formatted_published_date":"3 mars 2004","publisher_availability_label":"Sur commande","short_details":"Katherine Pancol \u2014 Le Livre de Poche","translator":null,"weight":108,"page_count":160,"readership":null,"editor":"Le Livre de Poche","price":770,"published_date":"2004-03-02T23:00:00.000000Z","support":"Poche","publisher_availability":1,"stock":0,"editions":[],"url":"https:\/\/quaidesbrumes.com\/ouvrage\/9782253066941\/un-homme-a-distance"},{"id":"9782290258651","title":"Le Nez : suivi du Manteau","description":"Les nez ne m\u00e8nent pas une existence paisible \u00e0 Saint-P\u00e9tersbourg : ils peuvent se perdre et se retrouver n'importe o\u00f9, comme dans le pain du barbier Iakovlevitch, qui fait tout pour se d\u00e9barrasser de l'intrus avant qu'on ne l'accuse. De son c\u00f4t\u00e9, le pauvre Kovaliov tente de r\u00e9cup\u00e9rer par tous les moyens son nez disparu. Mais celui-ci, d\u00e9cid\u00e9ment tr\u00e8s ind\u00e9pendant, pr\u00e9f\u00e8re devenir conseiller d'\u00c9tat et porter de beaux uniformes brod\u00e9s d'or plut\u00f4t que de reprendre sa place initiale. Tir\u00e9s des Nouvelles de P\u00e9tersbourg, \u00abLe Nez\u00bb et \u00abLe Manteau\u00bb surprennent par leur humour. Les rebondissements incongrus et le style d\u00e9sopilant de Gogol font de la lecture de ces nouvelles un v\u00e9ritable plaisir.","authors":["Gogol Nicolas"],"category_codes":["1000000","1010000"],"visuals":{"large":"https:\/\/images.epagine.fr\/651\/9782290258651_1_75.jpg","medium":"https:\/\/images.epagine.fr\/651\/9782290258651_1_m.jpg","thumbnail":"https:\/\/images.epagine.fr\/651\/9782290258651_1_v.jpg"},"orderable":true,"show_badge":true,"formatted_price":"2,00&nbsp;\u20ac","formatted_published_date":"17 mars 2021","publisher_availability_label":"Sur commande","short_details":"Gogol Nicolas \u2014 J'ai Lu","translator":null,"weight":86,"page_count":80,"readership":null,"editor":"J'ai Lu","price":200,"published_date":"2021-03-16T23:00:00.000000Z","support":"Poche","publisher_availability":1,"stock":0,"editions":[],"url":"https:\/\/quaidesbrumes.com\/ouvrage\/9782290258651\/le-nez-suivi-du-manteau"},{"id":"9791041834792","title":"Kernok le pirate","description":"\"Kernok le Pirate\" est un roman \u00e9crit par Eug\u00e8ne Sue, un \u00e9crivain fran\u00e7ais du XIXe si\u00e8cle. Voici un r\u00e9sum\u00e9 de l'oeuvre :\r\n\"Kernok le Pirate\" plonge les lecteurs dans un monde d'aventures maritimes, de piraterie et de rebondissements. L'histoire suit le personnage principal, Kernok, un pirate audacieux et rus\u00e9, \u00e0 travers une s\u00e9rie d'\u00e9v\u00e9nements tumultueux.\r\nKernok, \u00e9galement connu sous le surnom de \"Le Boiteux\", est un pirate redout\u00e9 des mers. Il est craint par les marins et respect\u00e9 par ses \u00e9quipages. L'intrigue suit ses exploits, ses combats et ses \u00e9vasions alors qu'il navigue \u00e0 travers les oc\u00e9ans, pillant les navires marchands et semant la terreur.\r\nCependant, sous la fa\u00e7ade d'un pirate impitoyable, Kernok cache \u00e9galement une histoire personnelle et des motivations complexes. Au fil de l'histoire, des secrets sont r\u00e9v\u00e9l\u00e9s, des alliances sont form\u00e9es et des conflits surgissent, mettant en lumi\u00e8re les diff\u00e9rentes facettes de la personnalit\u00e9 de Kernok.\r\nLe roman \"Kernok le Pirate\" offre des \u00e9l\u00e9ments classiques de l'aventure et de la piraterie, avec des duels, des tr\u00e9sors cach\u00e9s et des p\u00e9rip\u00e9ties en mer. Il m\u00e9lange \u00e9galement des \u00e9l\u00e9ments de drame et de myst\u00e8re en explorant les motivations et les \u00e9motions des personnages.","authors":["Eug\u00e8ne Sue"],"category_codes":["1000000","1010000"],"visuals":{"large":"https:\/\/images.epagine.fr\/792\/9791041834792_1_75.jpg","medium":"https:\/\/images.epagine.fr\/792\/9791041834792_1_m.jpg","thumbnail":"https:\/\/images.epagine.fr\/792\/9791041834792_1_v.jpg"},"orderable":true,"show_badge":true,"formatted_price":"11,99&nbsp;\u20ac","formatted_published_date":"26 ao\u00fbt 2023","publisher_availability_label":"Sur commande","short_details":"Eug\u00e8ne Sue \u2014 Culturea","translator":null,"weight":141,"page_count":80,"readership":null,"editor":"Culturea","price":1199,"published_date":"2023-08-25T22:00:00.000000Z","support":"Grand format","publisher_availability":1,"stock":0,"editions":[],"url":"https:\/\/quaidesbrumes.com\/ouvrage\/9791041834792\/kernok-le-pirate"},{"id":"9782379412134","title":"Les marrons","description":"Les Marrons a pour h\u00e9ros Fr\u00eame, un petit Noir issu de la traite n\u00e9gri\u00e8re (clandestine) dans le sud-ouest de l'oc\u00e9an Indien. Il est contraint \u00e0 l'Atelier colonial puis r\u00e9cup\u00e9r\u00e9 par le directeur du lieu pour en faire le jouet de ses deux jeunes enfants. Ceux-ci grandissant, on le renvoie \u00e0 l'Atelier pour devenir charpentier. Tourment\u00e9 par le souvenir de son amour d'enfance, il retrouve Marie avant de choisir la fuite dans la for\u00eat chez les \"marrons\", ces esclaves qui ont choisi la libert\u00e9 au p\u00e9ril de leur vie. Ils y d\u00e9couvriront des r\u00e9sistants, illustrant le r\u00eave de fraternit\u00e9 d'un auteur qui croyait \u00e0 la fusion des races pour atteindre l'harmonie. Avec son c\u00f4t\u00e9 romantique, ses \u00e9pisodes violents et son id\u00e9al, Les Marrons imposa un message en un temps o\u00f9 la libert\u00e9 restait illusoire.","authors":["Louis-Timag\u00e8ne Houat"],"category_codes":["1000000","1010000"],"visuals":{"large":"https:\/\/images.epagine.fr\/134\/9782379412134_1_75.jpg","medium":"https:\/\/images.epagine.fr\/134\/9782379412134_1_m.jpg","thumbnail":"https:\/\/images.epagine.fr\/134\/9782379412134_1_v.jpg"},"orderable":true,"show_badge":true,"formatted_price":"8,50&nbsp;\u20ac","formatted_published_date":"3 f\u00e9vrier 2023","publisher_availability_label":"Sur commande","short_details":"Louis-Timag\u00e8ne Houat \u2014 \u00c9ditions de l'Arbre vengeur","translator":null,"weight":94,"page_count":140,"readership":null,"editor":"\u00c9ditions de l'Arbre vengeur","price":850,"published_date":"2023-02-02T23:00:00.000000Z","support":"Poche","publisher_availability":1,"stock":0,"editions":[],"url":"https:\/\/quaidesbrumes.com\/ouvrage\/9782379412134\/les-marrons"},{"id":"9782070399055","title":"L'enchanteresse de Florence","description":"Un jeune homme blond dress\u00e9 sur un char \u00e0 boeufs entre \u00e0 la cour du Grand Moghol, au coeur des Indes. S'il recherche l'empereur, c'est pour lui raconter sa vie. Il est le fils de l'Enchanteresse de Florence, une princesse moghole oubli\u00e9e, ma\u00eetresse sulfureuse d'un soldat florentin, \u00e0 la beaut\u00e9 envo\u00fbtante et aux pouvoirs myst\u00e9rieux. Leurs destins fabuleux embrassent l'Orient conqu\u00e9rant et contemplatif comme l'Occident sensuel de la Renaissance florentine. D'une cour \u00e0 l'autre, au rythme des complots et des intrigues, se croisent sorci\u00e8res et f\u00ealons, courtisans, voyageurs et prostitu\u00e9es... Moderne Sh\u00e9h\u00e9razade, Salman Rushdie allie \u00e0 l'histoire du XVI? si\u00e8cle la magie des contes et prouve de nouveau, dans ce roman foisonnant, qu'il a le don de charmer ses lecteurs.","authors":["Salman Rushdie","G\u00e9rard Meudal"],"category_codes":["1000000","1010000"],"visuals":{"large":"https:\/\/images.epagine.fr\/055\/9782070399055_1_75.jpg","medium":"https:\/\/images.epagine.fr\/055\/9782070399055_1_m.jpg","thumbnail":"https:\/\/images.epagine.fr\/055\/9782070399055_1_v.jpg"},"orderable":true,"show_badge":true,"formatted_price":"10,00&nbsp;\u20ac","formatted_published_date":"28 janvier 2010","publisher_availability_label":"Sur commande","short_details":"Salman Rushdie, G\u00e9rard Meudal \u2014 Folio","translator":"GERARD MEUDAL","weight":231,"page_count":480,"readership":null,"editor":"Folio","price":1000,"published_date":"2010-01-27T23:00:00.000000Z","support":"Poche","publisher_availability":1,"stock":0,"editions":[],"url":"https:\/\/quaidesbrumes.com\/ouvrage\/9782070399055\/lenchanteresse-de-florence"},{"id":"9782382671733","title":"La V\u00e9nus anatomique","description":"En 1752, l'Europe en dentelles est teint\u00e9e de sang. Julien de la Mettrie, dont les ouvrages ont jadis \u00e9t\u00e9 br\u00fbl\u00e9s, m\u00e8ne une vie sans histoire derri\u00e8re les remparts de Saint-Malo. Un soir, son repos est troubl\u00e9 par la convocation fort d\u00e9plaisante du Secret du Roi, un cabinet obscur qui souhaite l'exposer aux feux de Versailles... Une telle invitation ne se refuse pas et ainsi bascule la vie de la Mettrie.\r\nEntre biom\u00e9caniciens et sculpteurs de chair, monarques cyniques, s\u00e9ducteurs emperruqu\u00e9s et femmes de t\u00eate rencontr\u00e9s en des lieux que la morale r\u00e9prouve - magasin d'enfants, mausol\u00e9e des plaisirs ou manufacture de cadavres - plane en coulisse l'ombre m\u00e9canique des automates...\r\n\u00a0 \r\nPrix Rosny a\u00een\u00e9\r\n\u00a0 \r\n\u00ab Une uchronie savoureuse, agilement \u00e9crite dans le style de l'\u00e9poque par un philosophe de la n\u00f4tre. \u00bb Fr\u00e9d\u00e9rique Roussel,\u00a0 Lib\u00e9ration\r\n\u00a0 \r\nDipl\u00f4m\u00e9 en philosophie et sciences des religions,\u00a0 Xavier Maum\u00e9jean\u00a0 est \u00e9crivain et auteur de plusieurs pi\u00e8ces dramatiques pour France Culture. Naviguant entre roman historique, science- fiction, fantastique et polar, il est laur\u00e9at des prix Rosny a\u00een\u00e9 et G\u00e9rardmer.\r\n\u00a0 \r\n\u00c9dition r\u00e9vis\u00e9e et augment\u00e9e\r\n\u00a0","authors":["Xavier Maum\u00e9jean"],"category_codes":["1000000","1010000"],"visuals":{"large":"https:\/\/images.epagine.fr\/733\/9782382671733_1_75.jpg","medium":"https:\/\/images.epagine.fr\/733\/9782382671733_1_m.jpg","thumbnail":"https:\/\/images.epagine.fr\/733\/9782382671733_1_v.jpg"},"orderable":true,"show_badge":true,"formatted_price":"20,00&nbsp;\u20ac","formatted_published_date":"14 mai 2025","publisher_availability_label":"Sur commande","short_details":"Xavier Maum\u00e9jean \u2014 \u00c9ditions Mn\u00e9mos","translator":null,"weight":294,"page_count":240,"readership":"Tout public","editor":"\u00c9ditions Mn\u00e9mos","price":2000,"published_date":"2025-05-13T22:00:00.000000Z","support":"Grand format","publisher_availability":1,"stock":0,"editions":[],"url":"https:\/\/quaidesbrumes.com\/ouvrage\/9782382671733\/la-venus-anatomique"},{"id":"9782226503329","title":"Les Royaumes de Bor\u00e9e","description":"Imaginez une fronti\u00e8re aux confins septentrionaux de l'Europe. Elle court au nord et \u00e0 l'est sur quelques quatre cent soixante dix lieues, traverse d'interminables for\u00eats, des plaines spongieuses sem\u00e9es de lacs couleur de plomb. Elle enjambe des mar\u00e9cages et des rivi\u00e8res torrentueuses roulant vers des destinations incertaines. Au-del\u00e0 s'\u00e9tend la Bor\u00e9e, une contr\u00e9e dont on ne sait rien sinon qu'elle est le royaume d'un petit homme couleur d'\u00e9corce qui manie l'arc et le javelot mais que nul n'a jamais approch\u00e9. Quel est son nom ? Qui est-il ? Quelle est sa destin\u00e9e sur cette terre ?    \r\n    Aux h\u00e9ros de cette histoire, il aura fallu plus de trois si\u00e8cles, du XVIe \u00e0 nos jours, d'aventures, de batailles, d'assauts, de poursuites et de r\u00eaves, pour atteindre les myst\u00e9rieuses r\u00e9ponses \u00e0 ces questions qui ne l'\u00e9taient pas moins. Leur qu\u00eate a \u00e9t\u00e9 la mienne. Elle a donn\u00e9 sens \u00e0 nos vies, mais c'est du petit homme au javelot, survivant d'un monde r\u00e9volu, que surgira l'ultime lumi\u00e8re, juste avant qu'elle ne s'\u00e9teigne...   \r\n  J. R.","authors":["Jean Raspail","Etienne de Montety"],"category_codes":["1000000","1010000"],"visuals":{"large":"https:\/\/images.epagine.fr\/329\/9782226503329_1_75.jpg","medium":"https:\/\/images.epagine.fr\/329\/9782226503329_1_m.jpg","thumbnail":"https:\/\/images.epagine.fr\/329\/9782226503329_1_v.jpg"},"orderable":true,"show_badge":true,"formatted_price":"22,90&nbsp;\u20ac","formatted_published_date":"30 avril 2025","publisher_availability_label":"Sur commande","short_details":"Jean Raspail, Etienne de Montety \u2014 Albin Michel","translator":null,"weight":475,"page_count":336,"readership":"Tout public","editor":"Albin Michel","price":2290,"published_date":"2025-04-29T22:00:00.000000Z","support":"Grand format","publisher_availability":1,"stock":0,"editions":[],"url":"https:\/\/quaidesbrumes.com\/ouvrage\/9782226503329\/les-royaumes-de-boree"},{"id":"9782213731544","title":"Soft Core","description":"Jambes \u00e9lanc\u00e9es. Cheveux ch\u00e2tain. Coeur mall\u00e9able. \u00c0 vingt-sept ans, Ruth vit toujours chez son ex-compagnon Dino, un dealeur fantaisiste avec un penchant pour la lingerie fine. Son quotidien ? Regarder la t\u00e9l\u00e9vision et compter ses espoirs d\u00e9\u00e7us. Quand elle commence \u00e0 se produire dans un strip-club, la jeune femme se change en Baby, une danseuse intr\u00e9pide dont le physique quelconque attire les gros bras de la finance comme les zonards du coin. Plong\u00e9e dans un monde de lap dances et de fantasmes opaques, sa vie semble enfin commencer - puis Dino dispara\u00eet, et sa derni\u00e8re attache s'envole.\r\n\u00a0 \r\nParaphilies, strip-tease, BDSM : \u00e9vocation suave des marges am\u00e9ricaines et du travail du sexe, Soft Core pose la question de l'identit\u00e9 dans un monde toujours plus ind\u00e9chiffrable. Comment \u00eatre soi-m\u00eame quand on n'est que le fantasme d'autrui ?\r\n\u00a0 \r\nTraduit de l'anglais (\u00c9tats-Unis) par Diniz Galhos\r\n\u00a0 \r\nBrittany Newell est \u00e9crivaine et performeuse. Elle vit \u00e0 San Francisco, o\u00f9 elle travaille comme ma\u00eetresse domina.\u00a0 Soft Core\u00a0 est son deuxi\u00e8me roman.","authors":["Brittany Newell","Diniz Galhos"],"category_codes":["1000000","1010000"],"visuals":{"large":"https:\/\/images.epagine.fr\/544\/9782213731544_1_75.jpg","medium":"https:\/\/images.epagine.fr\/544\/9782213731544_1_m.jpg","thumbnail":"https:\/\/images.epagine.fr\/544\/9782213731544_1_v.jpg"},"orderable":true,"show_badge":true,"formatted_price":"24,00&nbsp;\u20ac","formatted_published_date":"27 ao\u00fbt 2025","publisher_availability_label":"Sur commande","short_details":"Brittany Newell, Diniz Galhos \u2014 PAUVERT","translator":"DINIZ GALHOS","weight":510,"page_count":336,"readership":"Tout public","editor":"PAUVERT","price":2400,"published_date":"2025-08-26T22:00:00.000000Z","support":"Grand format","publisher_availability":1,"stock":0,"editions":["9780008670429","9780008670399"],"url":"https:\/\/quaidesbrumes.com\/ouvrage\/9782213731544\/soft-core"},{"id":"9782810442065","title":"Crime \u00e0 l'encre blanche","description":"Dans cette enqu\u00eate, le tr\u00e8s singulier commandant Antoine Brahms est confront\u00e9 \u00e0 un corps myst\u00e9rieusement noy\u00e9, marqu\u00e9 d'un tatouage \u00e9nigmatique li\u00e9 \u00e0 la Kabbale. Au coeur d'un labyrinthe de mensonges, de manipulations et de relations toxiques, il doit naviguer \u00e0 travers les m\u00e9andres de\u00a0 l'addiction et de\u00a0 l'adult\u00e8re. Ces cha\u00eenes entrem\u00eal\u00e9es le conduiront \u00e0 des r\u00e9v\u00e9lations qui d\u00e9fient\u00a0 l'entendement...\r\n\r\nCoup de coeur Prix Suspense 2025","authors":["Laurent Reynart"],"category_codes":["1000000","1010000"],"visuals":{"large":"https:\/\/images.epagine.fr\/065\/9782810442065_1_75.jpg","medium":"https:\/\/images.epagine.fr\/065\/9782810442065_1_m.jpg","thumbnail":"https:\/\/images.epagine.fr\/065\/9782810442065_1_v.jpg"},"orderable":true,"show_badge":true,"formatted_price":"18,95&nbsp;\u20ac","formatted_published_date":"10 septembre 2025","publisher_availability_label":"Sur commande","short_details":"Laurent Reynart \u2014 Les Laur\u00e9ats","translator":null,"weight":255,"page_count":224,"readership":"Tout public","editor":"Les Laur\u00e9ats","price":1895,"published_date":"2025-09-09T22:00:00.000000Z","support":"Grand format","publisher_availability":1,"stock":0,"editions":[],"url":"https:\/\/quaidesbrumes.com\/ouvrage\/9782810442065\/crime-a-lencre-blanche"},{"id":"9782366246360","title":"Asc\u00e8se","description":"\u00ab Ce fut la graine d'o\u00f9 a fleuri toute mon oeuvre ; tout ce que j'ai pu \u00e9crire ne fut qu'un commentaire et une illustration d'Asc\u00e8se \u00bb, \u00e9crivit Nikos Kazantzaki \u00e0 la fin de sa vie.\r\nCompos\u00e9 en 1923, lorsque, r\u00e9sidant \u00e0 Berlin, Kazantzaki nourrissait le d\u00e9sir de faire oeuvre d'\u00e9crivain sans avoir encore produit ce qui pourrait constituer le noyau de son travail, ce texte est la v\u00e9ritable matrice de tous ses \u00e9crits \u00e0 venir. Marqu\u00e9 par le communisme, qu'il d\u00e9couvre alors, et la philosophie de ses deux grands ma\u00eetres, Bergson et Nietzsche, il d\u00e9cide de r\u00e9diger ce qui fondera le socle de sa pens\u00e9e.\r\nCon\u00e7u sur le mod\u00e8le du Manuel d'\u00c9pict\u00e8te, il offre au lecteur un v\u00e9ritable viatique, proposant une m\u00e9thodologie de l'asc\u00e8se qui vise \u00e0 progresser \u00ab par degr\u00e9s \u00bb vers une ultime lib\u00e9ration, quand bien m\u00eame celle-ci demeure sans cesse \u00e0 reconqu\u00e9rir.\r","authors":["Nikos Kazantzakis","Ren\u00e9 Bouchet"],"category_codes":["1000000","1010000"],"visuals":{"large":"https:\/\/images.epagine.fr\/360\/9782366246360_1_75.jpg","medium":"https:\/\/images.epagine.fr\/360\/9782366246360_1_m.jpg","thumbnail":"https:\/\/images.epagine.fr\/360\/9782366246360_1_v.jpg"},"orderable":true,"show_badge":true,"formatted_price":"15,00&nbsp;\u20ac","formatted_published_date":"2 f\u00e9vrier 2022","publisher_availability_label":"Sur commande","short_details":"Nikos Kazantzakis, Ren\u00e9 Bouchet \u2014 \u00c9ditions Cambourakis","translator":"RENE BOUCHET","weight":116,"page_count":96,"readership":null,"editor":"\u00c9ditions Cambourakis","price":1500,"published_date":"2022-02-01T23:00:00.000000Z","support":"Grand format","publisher_availability":1,"stock":0,"editions":[],"url":"https:\/\/quaidesbrumes.com\/ouvrage\/9782366246360\/ascese"},{"id":"9782365695824","title":"Ce que nous d\u00e9sirons le plus","description":"Un jour une amie meurt, et en mourant au monde elle me fait na\u00eetre \u00e0 moi-m\u00eame. Ce qui nous unit : un livre. Son dernier roman, mon premier roman, enlac\u00e9s dans un seul volume. Une si belle histoire.\r\nCinq ans plus tard, le sol se d\u00e9robe sous mes pieds \u00e0 la lecture d'un autre livre, qui brise le silence d'une famille incestueuse. Mon coeur se fige ; je ne respire plus. Ces \u00eatres que j'aimais, et qui m'aimaient, n'\u00e9taient donc pas ceux que je croyais ?\r\nJe n'\u00e9tais pas la victime de ce drame. Pourtant une douleur inconnue creusait un trou en moi.\r\nPendant un an, j'ai lutt\u00e9 contre le chagrin et la folie. Je pensais avoir tout perdu : ma joie, mes rep\u00e8res, ma confiance, mon d\u00e9sir. \u00c9crire \u00e9tait impossible. C'\u00e9tait oublier les consolations profondes. La beaut\u00e9 du monde. Le corps en mouvement. L'\u00e9lan des femmes qui \u00e9crivent : Deborah Levy, Annie Ernaux, Joan Didion... Alors s'accrocher vaille que vaille. Un matin, l'\u00e9criture reviendra.","authors":["Caroline Laurent"],"category_codes":["1000000","1010000"],"visuals":{"large":"https:\/\/images.epagine.fr\/824\/9782365695824_1_75.jpg","medium":"https:\/\/images.epagine.fr\/824\/9782365695824_1_m.jpg","thumbnail":"https:\/\/images.epagine.fr\/824\/9782365695824_1_v.jpg"},"orderable":true,"show_badge":true,"formatted_price":"20,00&nbsp;\u20ac","formatted_published_date":"18 ao\u00fbt 2022","publisher_availability_label":"Sur commande","short_details":"Caroline Laurent \u2014 \u00c9ditions Les Escales","translator":null,"weight":238,"page_count":224,"readership":null,"editor":"\u00c9ditions Les Escales","price":2000,"published_date":"2022-08-17T22:00:00.000000Z","support":"Grand format","publisher_availability":1,"stock":0,"editions":[],"url":"https:\/\/quaidesbrumes.com\/ouvrage\/9782365695824\/ce-que-nous-desirons-le-plus"},{"id":"9782259314169","title":"Km 930","description":"Une femme de son temps.\r\nUn homme du pass\u00e9.\r\nUne exp\u00e9rience de vie imminente.\r\nPour un voyage interdit.\r\n930 km d'un amour fou \u00e0 perdre la raison. Au volant de sa vieille Alfa Romeo, Lisa s'\u00e9lance sur la Route Bleue qui relie Paris \u00e0 la M\u00e9diterran\u00e9e. Quand des signes myst\u00e9rieux viennent jalonner son p\u00e9riple. Lisa panique, tente de fuir. Mais un secret bien enfoui la rattrape.\r\nVal\u00e9rie Fayolle nous plonge, avec ce premier roman, aux fronti\u00e8res de l'invisible. Un carnet de route qui \u00e9voque le temps perdu, l 'obsession du bonheur, la qu\u00eate de l'amour inconditionnel et l'incapacit\u00e9 d'oublier.","authors":["Val\u00e9rie Fayolle"],"category_codes":["1000000","1010000"],"visuals":{"large":"https:\/\/images.epagine.fr\/169\/9782259314169_1_75.jpg","medium":"https:\/\/images.epagine.fr\/169\/9782259314169_1_m.jpg","thumbnail":"https:\/\/images.epagine.fr\/169\/9782259314169_1_v.jpg"},"orderable":true,"show_badge":true,"formatted_price":"19,90&nbsp;\u20ac","formatted_published_date":"2 mars 2023","publisher_availability_label":"Sur commande","short_details":"Val\u00e9rie Fayolle \u2014 Plon","translator":null,"weight":370,"page_count":272,"readership":null,"editor":"Plon","price":1990,"published_date":"2023-03-01T23:00:00.000000Z","support":"Grand format","publisher_availability":1,"stock":0,"editions":[],"url":"https:\/\/quaidesbrumes.com\/ouvrage\/9782259314169\/km-930"},{"id":"9782070362264","title":"Pierrot mon ami","description":"\u00abCe silence, cette nuit, ces rues \u00e9troites, tout disposait Pierrot \u00e0 ne penser \u00e0 rien de pr\u00e9cis. Il regardait \u00e0 droite, \u00e0 gauche, comme pour accrocher quelque part ses petites curiosit\u00e9s, mais ne trouvait rien - tout au plus les enseignes, et qui ne valaient pas les billes de l'avenue de Chaillot. Il songea un instant \u00e0 visiter le bobinard de cette sous-pr\u00e9fecture, mais il ne rencontrait personne pour le renseigner. Finalement il se perdit. Il traversait maintenant une petite banlieue ouvri\u00e8re, avec des manufactures ici et l\u00e0. Plus loin, Pierrot atteignit une route assez large, avec un double lis\u00e9r\u00e9 d'arbres, peut-\u00eatre nationale ? peut-\u00eatre d\u00e9partementale ? Il marcha encore quelques instants. Il entendit tout pr\u00e8s de lui un grand cri, un cri de femme, un cri de peur.\u00bb","authors":["Raymond Queneau"],"category_codes":["1000000","1010000"],"visuals":{"large":"https:\/\/images.epagine.fr\/264\/9782070362264_1_75.jpg","medium":"https:\/\/images.epagine.fr\/264\/9782070362264_1_m.jpg","thumbnail":"https:\/\/images.epagine.fr\/264\/9782070362264_1_v.jpg"},"orderable":true,"show_badge":true,"formatted_price":"8,10&nbsp;\u20ac","formatted_published_date":"17 octobre 1972","publisher_availability_label":"Sur commande","short_details":"Raymond Queneau \u2014 Folio","translator":null,"weight":140,"page_count":224,"readership":null,"editor":"Folio","price":810,"published_date":"1972-10-16T23:00:00.000000Z","support":"Poche","publisher_availability":1,"stock":0,"editions":[],"url":"https:\/\/quaidesbrumes.com\/ouvrage\/9782070362264\/pierrot-mon-ami"},{"id":"9782377354443","title":"Moscou","description":"Zakhari Mirkin, jeune bourgeois d\u00e9juda\u00efs\u00e9, a fui les salons p\u00e9tersbourgeois pour le \u00ab royaume des gueux \u00bb : les villes juives de Pologne, o\u00f9 s'entrechoquent les id\u00e9aux du Bund et du sionisme (Varsovie).\r\nAux premi\u00e8res heures de la R\u00e9volution, Zakhari d\u00e9couvre la \u00ab Babel moderne \u00bb qu'est devenue Moscou. \u00c0 P\u00e9tersbourg, la demeure des Halperine est r\u00e9quisitionn\u00e9e par les Gardes rouges, ne laissant aux ma\u00eetres des lieux que le refuge de deux chambres o\u00f9 ils br\u00fblent leurs livres et leurs meubles pour se chauffer. Acquis aux id\u00e9es nouvelles, Zakhari ne songe qu'\u00e0 lib\u00e9rer, avec l'humanit\u00e9 tout enti\u00e8re, les masses juives de Pologne.\r\nLe face \u00e0 face du fils et du p\u00e8re, le r\u00e9volutionnaire et l'ennemi du peuple, fait resurgir l'amour qu'ils se portent de part et d'autre de l'ab\u00eeme. Malgr\u00e9 l'intercession de son fils, Gabriel Mirkin mourra dans les caves de la Loubianka, d'une balle dans la nuque...\r\n\u00ab Moscou, apog\u00e9e de la trilogie, r\u00e9unit les protagonistes des volumes pr\u00e9c\u00e9dents et les place face \u00e0 leur destin. Toute l'Europe en guerre y transite, avec ses convois de trains transportant les Juifs des zones frontali\u00e8res, entass\u00e9s dans des wagons comme du b\u00e9tail, les prisonniers bless\u00e9s, assoiff\u00e9s, qui inspirent des gestes de solidarit\u00e9 aux paysans dont les fils meurent quelque part aux confins du continent. Le myst\u00e8re de Schalom Asch, c'est cette capacit\u00e9 \u00e0 donner vie \u00e0 chacun simultan\u00e9ment. \u00bb (Rachel Erthel)","authors":["Schalom Asch","Rachel Ertel"],"category_codes":["1000000","1010000"],"visuals":{"large":"https:\/\/images.epagine.fr\/443\/9782377354443_1_75.jpg","medium":"https:\/\/images.epagine.fr\/443\/9782377354443_1_m.jpg","thumbnail":"https:\/\/images.epagine.fr\/443\/9782377354443_1_v.jpg"},"orderable":true,"show_badge":true,"formatted_price":"8,95&nbsp;\u20ac","formatted_published_date":"28 mai 2020","publisher_availability_label":"Sur commande","short_details":"Schalom Asch, Rachel Ertel \u2014 Archipoche","translator":"RACHEL ERTEL","weight":324,"page_count":570,"readership":null,"editor":"Archipoche","price":895,"published_date":"2020-05-27T22:00:00.000000Z","support":"Poche","publisher_availability":1,"stock":0,"editions":["9782913867345"],"url":"https:\/\/quaidesbrumes.com\/ouvrage\/9782377354443\/moscou"},{"id":"9782253934363","title":"Chim\u00e8res","description":"\u00ab Je m'\u00e9tais toujours int\u00e9ress\u00e9e aux histoires passionnelles, donc je m'int\u00e9ressai \u00e0 Mme Talbot et \u00e0 William Mullan. Je croyais en la passion comme d'autres croient en Dieu : tout en d\u00e9coule. \u00bb Parce que la passion est la grande affaire de sa vie, Kathleen veut \u00e9crire sur le scandale que suscita, peu apr\u00e8s la grande famine, la liaison entre une aristocrate anglaise du XIXe si\u00e8cle et son palefrenier irlandais. Mais ses recherches la confrontent insidieusement \u00e0 son propre pass\u00e9 : dans un va-et-vient entre l'Irlande de 1850 et celle de son enfance, elle met en lumi\u00e8re les fatalit\u00e9s de l'histoire.\r\nPortrait en miroir de deux femmes dont la passion a \u00e9t\u00e9 la perte, ce formidable roman, \u00e0 l'issue inattendue autant que magnifique, fait surgir les questions lancinantes de l'exil, de la solitude, de la sexualit\u00e9 et des chim\u00e8res de l'amour.\r","authors":["Nuala O'faolain","Stephane Camille"],"category_codes":["1000000","1010000"],"visuals":{"large":"https:\/\/images.epagine.fr\/363\/9782253934363_1_75.jpg","medium":"https:\/\/images.epagine.fr\/363\/9782253934363_1_m.jpg","thumbnail":"https:\/\/images.epagine.fr\/363\/9782253934363_1_v.jpg"},"orderable":true,"show_badge":true,"formatted_price":"8,90&nbsp;\u20ac","formatted_published_date":"26 f\u00e9vrier 2020","publisher_availability_label":"Sur commande","short_details":"Nuala O'faolain, Stephane Camille \u2014 Le Livre de Poche","translator":"STEPHANE CAMILLE","weight":342,"page_count":696,"readership":null,"editor":"Le Livre de Poche","price":890,"published_date":"2020-02-25T23:00:00.000000Z","support":"Poche","publisher_availability":1,"stock":0,"editions":["9782848052205"],"url":"https:\/\/quaidesbrumes.com\/ouvrage\/9782253934363\/chimeres"},{"id":"9782283037164","title":"Album","description":"C'est un ab\u00e9c\u00e9daire choisi. Il va de Arbres \u00e0 Vaches en passant par Chemins, Journal, ou Tracteurs. Ce serait l'os des choses, leur velours ; et comme une d\u00e9claration d'amour r\u00e9p\u00e9t\u00e9e vingt-six fois.","authors":["Marie-H\u00e9l\u00e8ne Lafon"],"category_codes":["1000000","1010000"],"visuals":{"large":"https:\/\/images.epagine.fr\/164\/9782283037164_1_75.jpg","medium":"https:\/\/images.epagine.fr\/164\/9782283037164_1_m.jpg","thumbnail":"https:\/\/images.epagine.fr\/164\/9782283037164_1_v.jpg"},"orderable":true,"show_badge":true,"formatted_price":"12,00&nbsp;\u20ac","formatted_published_date":"5 janvier 2023","publisher_availability_label":"Sur commande","short_details":"Marie-H\u00e9l\u00e8ne Lafon \u2014 \u00c9ditions Buchet\/Chastel","translator":null,"weight":114,"page_count":96,"readership":null,"editor":"\u00c9ditions Buchet\/Chastel","price":1200,"published_date":"2023-01-04T23:00:00.000000Z","support":"Grand format","publisher_availability":1,"stock":0,"editions":[],"url":"https:\/\/quaidesbrumes.com\/ouvrage\/9782283037164\/album"},{"id":"9782080476937","title":"Ma brillante carri\u00e8re","description":"Sybylla Melvyn na\u00eet en 1880 dans une famille de propri\u00e9taires terriens d\u00e9class\u00e9e de l'outback australien. Elle abhorre ces interminables journ\u00e9es de labeur durant lesquelles, se morfond-elle, son esprit ronge des cha\u00eenes que rien ne peut briser. Elle r\u00eave plut\u00f4t de devenir \u00e9crivain - au grand dam de sa m\u00e8re, qui d\u00e9plore d'avoir enfant\u00e9 une fille caract\u00e9rielle, laide avec cela, et sans aucun avenir. Lorsqu'elle l'envoie vivre chez sa grand-m\u00e8re, sur la riche propri\u00e9t\u00e9 de Caddagat, la jeune fille est ivre de joie. Entre deux cavalcades endiabl\u00e9es, elle rencontre bient\u00f4t l'h\u00e9ritier du ranch voisin, Harold Beecham, qui semble appr\u00e9cier son temp\u00e9rament rebelle et ses reparties malicieuses. Et c'est heureux, car entre ses d\u00e9sirs d'\u00e9mancipation et ses ambitions litt\u00e9raires, Sybylla entend bien vivre libre, en tra\u00e7ant son propre chemin. Tour \u00e0 tour dr\u00f4le et touchant, ce roman d'apprentissage port\u00e9 par la voix unique de Miles Franklin est devenu un classique de la litt\u00e9rature australienne. Pionni\u00e8re du f\u00e9minisme dans son pays, \u00e0 l'image de son h\u00e9ro\u00efne, la toute jeune \u00e9crivaine de vingt-deux ans met en lumi\u00e8re dans Ma brillante carri\u00e8re des personnages inoubliables de v\u00e9rit\u00e9 et de fougue.","authors":["Miles Franklin"],"category_codes":["1000000","1010000"],"visuals":{"large":"https:\/\/images.epagine.fr\/937\/9782080476937_1_75.jpg","medium":"https:\/\/images.epagine.fr\/937\/9782080476937_1_m.jpg","thumbnail":"https:\/\/images.epagine.fr\/937\/9782080476937_1_v.jpg"},"orderable":true,"show_badge":true,"formatted_price":"23,00&nbsp;\u20ac","formatted_published_date":"5 f\u00e9vrier 2025","publisher_availability_label":"Sur commande","short_details":"Miles Franklin \u2014 Autrement","translator":"NELLY LHERMILLIER","weight":410,"page_count":376,"readership":null,"editor":"Autrement","price":2300,"published_date":"2025-02-04T23:00:00.000000Z","support":"Grand format","publisher_availability":1,"stock":0,"editions":[],"url":"https:\/\/quaidesbrumes.com\/ouvrage\/9782080476937\/ma-brillante-carriere"},{"id":"9782266253512","title":"Les Rochefort","description":"En 1898 \u00e0 N\u00eemes, un b\u00e9b\u00e9 est abandonn\u00e9 dans un couvent. Sept ans plus tard, Donatien Rouvi\u00e8re, riche paysan des C\u00e9vennes, en qu\u00eate d'un fils, adopte le jeune orphelin nomm\u00e9 Vincent Janvier.\r\nLes terres des Rouvi\u00e8re jouxtent la propri\u00e9t\u00e9 d'Anselme Rochefort, h\u00e9ritier d'une famille d'industriels du textile qui prosp\u00e8re gr\u00e2ce au commerce de la toile de Jean, l'amenant \u00e0 faire affaire aux \u00c9tats-Unis avec un certain Levi Strauss.\r\n\u00c0 l'heure des bouleversements qui secouent la France, ces deux familles que tout s\u00e9pare vont sceller leur destin par l'amour, l'argent et le poids d'un lourd secret.\r","authors":["Christian Laborie"],"category_codes":["1000000","1010000"],"visuals":{"large":"https:\/\/images.epagine.fr\/512\/9782266253512_1_75.jpg","medium":"https:\/\/images.epagine.fr\/512\/9782266253512_1_m.jpg","thumbnail":"https:\/\/images.epagine.fr\/512\/9782266253512_1_v.jpg"},"orderable":true,"show_badge":true,"formatted_price":"9,60&nbsp;\u20ac","formatted_published_date":"19 mars 2015","publisher_availability_label":"Sur commande","short_details":"Christian Laborie \u2014 Pocket","translator":null,"weight":332,"page_count":672,"readership":null,"editor":"Pocket","price":960,"published_date":"2015-03-18T23:00:00.000000Z","support":"Poche","publisher_availability":1,"stock":0,"editions":["9782258094376"],"url":"https:\/\/quaidesbrumes.com\/ouvrage\/9782266253512\/les-rochefort"},{"id":"9791038700420","title":"Mai en automne","description":"Au gr\u00e9 des folies de l'adolescence, du jeu sans fin des fian\u00e7ailles et des adult\u00e8res, des petits et grands d\u00e9sastres du mariage bourgeois, s'entrelacent les destins heureux ou tragiques des femmes qui habitent ce roman gigogne, construit par bonds et retours fulgurants comme pour tout saisir de l'appel d\u00e9sesp\u00e9r\u00e9 du d\u00e9sir, tandis que le bonheur se d\u00e9robe comme un r\u00eave d'enfance.\r\nTout commence avec l'innocente Marie Granville, servante d'une riche ferme du Cotentin pendant et apr\u00e8s la Seconde Guerre mondiale. L'admirable portrait de cette ing\u00e9nue ouvre le bal d'une grande fresque captivante et sensible.\r","authors":["Chantal Creusot"],"category_codes":["1000000","1010000"],"visuals":{"large":"https:\/\/images.epagine.fr\/420\/9791038700420_1_75.jpg","medium":"https:\/\/images.epagine.fr\/420\/9791038700420_1_m.jpg","thumbnail":"https:\/\/images.epagine.fr\/420\/9791038700420_1_v.jpg"},"orderable":true,"show_badge":true,"formatted_price":"10,95&nbsp;\u20ac","formatted_published_date":"3 juin 2021","publisher_availability_label":"Sur commande","short_details":"Chantal Creusot \u2014 \u00c9ditions Zulma","translator":null,"weight":214,"page_count":288,"readership":null,"editor":"\u00c9ditions Zulma","price":1095,"published_date":"2021-06-02T22:00:00.000000Z","support":"Poche","publisher_availability":1,"stock":0,"editions":[],"url":"https:\/\/quaidesbrumes.com\/ouvrage\/9791038700420\/mai-en-automne"}]}